{"id":19519,"date":"2025-06-19T21:42:15","date_gmt":"2025-06-19T21:42:15","guid":{"rendered":"https:\/\/principesdeparis.es\/principes\/?p=19519"},"modified":"2025-06-19T21:42:15","modified_gmt":"2025-06-19T21:42:15","slug":"liso-anuncia-su-marcha-al-getafe-antes-que-el-real-zaragoza","status":"publish","type":"post","link":"https:\/\/principesdeparis.es\/principes\/liso-anuncia-su-marcha-al-getafe-antes-que-el-real-zaragoza\/","title":{"rendered":"Liso anuncia su marcha al Getafe antes que el Real Zaragoza"},"content":{"rendered":"<p class=\"\">El Real Zaragoza no ha anunciado nada oficial a\u00fan, pero Adri\u00e1n Liso se ha adelantado en sus redes sociales para confirmar con una extensa y emotiva carga de despedida la consumaci\u00f3n del acuerdo de cesi\u00f3n por una temporada al Getafe, que en caso de querer quedarse con el 50% de los derechos del futbolista deber\u00e1 pagar tres millones de euros al final de la pr\u00f3xima temporada por una relaci\u00f3n contractual hasta 20230. En caso contrario, el extremo aragon\u00e9s volver\u00eda a la disciplina del conjunto aragon\u00e9s, con el que tiene contrato hasta 2029.<\/p>\n<p>El pr\u00e9stamo, despu\u00e9s de que Bordal\u00e1s intentara su fichaje el pasado verano con una oferta azulona de 4 millones\u00a0 por el 60% del pase, rechazada por el Real Zaragoza, que remiti\u00f3 a su cl\u00e1usula de 15 millones, se fragu\u00f3 como condici\u00f3n para que Gabi Fern\u00e1ndez, procedente del Getafe B, llegar\u00e1 al banquillo de La Romareda en sustituci\u00f3n de Miguel \u00c1ngel Ram\u00edrez y con el equipo inmerso en una dura pelea por la salvaci\u00f3n. Liso explot\u00f3 en la recta final de la campa\u00f1a 2023-2024, de la mano de V\u00edctor Fern\u00e1ndez. Su verticalidad, descaro y potencia en el disparo le convirtieron en referente del ataque zaragocista y de la permanencia, virtudes que le valieron la renovaci\u00f3n hasta. El pasado curso lo sobrellev\u00f3 con demasiados dientes de sierra en su rendimiento, a la baja seg\u00fan avanzaban las jornadas y se le alternaban en diferentes posiciones y roles que acabaron por\u00a0 confundirle.<\/p>\n<p>El delantero, de 20 a\u00f1os, dispone de un gran potencial, aunque su proyecci\u00f3n se haya estancado en el Real Zaragoza. El Getafe, sin embargo, insisti\u00f3 en contar con el extremo, sobre todo Bordal\u00e1s, quien intuye que el jugador encaja a la perfecci\u00f3n en su forma de entender el f\u00fatbol, lo que permitir\u00e1 tener la oportunidad de jugar en la \u00e9lite gracias a un trueque inusual.<\/p>\n<p style=\"text-align: center;\"><strong>La carta \u00edntegra de despedida de Adri\u00e1n Liso<\/strong><\/p>\n<p class=\"\">\u00abHoy me cuesta escribir estas palabras, porque con ellas cierro una de las etapas m\u00e1s importantes de mi vida. Despu\u00e9s de tanto tiempo vistiendo esta camiseta, todav\u00eda recuerdo la primera vez que llegu\u00e9 a este club con tan solo 12 a\u00f1os, siendo un chaval humilde y lleno de sue\u00f1os por cumplir. Ha llegado el momento de decir adi\u00f3s. Un adi\u00f3s muy complicado. Porque despedirse de un lugar que ha sido tu casa durante tantos a\u00f1os no es algo que se pueda hacer sin que se encoja el coraz\u00f3n.<\/p>\n<p class=\"\">Llegu\u00e9 a este equipo con ilusi\u00f3n y con nervios. Algunos de vosotros me visteis llegar con ganas de demostrar, pero todos, sin excepci\u00f3n, me hab\u00e9is hecho sentir parte de algo grande.<\/p>\n<p class=\"\">No ha sido la temporada que ninguno de nosotros esper\u00e1bamos. Ha sido, sin duda, la temporada m\u00e1s dura de mi vida, tanto en lo colectivo como en lo individual. A veces las cosas salieron bien, otras no tanto, pero siempre puse el coraz\u00f3n. Este escudo lo llev\u00e9 con orgullo en cada entrenamiento, en cada partido, en cada minuto.<\/p>\n<div id=\"wms-intext-multi1\" class=\"wms-intext\">\n<div id=\"sm-it-main-container-1750367308054\" class=\"sm-it-main-container\" data-it=\"0537211f-3975-43e7-8205-77a4c0a29022\" data-device=\"desktop\" data-index=\"0\">Gracias a mis compa\u00f1eros, con los que he compartido vestuario. Juntos hemos pasado por momentos que van m\u00e1s all\u00e1 del f\u00fatbol. Hemos sido familia, y eso no lo rompe ninguna despedida. Hab\u00e9is sido mi soporte en los momentos dif\u00edciles.<\/div>\n<\/div>\n<p class=\"\">Dar gracias tambi\u00e9n a todas las personas que trabajan d\u00eda a d\u00eda para este club. Cada uno de vosotros hac\u00e9is los imposible para que este equipo contin\u00fae su historia.<\/p>\n<p class=\"\">Y, sobre todo, gracias a la afici\u00f3n. Vosotros sois el alma de este escudo. Gracias por cada recibimiento, por vuestra fidelidad, por cada aplauso, incluso en los d\u00edas malos. Me hab\u00e9is hecho sentir querido. Vosotros hac\u00e9is que este club sea lo que es. Y eso no se olvida nunca.<\/p>\n<p class=\"\">Me llevo recuerdos que guardar\u00e9 para siempre. Ahora empiezo un nuevo cap\u00edtulo en mi vida y en mi carrera. Lo hago con esperanza, con respeto y con la seguridad de que todo lo vivido aqu\u00ed ha dejado una huella que nunca se borrar\u00e1.<\/p>\n<p class=\"\">Este club me ha formado, me ha ense\u00f1ado lo que significa pertenecer.<\/p>\n<p class=\"\">No es un adi\u00f3s definitivo, es un hasta siempre. Porque cuando uno ha amado tanto a un club, nunca se va del todo. Desde donde est\u00e9, seguir\u00e9 apoyando, seguir\u00e9 sintiendo, seguir\u00e9 siendo uno m\u00e1s\u00bb.<\/p>\n","protected":false},"excerpt":{"rendered":"<p>El Real Zaragoza no ha anunciado nada oficial a\u00fan, pero Adri\u00e1n Liso se ha adelantado en sus redes sociales para confirmar con una extensa y emotiva carga de despedida la consumaci\u00f3n del acuerdo de cesi\u00f3n por una temporada al Getafe, que en caso de querer quedarse con el 50% de <a class=\"read-more\" href=\"https:\/\/principesdeparis.es\/principes\/liso-anuncia-su-marcha-al-getafe-antes-que-el-real-zaragoza\/\">Sigue leyendo<\/a><\/p>\n","protected":false},"author":2,"featured_media":19520,"comment_status":"open","ping_status":"open","sticky":false,"template":"","format":"standard","meta":{"footnotes":""},"categories":[13,1],"tags":[],"class_list":["post-19519","post","type-post","status-publish","format-standard","has-post-thumbnail","hentry","category-publicidad","category-real-zaragoza"],"_links":{"self":[{"href":"https:\/\/principesdeparis.es\/principes\/wp-json\/wp\/v2\/posts\/19519","targetHints":{"allow":["GET"]}}],"collection":[{"href":"https:\/\/principesdeparis.es\/principes\/wp-json\/wp\/v2\/posts"}],"about":[{"href":"https:\/\/principesdeparis.es\/principes\/wp-json\/wp\/v2\/types\/post"}],"author":[{"embeddable":true,"href":"https:\/\/principesdeparis.es\/principes\/wp-json\/wp\/v2\/users\/2"}],"replies":[{"embeddable":true,"href":"https:\/\/principesdeparis.es\/principes\/wp-json\/wp\/v2\/comments?post=19519"}],"version-history":[{"count":1,"href":"https:\/\/principesdeparis.es\/principes\/wp-json\/wp\/v2\/posts\/19519\/revisions"}],"predecessor-version":[{"id":19521,"href":"https:\/\/principesdeparis.es\/principes\/wp-json\/wp\/v2\/posts\/19519\/revisions\/19521"}],"wp:featuredmedia":[{"embeddable":true,"href":"https:\/\/principesdeparis.es\/principes\/wp-json\/wp\/v2\/media\/19520"}],"wp:attachment":[{"href":"https:\/\/principesdeparis.es\/principes\/wp-json\/wp\/v2\/media?parent=19519"}],"wp:term":[{"taxonomy":"category","embeddable":true,"href":"https:\/\/principesdeparis.es\/principes\/wp-json\/wp\/v2\/categories?post=19519"},{"taxonomy":"post_tag","embeddable":true,"href":"https:\/\/principesdeparis.es\/principes\/wp-json\/wp\/v2\/tags?post=19519"}],"curies":[{"name":"wp","href":"https:\/\/api.w.org\/{rel}","templated":true}]}}