{"id":19532,"date":"2025-06-23T16:33:23","date_gmt":"2025-06-23T16:33:23","guid":{"rendered":"https:\/\/principesdeparis.es\/principes\/?p=19532"},"modified":"2025-06-23T18:36:16","modified_gmt":"2025-06-23T18:36:16","slug":"un-curso-de-maquillaje","status":"publish","type":"post","link":"https:\/\/principesdeparis.es\/principes\/un-curso-de-maquillaje\/","title":{"rendered":"Un curso de maquillaje"},"content":{"rendered":"<p style=\"text-align: center;\"><strong>La mayor\u00eda de los jugadores en n\u00f3mina de un Real Zaragoza que se va a reforzar lo justo en gasto y sobre todo en defensa est\u00e1n bajo sospecha para otro objetivo que no sea evitar la tormenta<\/strong><\/p>\n<p>Txema Indias tiene una ruta marcada desde el Metropolitano, que incide en una reestructuraci\u00f3n bajo la premisa del menor gasto posible, y otra delimitada por la carga de contratos en activo que condicionan el l\u00edmite salarial. El director deportivo va ejercer m\u00e1s de contable en la planificaci\u00f3n de una plantilla que se va a reforzar lo justo, sobre todo en defensa, y con la mayor\u00eda de los jugadores en n\u00f3mina con los que se cuenta bajo sospecha para otro objetivo que no sea evitar la tormenta. De los 21 que mantienen una relaci\u00f3n contractual, casi la mitad no cuentan, y es ese espacio donde se abre el margen para maniobrar y mejorar el vestuario, un desahogo sin embargo estrangulado por las diferentes fronteras financieras que se establecer\u00e1n en las negociaciones para las salidas. El pr\u00f3ximo curso apunta a ser de maquillaje.<\/p>\n<p><strong>La porter\u00eda<\/strong><\/p>\n<p>La retirada de Cristian \u00c1lvarez provoc\u00f3 un drama a\u00fan sin resolver. Joan Femen\u00edas se ha ido como vino aunque quiso ser impuesto como titular en un par de ocasiones. Su nivel no estaba a la altura y el club hizo valer el derecho que ten\u00eda para romper de manera unilateral el segundo a\u00f1o firmado con el portero. Poussin aguant\u00f3 el tipo pero no convenci\u00f3, aunque el franc\u00e9s seguir\u00e1 en un segundo o tercer plano en funci\u00f3n de si se consigue fichar dos guardametas m\u00e1s, con el veterano Mari\u00f1o, 35 a\u00f1os, a la cabeza de las pretensiones. La necesidad de imprimir personalidad y rendimiento en esta posici\u00f3n es de m\u00e1xima urgencia.<\/p>\n<p><strong>La defensa<\/strong><\/p>\n<p>En esta l\u00ednea el l\u00edo es importante, y ser\u00e1 donde se van a concentrar los esfuerzos aunque no como se deber\u00eda en unos laterales que causan como m\u00ednimo inquietud. La desfachatez de la temporada pasada al desatender la defensa en los dos mercados con adquisiciones a bote pronto y apuestas inciertas deriv\u00f3 en la entrega de galones a centrales con los que no se contaba, caso de Jair, o se le ten\u00eda en la reserva como Llu\u00eds L\u00f3pez. El portugu\u00e9s ya se ha ido y el catal\u00e1n no ha renovado. Para Vital y Kosa se busca destino, sobre todo para el eslovaco. El eje es una cuesti\u00f3n de estado, mientras que en los costados tambi\u00e9n se aprecian hemorragias. En la derecha contin\u00faan Calero y Luna, y Sebasti\u00e1n regresa de su cesi\u00f3n al Alcorc\u00f3n. Este \u00faltimo podr\u00eda volver a salir, pero por condiciones no tiene nada que envidiar a sus competidores, que no han respondido a lo que se esperaba con regularidad. El fiel y siempre cumplidor Nieto se ha tenido que rendir a las lesiones y no habr\u00e1 pr\u00f3rroga, Clemente regresa al Las Palmas y en la izquierda el debate da para largo. Tasende no ofrece garant\u00edas defensivas, si bien es del grupo que Gabi Fern\u00e1ndez quiere recuperar para la causa. Falta una pieza m\u00e1s en ese puesto por donde el Real Zaragoza se derrumb\u00f3 una jornada s\u00ed y otra tambi\u00e9n. A Borge le costar\u00e1 convencer al t\u00e9cnico para que le d\u00e9 un sitio en el plantel.<\/p>\n<p><strong>El centro del campo<\/strong><\/p>\n<p>La negativa a cerrar el acuerdo con Kevin Arriaga por lo alto del coste de la operaci\u00f3n ha supuesto una gran decepci\u00f3n y la evidencia de que la propiedad se salta su palabra a favor de la moderaci\u00f3n y, en teor\u00eda, el equilibrio presupuestario. El hondure\u00f1o, un gigante de enormes virtudes para muscular la floja espina dorsal del equipo, se ech\u00f3 el equipo a las espaldas para la salvaci\u00f3n. M\u00e1s all\u00e1 de ese notable trabajo tit\u00e1nico para reflotar un barco hundido, se desconoce si tendr\u00eda tanta jerarqu\u00eda en un proyecto m\u00e1s ambicioso. En el que viene, por supuesto, pero su destino ser\u00e1 otro. En la zona de pensadores, Gabi apuesta por la reactivaci\u00f3n de Toni Moya y Aketxe, dos futbolistas que dif\u00edcilmente responder\u00e1n a la fe de su entrenador. El primero por su constante intermitencia y falta de liderazgo, y el segundo porque siempre ha sido un jugador de fogonazos que en el Real Zaragoza no ha ofrecido una sola luz sin que se le adivinen interruptores futuros. La cantera estar\u00e1 representada por Guti, sobrado de honradez y f\u00edsicamente muy lejos del que fue tras sus lesiones, y Francho, bandera emocional y un todoterreno muy \u00fatil y aplicado al que, sin embargo, no le sobran prestaciones para algunas labores. Keidi Bare es una inc\u00f3gnita. Su dimensi\u00f3n es mayor, pero sus continuas visitas a la enfermer\u00eda hacen temer por recuperar al centrocampista luchador y con soluciones. Gori, un capricho inexplicable, vuelve del Ibiza para irse bajo la f\u00f3rmula de rescisi\u00f3n, lo que suceder\u00e1 tambi\u00e9n con Vaquero salvo cambio de intenciones de \u00faltima hora.<\/p>\n<p><strong>La delantera<\/strong><\/p>\n<p>A Bakis, Sergi Enrich, Carbonell y Cuenca, todos con contrato, se les mostrar\u00e1 la puerta de salida. El arsenal ofensivo parece el menos necesitado en n\u00famero, aunque muestra lagunas de tama\u00f1o considerable en las figuras de Bazdar y Dani G\u00f3mez y en la incomprensible cesi\u00f3n de Liso al Getafe. Guste m\u00e1s o menos, prescindir del extremo aragon\u00e9s no es la mejor idea. El bosnio, muy joven, dej\u00f3 detalles de delantero importante y se fue apagando hasta caer en la desidia. Las lesiones le hicieron da\u00f1o en su primer a\u00f1o lejos de casa, pero su actitud de adolescente enrabietado en algunos momentos dejan en cuarenta su calidad competitiva, no la t\u00e9cnica. En principio se redoblar\u00e1 la confianza en su figura en busca de una mayor madurez y productividad. G\u00f3mez da de s\u00ed para tercer hombre, no m\u00e1s, mientras que a Sober\u00f3n le avalan sus goles y Pau Sans la frescura, la astucia y el desborde en lo que result\u00f3 un feliz descubrimiento, casi el \u00fanico. Adu Ares y Alberto Mart\u00ed finalizan cesi\u00f3n. Un <em>9<\/em> m\u00e1s y al menos un extremo no sobrar\u00eda, aunque la billetera de Txema Indias es la que es y la que le han dicho desde el centro de cosm\u00e9tica de Madrid.<\/p>\n","protected":false},"excerpt":{"rendered":"<p>La mayor\u00eda de los jugadores en n\u00f3mina de un Real Zaragoza que se va a reforzar lo justo en gasto y sobre todo en defensa est\u00e1n bajo sospecha para otro objetivo que no sea evitar la tormenta Txema Indias tiene una ruta marcada desde el Metropolitano, que incide en una <a class=\"read-more\" href=\"https:\/\/principesdeparis.es\/principes\/un-curso-de-maquillaje\/\">Sigue leyendo<\/a><\/p>\n","protected":false},"author":2,"featured_media":19534,"comment_status":"open","ping_status":"open","sticky":false,"template":"","format":"standard","meta":{"footnotes":""},"categories":[13,1],"tags":[],"class_list":["post-19532","post","type-post","status-publish","format-standard","has-post-thumbnail","hentry","category-publicidad","category-real-zaragoza"],"_links":{"self":[{"href":"https:\/\/principesdeparis.es\/principes\/wp-json\/wp\/v2\/posts\/19532","targetHints":{"allow":["GET"]}}],"collection":[{"href":"https:\/\/principesdeparis.es\/principes\/wp-json\/wp\/v2\/posts"}],"about":[{"href":"https:\/\/principesdeparis.es\/principes\/wp-json\/wp\/v2\/types\/post"}],"author":[{"embeddable":true,"href":"https:\/\/principesdeparis.es\/principes\/wp-json\/wp\/v2\/users\/2"}],"replies":[{"embeddable":true,"href":"https:\/\/principesdeparis.es\/principes\/wp-json\/wp\/v2\/comments?post=19532"}],"version-history":[{"count":4,"href":"https:\/\/principesdeparis.es\/principes\/wp-json\/wp\/v2\/posts\/19532\/revisions"}],"predecessor-version":[{"id":19537,"href":"https:\/\/principesdeparis.es\/principes\/wp-json\/wp\/v2\/posts\/19532\/revisions\/19537"}],"wp:featuredmedia":[{"embeddable":true,"href":"https:\/\/principesdeparis.es\/principes\/wp-json\/wp\/v2\/media\/19534"}],"wp:attachment":[{"href":"https:\/\/principesdeparis.es\/principes\/wp-json\/wp\/v2\/media?parent=19532"}],"wp:term":[{"taxonomy":"category","embeddable":true,"href":"https:\/\/principesdeparis.es\/principes\/wp-json\/wp\/v2\/categories?post=19532"},{"taxonomy":"post_tag","embeddable":true,"href":"https:\/\/principesdeparis.es\/principes\/wp-json\/wp\/v2\/tags?post=19532"}],"curies":[{"name":"wp","href":"https:\/\/api.w.org\/{rel}","templated":true}]}}