{"id":19538,"date":"2025-06-25T19:45:42","date_gmt":"2025-06-25T19:45:42","guid":{"rendered":"https:\/\/principesdeparis.es\/principes\/?p=19538"},"modified":"2025-06-25T19:52:23","modified_gmt":"2025-06-25T19:52:23","slug":"jair-se-lamenta-de-que-el-club-y-victor-fernandez-no-le-trataran-como-a-una-persona","status":"publish","type":"post","link":"https:\/\/principesdeparis.es\/principes\/jair-se-lamenta-de-que-el-club-y-victor-fernandez-no-le-trataran-como-a-una-persona\/","title":{"rendered":"Jair se lamenta de que el club y V\u00edctor Fern\u00e1ndez no le trataran \u00abcomo a una persona\u00bb"},"content":{"rendered":"<p style=\"text-align: center;\"><strong>El central, en una entrevista en el Peri\u00f3dico de Arag\u00f3n, habla del ostracismo al que le sometieron y de lo doloroso que le result\u00f3 hasta pensar en la retirada del f\u00fatbol<\/strong><\/p>\n<p>Jair Amador se ha sincerado sin medias tintas en una entrevista concedida a el Peri\u00f3dico de Arag\u00f3n. El central, descartada su renovaci\u00f3n por parte del Real Zaragoza y por s\u00ed mismo, habla de todos los aspectos de sus cinco temporadas en el conjunto aragon\u00e9s, centr\u00e1ndose sobre todo en la actual y en el tobog\u00e1n de emociones que ha experimentado. El futbolista comenta los malos momentos que vivi\u00f3 cuando el club y V\u00edctor Fern\u00e1ndez le descartaron por completo para sus planes el pasado verano, pero sobre todo en c\u00f3mo gestionaron esa decisi\u00f3n, sin dejarle siquiera salir cuando tuvo la oportunidad. \u00abEra como un fantasma, el hombre invisible. Pens\u00e9 en dejar el f\u00fatbol porque no acababa de aceptar ser tratado de esas maneras\u00bb. El defensa estima que \u00abno es el hecho de jugar o contar menos, por considerar que otros lo tienen que hacer, sino por la forma y el trato hacia m\u00ed como jugador y hasta como persona, que es lo que m\u00e1s aprecio en el mundo profesional. Es ser personas, que te traten como a uno m\u00e1s, el tener la decencia de que te traten como a eso, como a personas\u00bb.<\/p>\n<p><strong>Extracto de la entrevista con Jair Amador<\/strong><\/p>\n<p><strong>Con Gabi, en los 11 partidos con \u00e9l, jug\u00f3 en todos los minutos. \u00bfLe redimi\u00f3 un poco de lo vivido antes, de su descarte en verano y de empezar la temporada sin contar para V\u00edctor tras no salir?<\/strong><\/p>\n<p>Me volv\u00ed a sentir importante, est\u00e1 claro, pero tal y como yo lo he vivido y como ha sido no me cambia el valor de la temporada, estamos hablando de solo los dos \u00faltimos meses y lo restante fue complicado, sin jugar apenas, solo en algunas circunstancias, casi desaparecido en varios momentos. Es que fue muy dif\u00edcil y me afect\u00f3 hasta a nivel familiar, porque era una situaci\u00f3n completamente nueva y era sobre todo por c\u00f3mo se procedi\u00f3 conmigo. No es el hecho de jugar o contar menos, por considerar que otros lo tienen que hacer, sino por la forma y el trato hacia m\u00ed como jugador y hasta como persona, que es lo que m\u00e1s aprecio en el mundo profesional. Es ser personas, que te traten como a uno m\u00e1s, el tener la decencia de que te traten como a eso, como a personas.<\/p>\n<p><strong>\u00bfCree que V\u00edctor no fue justo con usted?<\/strong><\/p>\n<p>Pudo hacer las cosas mejor, estaba en su derecho de no contar conmigo, como cada entrenador, pero pudo hacer las cosas de forma diferente. Mucho m\u00e1s una vez que me quedo tras el verano, obviamente no por decisi\u00f3n m\u00eda, porque nunca lo fue. A m\u00ed antes de empezar la pretemporada se me comunica que debo salir, es un golpe duro, que tengo que aceptar, pero despu\u00e9s porque no eran capaces de firmar a otros jugadores en mi puesto o no encontraban lo que quer\u00edan o por lo que fuera, no me dejan salir. Ni en verano, ni despu\u00e9s de acabar ese mercado, en septiembre, ni en enero. No sal\u00ed y a m\u00ed no me entraba en la cabeza: no juego, no cuentan conmigo, no quieren que participe porque V\u00edctor consideraba que mi etapa ya hab\u00eda terminado, que no daba el nivel suficiente y hab\u00eda otros compa\u00f1eros por delante, pero no puedo marcharme, no se me deja irme. Es que era muy dif\u00edcil, por no decir imposible, de entender.<\/p>\n<p><strong>\u00bfLleg\u00f3 a pensar en una soluci\u00f3n m\u00e1s dr\u00e1stica?<\/strong><\/p>\n<p>S\u00ed, en dejar el f\u00fatbol. Es que muy duro a nivel psicol\u00f3gico. Yo iba a cada entrenamiento a tratar de dar lo mejor de m\u00ed, a estar bien con todo el mundo, aunque tuviera d\u00edas que no ten\u00eda motivos para sonre\u00edr. Yo buscaba dar mi mejor nivel en medio de una situaci\u00f3n dif\u00edcil y claro que pens\u00e9 en coger las maletas, irme y dejar el f\u00fatbol para buscarme la vida de otra forma. El choque que tuve a nivel emocional fue tal que lo hablaba con mi mujer y le dec\u00eda que lo dejaba, que no aguantaba m\u00e1s, que era como un fantasma, como el hombre invisible. Pens\u00e9 en dejar el f\u00fatbol porque no acababa de aceptar ser tratado de esas maneras. Para m\u00ed lo m\u00e1s importante era estar bien conmigo mismo y con mi familia y esa parte era muy dif\u00edcil, porque hab\u00eda muchos d\u00edas de mal humor, de no sentirme bien y todo a ra\u00edz de mi situaci\u00f3n personal.<\/p>\n<p style=\"text-align: center;\"><a href=\"https:\/\/www.elperiodicodearagon.com\/real-zaragoza\/2025\/06\/25\/jair-pense-futbol-acababa-aceptar-119060905.html\"><strong>Leer aqu\u00ed la entrevista completa en el Peri\u00f3dico de Arag\u00f3n<\/strong><\/a><\/p>\n","protected":false},"excerpt":{"rendered":"<p>El central, en una entrevista en el Peri\u00f3dico de Arag\u00f3n, habla del ostracismo al que le sometieron y de lo doloroso que le result\u00f3 hasta pensar en la retirada del f\u00fatbol Jair Amador se ha sincerado sin medias tintas en una entrevista concedida a el Peri\u00f3dico de Arag\u00f3n. El central, <a class=\"read-more\" href=\"https:\/\/principesdeparis.es\/principes\/jair-se-lamenta-de-que-el-club-y-victor-fernandez-no-le-trataran-como-a-una-persona\/\">Sigue leyendo<\/a><\/p>\n","protected":false},"author":2,"featured_media":19539,"comment_status":"open","ping_status":"open","sticky":false,"template":"","format":"standard","meta":{"footnotes":""},"categories":[13,1],"tags":[],"class_list":["post-19538","post","type-post","status-publish","format-standard","has-post-thumbnail","hentry","category-publicidad","category-real-zaragoza"],"_links":{"self":[{"href":"https:\/\/principesdeparis.es\/principes\/wp-json\/wp\/v2\/posts\/19538","targetHints":{"allow":["GET"]}}],"collection":[{"href":"https:\/\/principesdeparis.es\/principes\/wp-json\/wp\/v2\/posts"}],"about":[{"href":"https:\/\/principesdeparis.es\/principes\/wp-json\/wp\/v2\/types\/post"}],"author":[{"embeddable":true,"href":"https:\/\/principesdeparis.es\/principes\/wp-json\/wp\/v2\/users\/2"}],"replies":[{"embeddable":true,"href":"https:\/\/principesdeparis.es\/principes\/wp-json\/wp\/v2\/comments?post=19538"}],"version-history":[{"count":2,"href":"https:\/\/principesdeparis.es\/principes\/wp-json\/wp\/v2\/posts\/19538\/revisions"}],"predecessor-version":[{"id":19541,"href":"https:\/\/principesdeparis.es\/principes\/wp-json\/wp\/v2\/posts\/19538\/revisions\/19541"}],"wp:featuredmedia":[{"embeddable":true,"href":"https:\/\/principesdeparis.es\/principes\/wp-json\/wp\/v2\/media\/19539"}],"wp:attachment":[{"href":"https:\/\/principesdeparis.es\/principes\/wp-json\/wp\/v2\/media?parent=19538"}],"wp:term":[{"taxonomy":"category","embeddable":true,"href":"https:\/\/principesdeparis.es\/principes\/wp-json\/wp\/v2\/categories?post=19538"},{"taxonomy":"post_tag","embeddable":true,"href":"https:\/\/principesdeparis.es\/principes\/wp-json\/wp\/v2\/tags?post=19538"}],"curies":[{"name":"wp","href":"https:\/\/api.w.org\/{rel}","templated":true}]}}