{"id":19542,"date":"2025-06-27T19:11:03","date_gmt":"2025-06-27T19:11:03","guid":{"rendered":"https:\/\/principesdeparis.es\/principes\/?p=19542"},"modified":"2025-06-27T19:11:03","modified_gmt":"2025-06-27T19:11:03","slug":"el-real-zaragoza-despide-a-once-jugadores-del-deportivo-aragon","status":"publish","type":"post","link":"https:\/\/principesdeparis.es\/principes\/el-real-zaragoza-despide-a-once-jugadores-del-deportivo-aragon\/","title":{"rendered":"El Real Zaragoza despide a once jugadores del Deportivo Arag\u00f3n"},"content":{"rendered":"<p dir=\"ltr\">El Real Zaragoza ha anunciado hoy que prescinde de once jugadores del Deportivo Arag\u00f3n, entre ellos Vaquero (renuncia a la opci\u00f3n de firmarle por tres a\u00f1os m\u00e1s), Ma\u00f1as, Vacas y Arag\u00fces. Asimismo se desvincula de\u00a0 Mathis Lemeray, Llu\u00eds Recasens, Boaz Hallebeek,\u00a0 Adri\u00e1n Garrido, Frank Angong, Juan L\u00f3pez e Ismael Fadel. Juan Sebasti\u00e1n s\u00ed seguir\u00e1 en la disciplina del club tras cumplir un a\u00f1o de cesi\u00f3n en el Alcorc\u00f3n. El lateral, que har\u00e1 la pretemporada con el primer equipo, ha renovado hasta 2027.<\/p>\n<p dir=\"ltr\">\u00abDesde el club agradecemos el compromiso, dedicaci\u00f3n y profesionalidad de todos ellos durante su ciclo en las categor\u00edas inferiores del Real Zaragoza, as\u00ed como les deseamos la mayor de las suertes en sus pr\u00f3ximos retos deportivos\u00bb .<\/p>\n","protected":false},"excerpt":{"rendered":"<p>El Real Zaragoza ha anunciado hoy que prescinde de once jugadores del Deportivo Arag\u00f3n, entre ellos Vaquero (renuncia a la opci\u00f3n de firmarle por tres a\u00f1os m\u00e1s), Ma\u00f1as, Vacas y Arag\u00fces. Asimismo se desvincula de\u00a0 Mathis Lemeray, Llu\u00eds Recasens, Boaz Hallebeek,\u00a0 Adri\u00e1n Garrido, Frank Angong, Juan L\u00f3pez e Ismael Fadel. <a class=\"read-more\" href=\"https:\/\/principesdeparis.es\/principes\/el-real-zaragoza-despide-a-once-jugadores-del-deportivo-aragon\/\">Sigue leyendo<\/a><\/p>\n","protected":false},"author":2,"featured_media":19543,"comment_status":"open","ping_status":"open","sticky":false,"template":"","format":"standard","meta":{"footnotes":""},"categories":[13,1],"tags":[],"class_list":["post-19542","post","type-post","status-publish","format-standard","has-post-thumbnail","hentry","category-publicidad","category-real-zaragoza"],"_links":{"self":[{"href":"https:\/\/principesdeparis.es\/principes\/wp-json\/wp\/v2\/posts\/19542","targetHints":{"allow":["GET"]}}],"collection":[{"href":"https:\/\/principesdeparis.es\/principes\/wp-json\/wp\/v2\/posts"}],"about":[{"href":"https:\/\/principesdeparis.es\/principes\/wp-json\/wp\/v2\/types\/post"}],"author":[{"embeddable":true,"href":"https:\/\/principesdeparis.es\/principes\/wp-json\/wp\/v2\/users\/2"}],"replies":[{"embeddable":true,"href":"https:\/\/principesdeparis.es\/principes\/wp-json\/wp\/v2\/comments?post=19542"}],"version-history":[{"count":1,"href":"https:\/\/principesdeparis.es\/principes\/wp-json\/wp\/v2\/posts\/19542\/revisions"}],"predecessor-version":[{"id":19544,"href":"https:\/\/principesdeparis.es\/principes\/wp-json\/wp\/v2\/posts\/19542\/revisions\/19544"}],"wp:featuredmedia":[{"embeddable":true,"href":"https:\/\/principesdeparis.es\/principes\/wp-json\/wp\/v2\/media\/19543"}],"wp:attachment":[{"href":"https:\/\/principesdeparis.es\/principes\/wp-json\/wp\/v2\/media?parent=19542"}],"wp:term":[{"taxonomy":"category","embeddable":true,"href":"https:\/\/principesdeparis.es\/principes\/wp-json\/wp\/v2\/categories?post=19542"},{"taxonomy":"post_tag","embeddable":true,"href":"https:\/\/principesdeparis.es\/principes\/wp-json\/wp\/v2\/tags?post=19542"}],"curies":[{"name":"wp","href":"https:\/\/api.w.org\/{rel}","templated":true}]}}