{"id":19549,"date":"2025-06-30T06:29:08","date_gmt":"2025-06-30T06:29:08","guid":{"rendered":"https:\/\/principesdeparis.es\/principes\/?p=19549"},"modified":"2025-06-30T06:41:46","modified_gmt":"2025-06-30T06:41:46","slug":"jorge-mas-el-guason-sin-gracia","status":"publish","type":"post","link":"https:\/\/principesdeparis.es\/principes\/jorge-mas-el-guason-sin-gracia\/","title":{"rendered":"Jorge Mas, el Guas\u00f3n sin gracia"},"content":{"rendered":"<p style=\"text-align: center;\"><strong>El presidente del Real Zaragoza, con su habitual desconexi\u00f3n del club, se desmarca de los discursos moderados de Indias y Gabi y asegura que el objetivo es el playoff y el ascenso<\/strong><\/p>\n<p>Cada d\u00eda cuesta m\u00e1s encasillar a Jorge Mas en el Real Zaragoza. Aparece en el organigrama como presidente pero ejerce de virrey desconectado f\u00edsica y administrativamente de una colonia, el Real Zaragoza, que representa como rostro de la multipropiedad. Un rostro parlante, para desgracia y burla del club, que tiene en el cargo a un personaje sin m\u00e1s v\u00ednculo que el protocolario. Ayer, al acabar el encuentro de octavos de final del Mundial de Clubes en el Mercedes Benz de Atlanta entre su Inter de Miami y un PSG que demostr\u00f3 que la MLS sigue siendo un cementerio de elefantes, se puso delante de los micr\u00f3fonos de la Cope en el programa Tiempo de Juego para soltar lo que le sale por la boca con su entonaci\u00f3n cubana y algodonada.<\/p>\n<p>Como por lo general tiene apagado el radar deportivo de lo que sucede en el Real Zaragoza, volvi\u00f3 a patinar, desmarc\u00e1ndose de los discursos moderados de Indias y Gabi y se\u00f1alando el playoff de ascenso como objetivo para la pr\u00f3xima temporada. \u00abTenemos un nuevo director deportivo, el Txema Indias, y estamos en la labor de rearmar en este ventana el equipo que se merece Zaragoza con el objetivo y la ambici\u00f3n de llegar al playoff para llegar a Primera\u00bb. Es el Guas\u00f3n del grupo inversor y no lo sabe ni le importa. Los periodistas le sugirieron, en tomo jocoso, que podr\u00eda traerse a Messi, a lo que contest\u00f3 entre risas: \u00abEs el sue\u00f1o de todos los ma\u00f1os, ja, ja, ja\u00bb. Una pesadilla escucharle.<\/p>\n<p>Si su mensaje procediera de un personaje cre\u00edble desde que hace tres a\u00f1os apareciera por la capital aragonesa a lomos del corcel de Amber Capital, es posible que su discurso se reconociera como el de alguien merecedor de un respeto, de alguien que contempla el Real Zaragoza como una instituci\u00f3n que siempre ha de plantearse los mayores retos pese a las dificultades. Ahora bien, su voz denota un absoluto oportunismo y, sobre todo, una desinformaci\u00f3n may\u00fascula para enlazar con el plan del entrenador y del director deportivo, quienes se han encargado de rebajar expectativas en funci\u00f3n de las limitaciones econ\u00f3micas y de una pol\u00edtica que sin descartar metas de altura las observa con el fruto de una labor de ajustes y reajustes. De tiempo, paciencia y toma de conciencia de una categor\u00eda que presenta muchos aspirantes y enormes obst\u00e1culos. Jorge Mas es una veleta que gira sin saber por d\u00f3nde le da el viento.<\/p>\n<p>\u00abEl Real Zaragoza es la joya de la corona\u00bb. \u00abQueremos ascender ayer\u00bb. Estas perlas, engarzadas en tres temporadas de sonoros fracasos, definen a un empresario que visualiza el club aragon\u00e9s como una pesada carga, un segundo plato que le han puesto en la mesa sin pedirlo. \u00abFrancamente vivimos un a\u00f1o muy dif\u00edcil que naci\u00f3 desafortunadamente en la ventana del verano del a\u00f1o pasado. No se hizo una buena labor, pero ahora vamos a a asegurarnos de montar una buen plantilla no s\u00f3lo para competir sino por el deber que tenemos con Zaragoza. Yo siempre he dicho que, con las limitaciones que impone la Liga, vamos a poner las mejores herramientas para hacer el mejor club que podamos\u00bb. Ja, ja, ja. Maldita la gracia.<\/p>\n","protected":false},"excerpt":{"rendered":"<p>El presidente del Real Zaragoza, con su habitual desconexi\u00f3n del club, se desmarca de los discursos moderados de Indias y Gabi y asegura que el objetivo es el playoff y el ascenso Cada d\u00eda cuesta m\u00e1s encasillar a Jorge Mas en el Real Zaragoza. Aparece en el organigrama como presidente <a class=\"read-more\" href=\"https:\/\/principesdeparis.es\/principes\/jorge-mas-el-guason-sin-gracia\/\">Sigue leyendo<\/a><\/p>\n","protected":false},"author":2,"featured_media":19551,"comment_status":"open","ping_status":"open","sticky":false,"template":"","format":"standard","meta":{"footnotes":""},"categories":[13,1],"tags":[],"class_list":["post-19549","post","type-post","status-publish","format-standard","has-post-thumbnail","hentry","category-publicidad","category-real-zaragoza"],"_links":{"self":[{"href":"https:\/\/principesdeparis.es\/principes\/wp-json\/wp\/v2\/posts\/19549","targetHints":{"allow":["GET"]}}],"collection":[{"href":"https:\/\/principesdeparis.es\/principes\/wp-json\/wp\/v2\/posts"}],"about":[{"href":"https:\/\/principesdeparis.es\/principes\/wp-json\/wp\/v2\/types\/post"}],"author":[{"embeddable":true,"href":"https:\/\/principesdeparis.es\/principes\/wp-json\/wp\/v2\/users\/2"}],"replies":[{"embeddable":true,"href":"https:\/\/principesdeparis.es\/principes\/wp-json\/wp\/v2\/comments?post=19549"}],"version-history":[{"count":4,"href":"https:\/\/principesdeparis.es\/principes\/wp-json\/wp\/v2\/posts\/19549\/revisions"}],"predecessor-version":[{"id":19554,"href":"https:\/\/principesdeparis.es\/principes\/wp-json\/wp\/v2\/posts\/19549\/revisions\/19554"}],"wp:featuredmedia":[{"embeddable":true,"href":"https:\/\/principesdeparis.es\/principes\/wp-json\/wp\/v2\/media\/19551"}],"wp:attachment":[{"href":"https:\/\/principesdeparis.es\/principes\/wp-json\/wp\/v2\/media?parent=19549"}],"wp:term":[{"taxonomy":"category","embeddable":true,"href":"https:\/\/principesdeparis.es\/principes\/wp-json\/wp\/v2\/categories?post=19549"},{"taxonomy":"post_tag","embeddable":true,"href":"https:\/\/principesdeparis.es\/principes\/wp-json\/wp\/v2\/tags?post=19549"}],"curies":[{"name":"wp","href":"https:\/\/api.w.org\/{rel}","templated":true}]}}