{"id":19555,"date":"2025-06-30T15:56:25","date_gmt":"2025-06-30T15:56:25","guid":{"rendered":"https:\/\/principesdeparis.es\/principes\/?p=19555"},"modified":"2025-06-30T16:14:23","modified_gmt":"2025-06-30T16:14:23","slug":"el-real-zaragoza-prescinde-del-doctor-ireneo-de-los-martires","status":"publish","type":"post","link":"https:\/\/principesdeparis.es\/principes\/el-real-zaragoza-prescinde-del-doctor-ireneo-de-los-martires\/","title":{"rendered":"El Real Zaragoza prescinde del doctor Ireneo de los M\u00e1rtires"},"content":{"rendered":"<p style=\"text-align: center;\"><strong>El club ha comunicado la despedida al internista, que ocupaba el cargo desde 2019, por las constantes quejas de los jugadores hacia su trabajo<\/strong><\/p>\n<p>Ireneo de los M\u00e1rtires ha dejado de ser el jefe de los servicios m\u00e9dicos del Real Zaragoza, cargo que ocupaba desde 2019 cuando cogi\u00f3 el testigo de tom\u00f3 el relevo de Honorio Mart\u00ednez. El club le ha comunicado su despedida, fruto de algunos de los cambios que anunci\u00f3 Fernando L\u00f3pez, director general, en la estructura del funcionamiento del equipo en \u00e1reas principales, pero sobre todo por la acumulaci\u00f3n de quejas que se hab\u00edan acumulado en los despachos hacia el desempe\u00f1o de su trabajo durante estos dos \u00faltimos a\u00f1os. Esas reclamaciones proced\u00edan de los jugadores de la misma plantilla, descontentos con la forma de proceder del profesional.<\/p>\n<p>Antes de finalizar el curso 23-24, en concreto confirmarse la permanencia, y antes de una comida informal entre la plantilla, los capitanes del Real Zaragoza, Cristian \u00c1lvarez, Jair Amador, Carlos Nieto, Llu\u00eds L\u00f3pez y Maikel Mesa, mantuvieron una reuni\u00f3n con la directiva para analizar la temporada y sugerir mejoras en diferentes aspectos de cara al futuro. Uno de los temas tratados en profundidad fue el de los servicios m\u00e9dicos y la actuaci\u00f3n de De los M\u00e1rtires, quien fue se\u00f1alado por los futbolistas como principal responsable del alud de lesiones del que s\u00f3lo se libraron Jair, Franc\u00e9s, Mesa, Mouri\u00f1o (este con una pubalgia todo el casi todo el a\u00f1o), Poussin, Rebollo, Grau y Sergi Enrich.<\/p>\n<p>Las reca\u00eddas, los diagn\u00f3sticos sin luz y la tardanza en las recuperaciones acapararon la conversaci\u00f3n, en la que se expuso tambi\u00e9n el malestar y la desconfianza en el m\u00e9dico hasta tal punto que muchos de los damnificados tuvieron que buscar soluciones por su cuenta acudiendo a otras consultas ajenas al club. La c\u00fapula traslad\u00f3 a De los M\u00e1rtires, quien compaginaba y no siempre ajustando su tiempo de trabajo y horarios \u2013un tema muy comentado en la Ciudad Deportiva\u2013 su cargo en el Real Zaragoza con su especialidad en Medicina Interna y de Urgencia Hospitalaria en el Hospital Cl\u00ednico Universitario Lozano Blesa, esa intranquilidad de la plantilla del conjunto aragon\u00e9s. En ese momento, su escapatoria o decisi\u00f3n fue prescindir de dos fisioterapeutas de la primera plantilla y poner sobre la mesa de las salidas el nombre de un miembro m\u00e1s del \u00e1rea de recuperaci\u00f3n muy considerado por su profesionalidad entre los futbolistas, algo que en este caso no logr\u00f3.<\/p>\n<p>\u00abPienso que mi lesi\u00f3n no estuvo bien gestionada\u00bb, dijo el pasado 29 de mayo Mario Sober\u00f3n sobre el calvario que vivi\u00f3 el c\u00e1ntabro a lo largo del pasado ejercicio. Siendo el Pichichi del equipo con seis goles, una microrrotura a nivel de la musculatura isquiotibial en su pierna izquierda, producto de unas molestias que arrastraba y que puso en conocimiento de los servicios m\u00e9dicos sin que estos lo tuvieran en cuenta, fue el principio del calvario del punta. El jugador fue forzado y se rompi\u00f3 en el descanso ante el Tenerife. La cadena no par\u00f3: sufri\u00f3 una nueva rotura, esta en el gemelo. Lleg\u00f3 a calentar en la eliminatoria de Copa ante el Granada pero se descart\u00f3 al no verse al cien por cien. En Ipurua sali\u00f3 por Clemente en el 69 y en un golpeo minutos despu\u00e9s not\u00f3 molestias en el cu\u00e1driceps, termin\u00f3 el partido y las pruebas revelaron que ten\u00eda una rotura en el recto anterior derecho. Casi tres meses de ausencias.<\/p>\n<p>La traca de percances de de la campa\u00f1a anterior comenz\u00f3 por Joan Femen\u00edas, quien el debut en C\u00e1diz, a los 60 minutos de juego, sufri\u00f3 una lesi\u00f3n muscular a nivel del aductor largo de la pierna derecha. Una rotura en el cu\u00e1driceps dej\u00f3 KO a Aketxe fuera de combate y un esguince en el ligamento deltoideo del tobillo izquierdo de Adu Ares no impidi\u00f3 sin embargo que el vasco pudiera seguir compitiendo. Contra el Elche en La Romareda, Bare fue v\u00edctima de su primer da\u00f1o de alcance. Jair el central recibi\u00f3 un balonazo en el ojo que le produjo una uveitis traum\u00e1tica, situaci\u00f3n que vivi\u00f3 tambi\u00e9n Cristian por otro pelotazo en el ojo que en este caso se tradujo en un fuerte traumatismo. Dani Tasende tuvo que abandonar la primera parte del encuentro frente al Almer\u00eda y las pruebas le detectaron una rotura fibrilar grado I en el s\u00f3leo de su pierna izquierda. Bazdar cay\u00f3 como consecuencia de una rotura en la musculatura isquiotibial de su pierna izquierda en el partido ante el Albacete; Kosa se le fractur\u00f3 el maleolo peroneal de su tobillo izquierdo en la cita de Copa ante el L\u2019Hospitalet; Bare acab\u00f3 ante el Castell\u00f3n con molestias en la rodilla, lo que le dej\u00f3 fuera ante el Granada, el Huesca y el M\u00e1laga; Francho se quebr\u00f3 en el minuto 21 contra el Racing de Ferrol, con un parte m\u00e9dico que tard\u00f3 diez d\u00edas en ver la luz y que inform\u00f3 sobre una rotura fibrilar en el isquio de su pierna derecha.<\/p>\n<p>La en\u00e9sima lesi\u00f3n de Cristian, esta vez en el s\u00f3leo, empuj\u00f3 a que el guardameta diera por finalizada su carrera deportiva y se integrara en el club como Relaciones Institucionales; un desgarro en el s\u00f3leo de Iv\u00e1n Az\u00f3n hizo que estuviera a punto de abortarse su traspaso al Como, negociaci\u00f3n que finalmente se cerr\u00f3; un fuerte pisot\u00f3n en el pie derecho provoc\u00f3 una fractura en un dedo del pie a Carlos Nieto; Marcos Luna tuvo que parar por una rotura fibrilar en el s\u00f3leo de la pierna izquierda y Ra\u00fal Guti, uno de los tres fichajes de la ventana invernal, se sent\u00f3 en el banquillo del Carlos Belmonte horas antes de que se le detectara una dolencia en el m\u00fasculo semitendinoso. Esta tormenta de circunstancias, demasiadas mal resueltas en la enfermer\u00eda, ha derivado en la salida de De los M\u00e1rtires.<\/p>\n","protected":false},"excerpt":{"rendered":"<p>El club ha comunicado la despedida al internista, que ocupaba el cargo desde 2019, por las constantes quejas de los jugadores hacia su trabajo Ireneo de los M\u00e1rtires ha dejado de ser el jefe de los servicios m\u00e9dicos del Real Zaragoza, cargo que ocupaba desde 2019 cuando cogi\u00f3 el testigo <a class=\"read-more\" href=\"https:\/\/principesdeparis.es\/principes\/el-real-zaragoza-prescinde-del-doctor-ireneo-de-los-martires\/\">Sigue leyendo<\/a><\/p>\n","protected":false},"author":2,"featured_media":19556,"comment_status":"open","ping_status":"open","sticky":false,"template":"","format":"standard","meta":{"footnotes":""},"categories":[13,1],"tags":[],"class_list":["post-19555","post","type-post","status-publish","format-standard","has-post-thumbnail","hentry","category-publicidad","category-real-zaragoza"],"_links":{"self":[{"href":"https:\/\/principesdeparis.es\/principes\/wp-json\/wp\/v2\/posts\/19555","targetHints":{"allow":["GET"]}}],"collection":[{"href":"https:\/\/principesdeparis.es\/principes\/wp-json\/wp\/v2\/posts"}],"about":[{"href":"https:\/\/principesdeparis.es\/principes\/wp-json\/wp\/v2\/types\/post"}],"author":[{"embeddable":true,"href":"https:\/\/principesdeparis.es\/principes\/wp-json\/wp\/v2\/users\/2"}],"replies":[{"embeddable":true,"href":"https:\/\/principesdeparis.es\/principes\/wp-json\/wp\/v2\/comments?post=19555"}],"version-history":[{"count":6,"href":"https:\/\/principesdeparis.es\/principes\/wp-json\/wp\/v2\/posts\/19555\/revisions"}],"predecessor-version":[{"id":19562,"href":"https:\/\/principesdeparis.es\/principes\/wp-json\/wp\/v2\/posts\/19555\/revisions\/19562"}],"wp:featuredmedia":[{"embeddable":true,"href":"https:\/\/principesdeparis.es\/principes\/wp-json\/wp\/v2\/media\/19556"}],"wp:attachment":[{"href":"https:\/\/principesdeparis.es\/principes\/wp-json\/wp\/v2\/media?parent=19555"}],"wp:term":[{"taxonomy":"category","embeddable":true,"href":"https:\/\/principesdeparis.es\/principes\/wp-json\/wp\/v2\/categories?post=19555"},{"taxonomy":"post_tag","embeddable":true,"href":"https:\/\/principesdeparis.es\/principes\/wp-json\/wp\/v2\/tags?post=19555"}],"curies":[{"name":"wp","href":"https:\/\/api.w.org\/{rel}","templated":true}]}}