{"id":19563,"date":"2025-06-30T18:28:16","date_gmt":"2025-06-30T18:28:16","guid":{"rendered":"https:\/\/principesdeparis.es\/principes\/?p=19563"},"modified":"2025-06-30T18:54:35","modified_gmt":"2025-06-30T18:54:35","slug":"mediocentro-de-mi-vida","status":"publish","type":"post","link":"https:\/\/principesdeparis.es\/principes\/mediocentro-de-mi-vida\/","title":{"rendered":"Mediocentro de mi vida"},"content":{"rendered":"<p style=\"text-align: center;\"><strong>El Real Zaragoza, perdido Arriaga, recomienza la cobertura de una posici\u00f3n defensiva que le trae de cabeza. \u00abHa sido corto pero intenso\u00bb, escribe el hondure\u00f1o en su adi\u00f3s<\/strong><\/p>\n<p>El 30 de junio ha tra\u00eddo bajo el brazo la confirmaci\u00f3n de que Kervin Arriaga es inalcanzable para el Real Zaragoza y que el Levante ser\u00e1 su destino. La econom\u00eda del club no ha dado para prolongar el contrato del hondure\u00f1o pese a que se hab\u00eda alcanzado un acuerdo con el Partizan, ya que la suma de la operaci\u00f3n ascend\u00eda a unos 800.000 euros inasumibles para el conjunto aragon\u00e9s seg\u00fan el criterio de Txema Indias y de Gabi Fern\u00e1ndez. Director deportivo y t\u00e9cnico han preferido no invertir esa cantidad por lo que supondr\u00eda de renuncia a otras posibles negociaciones para reforzar la plantilla, condicionada por una situaci\u00f3n financiera estrangulada por la cantidad de futbolistas con relaciones contractuales en activo. El mes de julio abre sus puertas sin el Misilito, con las salidas de Femen\u00edas, Jair y Nieto, sin ning\u00fan fichaje cerrado y con la campa\u00f1a de abonados pendiente de presentaci\u00f3n. Todo el trabajo por hacer con el 11 de julio como fecha de regreso al trabajo y Los \u00c1ngeles de San Rafael y Benasque como destinos de los <em>stages<\/em> de pretemporada.<\/p>\n<p>La imposibilidad de firmar a Arriaga no es una cuesti\u00f3n balad\u00ed. Sea cual sea el proyecto del Real Zaragoza, que esta temporada se va a forjar desde la moderaci\u00f3n en todos los sentidos, la no presencia de un futbolista de sus caracter\u00edsticas abre un abismo considerable, un espacio que se ocup\u00f3 el pasado mercado de invierno cuando se logr\u00f3 su cesi\u00f3n y para el que habr\u00e1 que buscar un heredero. En los \u00faltimos a\u00f1os, esa rol tan espec\u00edfico lo han interpretado Jaume Grau y Marc Aguado por lo que se refiere a ocupaci\u00f3n posicional, pero nunca se hab\u00eda conseguido la presencia f\u00edsica que exige el puesto y m\u00e1s para un equipo desnudo en defensa. Desde el primer minuto, Arriaga dej\u00f3 claro que no era un virtuoso, sino un destructor de lujo, un tenaz ganador de duelos a\u00e9reos y terrestres para alivio de sus compa\u00f1eros. Un hurac\u00e1n que arrasa con todo lo que le sale al paso. La liberaci\u00f3n que sufri\u00f3 el Real Zaragoza, aun con muchos defectos irreparables, fue total hasta tal punto que la permanencia no se entiende sin su figura ni su guada\u00f1a.<\/p>\n<p>Sencillo en el manejo de la pelota, una vez y otra recuperada por su tit\u00e1nico im\u00e1n, el conjunto aragon\u00e9s sobrevivi\u00f3 no sin apuros. El centro del campo va a llorar ese breve pero intenso pasaje de Arriaga en el caso de no hallar el relevo adecuado. A la necesidad imperiosa de obtener tres centrales se suma la urgencia de remachar ese eje con un mediocentro defensivo de toda la vida. Las diferentes combinaciones con las que se experiment\u00f3 en esa parcela antes de su fichaje no pudieron maquillar una mancha permanente, la de la falta de m\u00fasculo. Las lesiones de Keidi Bare, de semejante casta guerra aunque distintos registros, tampoco ayud\u00f3. En el doble pivote siempre faltaba el hermano mayor. Francho, Moya, Guti y Bare siguen en la sala de m\u00e1quinas, pero el Real Zaragoza solicita en el manejo de los tiempos un Kronos lo m\u00e1s pr\u00f3ximo posible a Kervin Arriaga.<\/p>\n<p><strong>Carta de despedida<\/strong><\/p>\n<p>El jugador ha publicado en su cuenta de Instagram una carta de despedida. \u00abHa sido corto pero intenso\u00bb, escribe el centrocampista. \u00abHoy no digo adi\u00f3s, prefiero deciros hasta la vista\u00bb.<\/p>\n<blockquote class=\"instagram-media\" style=\"background: #FFF; border: 0; border-radius: 3px; box-shadow: 0 0 1px 0 rgba(0,0,0,0.5),0 1px 10px 0 rgba(0,0,0,0.15); margin: 1px; max-width: 540px; min-width: 326px; padding: 0; width: calc(100% - 2px);\" data-instgrm-captioned=\"\" data-instgrm-permalink=\"https:\/\/www.instagram.com\/p\/DLiGWezvZ0m\/?utm_source=ig_embed&amp;utm_campaign=loading\" data-instgrm-version=\"14\">\n<div style=\"padding: 16px;\">\n<p>&nbsp;<\/p>\n<div style=\"display: flex; flex-direction: row; align-items: center;\">\n<div style=\"background-color: #f4f4f4; border-radius: 50%; flex-grow: 0; height: 40px; margin-right: 14px; width: 40px;\"><\/div>\n<div style=\"display: flex; flex-direction: column; flex-grow: 1; justify-content: center;\">\n<div style=\"background-color: #f4f4f4; border-radius: 4px; flex-grow: 0; height: 14px; margin-bottom: 6px; width: 100px;\"><\/div>\n<div style=\"background-color: #f4f4f4; border-radius: 4px; flex-grow: 0; height: 14px; width: 60px;\"><\/div>\n<\/div>\n<\/div>\n<div style=\"padding: 19% 0;\"><\/div>\n<div style=\"display: block; height: 50px; margin: 0 auto 12px; width: 50px;\"><\/div>\n<div style=\"padding-top: 8px;\">\n<div style=\"color: #3897f0; font-family: Arial,sans-serif; font-size: 14px; font-style: normal; font-weight: 550; line-height: 18px;\">Ver esta publicaci\u00f3n en Instagram<\/div>\n<\/div>\n<div style=\"padding: 12.5% 0;\"><\/div>\n<div style=\"display: flex; flex-direction: row; margin-bottom: 14px; align-items: center;\">\n<div>\n<div style=\"background-color: #f4f4f4; border-radius: 50%; height: 12.5px; width: 12.5px; transform: translateX(0px) translateY(7px);\"><\/div>\n<div style=\"background-color: #f4f4f4; height: 12.5px; transform: rotate(-45deg) translateX(3px) translateY(1px); width: 12.5px; flex-grow: 0; margin-right: 14px; margin-left: 2px;\"><\/div>\n<div style=\"background-color: #f4f4f4; border-radius: 50%; height: 12.5px; width: 12.5px; transform: translateX(9px) translateY(-18px);\"><\/div>\n<\/div>\n<div style=\"margin-left: 8px;\">\n<div style=\"background-color: #f4f4f4; border-radius: 50%; flex-grow: 0; height: 20px; width: 20px;\"><\/div>\n<div style=\"width: 0; height: 0; border-top: 2px solid transparent; border-left: 6px solid #f4f4f4; border-bottom: 2px solid transparent; transform: translateX(16px) translateY(-4px) rotate(30deg);\"><\/div>\n<\/div>\n<div style=\"margin-left: auto;\">\n<div style=\"width: 0px; border-top: 8px solid #F4F4F4; border-right: 8px solid transparent; transform: translateY(16px);\"><\/div>\n<div style=\"background-color: #f4f4f4; flex-grow: 0; height: 12px; width: 16px; transform: translateY(-4px);\"><\/div>\n<div style=\"width: 0; height: 0; border-top: 8px solid #F4F4F4; border-left: 8px solid transparent; transform: translateY(-4px) translateX(8px);\"><\/div>\n<\/div>\n<\/div>\n<div style=\"display: flex; flex-direction: column; flex-grow: 1; justify-content: center; margin-bottom: 24px;\">\n<div style=\"background-color: #f4f4f4; border-radius: 4px; flex-grow: 0; height: 14px; margin-bottom: 6px; width: 224px;\"><\/div>\n<div style=\"background-color: #f4f4f4; border-radius: 4px; flex-grow: 0; height: 14px; width: 144px;\"><\/div>\n<\/div>\n<p>&nbsp;<\/p>\n<p style=\"color: #c9c8cd; font-family: Arial,sans-serif; font-size: 14px; line-height: 17px; margin-bottom: 0; margin-top: 8px; overflow: hidden; padding: 8px 0 7px; text-align: center; text-overflow: ellipsis; white-space: nowrap;\"><a style=\"color: #c9c8cd; font-family: Arial,sans-serif; font-size: 14px; font-style: normal; font-weight: normal; line-height: 17px; text-decoration: none;\" href=\"https:\/\/www.instagram.com\/p\/DLiGWezvZ0m\/?utm_source=ig_embed&amp;utm_campaign=loading\" target=\"_blank\" rel=\"noopener\">Una publicaci\u00f3n compartida por Kervin Arriaga (@kervinarriaga_33)<\/a><\/p>\n<\/div>\n<\/blockquote>\n<p><script async src=\"\/\/www.instagram.com\/embed.js\"><\/script><\/p>\n","protected":false},"excerpt":{"rendered":"<p>El Real Zaragoza, perdido Arriaga, recomienza la cobertura de una posici\u00f3n defensiva que le trae de cabeza. \u00abHa sido corto pero intenso\u00bb, escribe el hondure\u00f1o en su adi\u00f3s El 30 de junio ha tra\u00eddo bajo el brazo la confirmaci\u00f3n de que Kervin Arriaga es inalcanzable para el Real Zaragoza y <a class=\"read-more\" href=\"https:\/\/principesdeparis.es\/principes\/mediocentro-de-mi-vida\/\">Sigue leyendo<\/a><\/p>\n","protected":false},"author":2,"featured_media":19566,"comment_status":"open","ping_status":"open","sticky":false,"template":"","format":"standard","meta":{"footnotes":""},"categories":[13,1],"tags":[],"class_list":["post-19563","post","type-post","status-publish","format-standard","has-post-thumbnail","hentry","category-publicidad","category-real-zaragoza"],"_links":{"self":[{"href":"https:\/\/principesdeparis.es\/principes\/wp-json\/wp\/v2\/posts\/19563","targetHints":{"allow":["GET"]}}],"collection":[{"href":"https:\/\/principesdeparis.es\/principes\/wp-json\/wp\/v2\/posts"}],"about":[{"href":"https:\/\/principesdeparis.es\/principes\/wp-json\/wp\/v2\/types\/post"}],"author":[{"embeddable":true,"href":"https:\/\/principesdeparis.es\/principes\/wp-json\/wp\/v2\/users\/2"}],"replies":[{"embeddable":true,"href":"https:\/\/principesdeparis.es\/principes\/wp-json\/wp\/v2\/comments?post=19563"}],"version-history":[{"count":5,"href":"https:\/\/principesdeparis.es\/principes\/wp-json\/wp\/v2\/posts\/19563\/revisions"}],"predecessor-version":[{"id":19569,"href":"https:\/\/principesdeparis.es\/principes\/wp-json\/wp\/v2\/posts\/19563\/revisions\/19569"}],"wp:featuredmedia":[{"embeddable":true,"href":"https:\/\/principesdeparis.es\/principes\/wp-json\/wp\/v2\/media\/19566"}],"wp:attachment":[{"href":"https:\/\/principesdeparis.es\/principes\/wp-json\/wp\/v2\/media?parent=19563"}],"wp:term":[{"taxonomy":"category","embeddable":true,"href":"https:\/\/principesdeparis.es\/principes\/wp-json\/wp\/v2\/categories?post=19563"},{"taxonomy":"post_tag","embeddable":true,"href":"https:\/\/principesdeparis.es\/principes\/wp-json\/wp\/v2\/tags?post=19563"}],"curies":[{"name":"wp","href":"https:\/\/api.w.org\/{rel}","templated":true}]}}