{"id":19570,"date":"2025-07-01T19:38:16","date_gmt":"2025-07-01T19:38:16","guid":{"rendered":"https:\/\/principesdeparis.es\/principes\/?p=19570"},"modified":"2025-07-01T22:58:06","modified_gmt":"2025-07-01T22:58:06","slug":"el-real-zaragoza-comienza-la-liga-fuera-contra-la-real-sociedad-b","status":"publish","type":"post","link":"https:\/\/principesdeparis.es\/principes\/el-real-zaragoza-comienza-la-liga-fuera-contra-la-real-sociedad-b\/","title":{"rendered":"El Real Zaragoza comienza la Liga fuera contra la Real Sociedad B"},"content":{"rendered":"<p>El Real Zaragoza de Gabi Fern\u00e1ndez arrancar\u00e1 la Liga 2025-2026 a domicilio, en Zubieta, contra el reci\u00e9n ascendido Real Sociedad B el fin de semana del 17 de agosto. El conjunto aragon\u00e9s se enfrentar\u00e1 en la segunda jornada al tambi\u00e9n ascendido Andorra en el que ser\u00e1 el estreno oficial del nuevo campo modular, mientras que en la tercera le espera en Castalia el Castell\u00f3n. El partido de ida frente al Huesca se disputar\u00e1 el 16 de noviembre en el Ibercaja Estadio y el de vuelta en El Alcoraz el 26 de abril. La temporada se cerrar\u00e1 en casa frente al M\u00e1laga.<\/p>\n<blockquote class=\"twitter-tweet\">\n<p lang=\"es\" dir=\"ltr\">\ufe0f Este es nuestro   <a href=\"https:\/\/t.co\/v2nQoWQ5tI\">pic.twitter.com\/v2nQoWQ5tI<\/a><\/p>\n<p>&mdash; Real Zaragoza (@RealZaragoza) <a href=\"https:\/\/twitter.com\/RealZaragoza\/status\/1940154152950386982?ref_src=twsrc%5Etfw\">July 1, 2025<\/a><\/p><\/blockquote>\n<p> <script async src=\"https:\/\/platform.twitter.com\/widgets.js\" charset=\"utf-8\"><\/script><\/p>\n","protected":false},"excerpt":{"rendered":"<p>El Real Zaragoza de Gabi Fern\u00e1ndez arrancar\u00e1 la Liga 2025-2026 a domicilio, en Zubieta, contra el reci\u00e9n ascendido Real Sociedad B el fin de semana del 17 de agosto. El conjunto aragon\u00e9s se enfrentar\u00e1 en la segunda jornada al tambi\u00e9n ascendido Andorra en el que ser\u00e1 el estreno oficial del <a class=\"read-more\" href=\"https:\/\/principesdeparis.es\/principes\/el-real-zaragoza-comienza-la-liga-fuera-contra-la-real-sociedad-b\/\">Sigue leyendo<\/a><\/p>\n","protected":false},"author":2,"featured_media":19571,"comment_status":"open","ping_status":"open","sticky":false,"template":"","format":"standard","meta":{"footnotes":""},"categories":[13,1],"tags":[],"class_list":["post-19570","post","type-post","status-publish","format-standard","has-post-thumbnail","hentry","category-publicidad","category-real-zaragoza"],"_links":{"self":[{"href":"https:\/\/principesdeparis.es\/principes\/wp-json\/wp\/v2\/posts\/19570","targetHints":{"allow":["GET"]}}],"collection":[{"href":"https:\/\/principesdeparis.es\/principes\/wp-json\/wp\/v2\/posts"}],"about":[{"href":"https:\/\/principesdeparis.es\/principes\/wp-json\/wp\/v2\/types\/post"}],"author":[{"embeddable":true,"href":"https:\/\/principesdeparis.es\/principes\/wp-json\/wp\/v2\/users\/2"}],"replies":[{"embeddable":true,"href":"https:\/\/principesdeparis.es\/principes\/wp-json\/wp\/v2\/comments?post=19570"}],"version-history":[{"count":14,"href":"https:\/\/principesdeparis.es\/principes\/wp-json\/wp\/v2\/posts\/19570\/revisions"}],"predecessor-version":[{"id":19585,"href":"https:\/\/principesdeparis.es\/principes\/wp-json\/wp\/v2\/posts\/19570\/revisions\/19585"}],"wp:featuredmedia":[{"embeddable":true,"href":"https:\/\/principesdeparis.es\/principes\/wp-json\/wp\/v2\/media\/19571"}],"wp:attachment":[{"href":"https:\/\/principesdeparis.es\/principes\/wp-json\/wp\/v2\/media?parent=19570"}],"wp:term":[{"taxonomy":"category","embeddable":true,"href":"https:\/\/principesdeparis.es\/principes\/wp-json\/wp\/v2\/categories?post=19570"},{"taxonomy":"post_tag","embeddable":true,"href":"https:\/\/principesdeparis.es\/principes\/wp-json\/wp\/v2\/tags?post=19570"}],"curies":[{"name":"wp","href":"https:\/\/api.w.org\/{rel}","templated":true}]}}