{"id":19586,"date":"2025-07-02T09:23:42","date_gmt":"2025-07-02T09:23:42","guid":{"rendered":"https:\/\/principesdeparis.es\/principes\/?p=19586"},"modified":"2025-07-02T09:46:10","modified_gmt":"2025-07-02T09:46:10","slug":"que-me-expliquen-lo-de-liso","status":"publish","type":"post","link":"https:\/\/principesdeparis.es\/principes\/que-me-expliquen-lo-de-liso\/","title":{"rendered":"Que me expliquen lo de Liso"},"content":{"rendered":"<p style=\"text-align: center;\"><strong>Los clubes anuncian la cesi\u00f3n del canterano al Getafe, un jugador de gran potencial, en una discutible operaci\u00f3n de trueque con Gabi no reconocida por el Real Zaragoza<\/strong><\/p>\n<p>Hay quien piensa que la salida de Adri\u00e1n Liso hacia el Getafe no supone ning\u00fan trauma. Que el chico no ha dado mucho de s\u00ed la pasada temporada en su experiencia completa en el Real Zaragoza y que, posiblemente, vaya de turismo a Madrid para jugar poco en Primera y regresar despu\u00e9s de un a\u00f1o de cesi\u00f3n sin \u00e9xito para el futbolista. En el contexto de su rendimiento ese curso, en el que deber\u00eda haber confirmado su calidad despu\u00e9s de su arrebatador debut con 18 a\u00f1os el anterior, los apostadores pesimistas con su futuro tienen considerables opciones de acertar esa quiniela. Existe una trampa sin embargo en esa valoraci\u00f3n, primero porque estamos ante un jugador de enorme potencial &#8211;sin duda a\u00fan en proceso de aprendizaje de c\u00f3mo amplificar sus aut\u00e9nticas prestaciones&#8211; y segundo porque que cualquier an\u00e1lisis individual en el equipo conduce a concluir que la mayor\u00eda de los componentes de la plantilla han empeorado con creces sus versiones.<\/p>\n<p>Liso ha estado obtuso, confundido, enredado por entrenadores que le han transportado por todas las posiciones, hasta la de lateral. En ese viaje infernal hacia la permanencia, ha acusado su falta de madurez, y en lugar de crecer se ha estancado. No obstante, el extremo se aleja por completo del perfil de chico del filial pasajero que hace dos buenos partidos para diluirse despu\u00e9s. Cay\u00f3 como una bomba en su estreno y en los encuentros posteriores, con la insolencia, la verticalidad e incluso el gol de alguien que viene para quedarse con nombre propio. Una zurda potente, un f\u00edsico poderoso para su edad con capacidad para sacar centros de la nada que no se aprovechaban porque el \u00e1rea estaba desocupada por la falta de estrategia adecuada para exprimir sus virtudes. En ese momento, y con raz\u00f3n, el p\u00fablico en general contempl\u00f3 una perla por pulir.<\/p>\n<p>Tambi\u00e9n lo hizo Jos\u00e9 Bordal\u00e1s, un entrenador que construye sus equipos con jugadores muy espec\u00edficos, a los que exige sobre todas las cosas m\u00e1xima intensidad. El t\u00e9cnico persigui\u00f3 su fichaje el pasado verano pero el Real Zaragoza remiti\u00f3 a su cl\u00e1usula. Sucedi\u00f3 que la trayectoria del equipo se torci\u00f3 por completo y en la b\u00fasqueda de la salvaci\u00f3n tras la salida de V\u00edctor Fern\u00e1ndez y el despido de Miguel \u00c1ngel Ram\u00edrez, la propiedad eligi\u00f3 a Gabi Fern\u00e1ndez, casualmente con relaci\u00f3n contractual con el Getafe B. Los azulones aprovecharon la coyuntura y en la mesa de negociaci\u00f3n para abrir la puerta al entrenador pusieron el nombre de Adri\u00e1n Liso. Ese acuerdo nunca se ha reconocido, pero existe una dato que lo confirma: renovado Gabi un a\u00f1o m\u00e1s, tres d\u00edas despu\u00e9s el futbolista se despidi\u00f3 en redes sociales sin que ninguno de los clubes se manifestara al respecto hasta hoy, tanto el Real Zaragoza como el Getafe.<\/p>\n<p>El trueque ha generado cierta divisi\u00f3n de opiniones, pero tambi\u00e9n una confusi\u00f3n paralela. El cambio era como m\u00ednimo discutible cuando se produjo y lo sigue siendo ahora. Liso ha dado poco este a\u00f1o, pero es un valor incuestionable que de convencer a Bordal\u00e1s se ir\u00e1 para siempre; Gabi Fern\u00e1ndez vino sin experiencia y en su paso por La Romareda para salvar al equipo no ha dejado huella trascendental. Su influencia apenas se ha detectado por mucho que sus garantes hayan percibido una mejor\u00eda atmosf\u00e9rica en el vestuario, un impulso an\u00edmico sin, por otra parte, la menor aportaci\u00f3n futbol\u00edstica. Se sacaron los puntos suficientes para lograr el objetivo, pero agonizando, con el Eldense colaborando en el salvamento y en su propia condena. El canje es a todas luces desfavorable. Inexplicable.<\/p>\n<blockquote class=\"twitter-tweet\">\n<p dir=\"ltr\" lang=\"es\">: Acuerdo con el Real Zaragoza para la cesi\u00f3n de Adri\u00e1n Liso para la temporada 2025\/2026.<\/p>\n<p>\u00a1Bienvenido a Getafe, Adri!<\/p>\n<p>\u2014 Getafe C.F. (@GetafeCF) <a href=\"https:\/\/twitter.com\/GetafeCF\/status\/1940319539666845891?ref_src=twsrc%5Etfw\">July 2, 2025<\/a><\/p><\/blockquote>\n<p><script async src=\"https:\/\/platform.twitter.com\/widgets.js\" charset=\"utf-8\"><\/script><\/p>\n","protected":false},"excerpt":{"rendered":"<p>Los clubes anuncian la cesi\u00f3n del canterano al Getafe, un jugador de gran potencial, en una discutible operaci\u00f3n de trueque con Gabi no reconocida por el Real Zaragoza Hay quien piensa que la salida de Adri\u00e1n Liso hacia el Getafe no supone ning\u00fan trauma. Que el chico no ha dado <a class=\"read-more\" href=\"https:\/\/principesdeparis.es\/principes\/que-me-expliquen-lo-de-liso\/\">Sigue leyendo<\/a><\/p>\n","protected":false},"author":2,"featured_media":19587,"comment_status":"open","ping_status":"open","sticky":false,"template":"","format":"standard","meta":{"footnotes":""},"categories":[13,1],"tags":[],"class_list":["post-19586","post","type-post","status-publish","format-standard","has-post-thumbnail","hentry","category-publicidad","category-real-zaragoza"],"_links":{"self":[{"href":"https:\/\/principesdeparis.es\/principes\/wp-json\/wp\/v2\/posts\/19586","targetHints":{"allow":["GET"]}}],"collection":[{"href":"https:\/\/principesdeparis.es\/principes\/wp-json\/wp\/v2\/posts"}],"about":[{"href":"https:\/\/principesdeparis.es\/principes\/wp-json\/wp\/v2\/types\/post"}],"author":[{"embeddable":true,"href":"https:\/\/principesdeparis.es\/principes\/wp-json\/wp\/v2\/users\/2"}],"replies":[{"embeddable":true,"href":"https:\/\/principesdeparis.es\/principes\/wp-json\/wp\/v2\/comments?post=19586"}],"version-history":[{"count":5,"href":"https:\/\/principesdeparis.es\/principes\/wp-json\/wp\/v2\/posts\/19586\/revisions"}],"predecessor-version":[{"id":19592,"href":"https:\/\/principesdeparis.es\/principes\/wp-json\/wp\/v2\/posts\/19586\/revisions\/19592"}],"wp:featuredmedia":[{"embeddable":true,"href":"https:\/\/principesdeparis.es\/principes\/wp-json\/wp\/v2\/media\/19587"}],"wp:attachment":[{"href":"https:\/\/principesdeparis.es\/principes\/wp-json\/wp\/v2\/media?parent=19586"}],"wp:term":[{"taxonomy":"category","embeddable":true,"href":"https:\/\/principesdeparis.es\/principes\/wp-json\/wp\/v2\/categories?post=19586"},{"taxonomy":"post_tag","embeddable":true,"href":"https:\/\/principesdeparis.es\/principes\/wp-json\/wp\/v2\/tags?post=19586"}],"curies":[{"name":"wp","href":"https:\/\/api.w.org\/{rel}","templated":true}]}}