{"id":19593,"date":"2025-07-03T07:20:45","date_gmt":"2025-07-03T07:20:45","guid":{"rendered":"https:\/\/principesdeparis.es\/principes\/?p=19593"},"modified":"2025-07-03T08:12:29","modified_gmt":"2025-07-03T08:12:29","slug":"vital-sale-traspasado","status":"publish","type":"post","link":"https:\/\/principesdeparis.es\/principes\/vital-sale-traspasado\/","title":{"rendered":"Vital sale traspasado"},"content":{"rendered":"<p>El Real Zaragoza y el Jagiellonia Bia\u0142ystok polaco han acordado el traspaso del central portugu\u00e9s, que lleg\u00f3 el verano pasado del Estoril y s\u00f3lo ha cumplido una de las dos temporadas, m\u00e1s dos opcionales, por las que firm\u00f3 con el conjunto aragon\u00e9s. El defensa ha disputado 33 partidos de Liga, 31 como titular, y dos m\u00e1s de Copa. La salida del luso entra dentro de la planificaci\u00f3n de un cuerpo t\u00e9cnico que trabaja en la reconstrucci\u00f3n del equipo, pero sobre todo de su l\u00ednea defensiva y en concreto de sus centrales. Jair no fue renovado, al igual que Nieto, y tampoco Llu\u00eds L\u00f3pez, a quien se le ha comunicado que se mantenga a la espera aunque el catal\u00e1n no parece muy dispuesto a conceder esa pr\u00f3rroga para una hipot\u00e9tica renovaci\u00f3n. Clemente ha vuelto al Las Palmas.<\/p>\n<p>Vital no era ni de lejos la primera opci\u00f3n para el puesto en la remodelaci\u00f3n defensiva que se acometi\u00f3 con V\u00edctor Fern\u00e1ndez y Juan Carlos Cordero, pero la imposibilidad de fichar a Basso, Kostis y Lekovic condujo a la contrataci\u00f3n del portugu\u00e9s, por quien el Real Zaragoza se hizo a coste cero con el 50% d sus derechos. El futbolista debut\u00f3 en C\u00e1diz, en el primer partido de Liga, apenas reci\u00e9n llegado y ante la negativa de Jair a ser titular en el Nuevo Mirandilla por no hallarse en el mejor estado de forma competitivo. Su actuaci\u00f3n, como el del resto del equipo, fue sobresaliente en la victoria por 0-4. Sin embargo, con el transcurso de las jornadas, su rendimiento fue a menos. Pese a todo tuvo la confianza de V\u00edctor Fern\u00e1ndez y de Miguel \u00c1ngel Ram\u00edrez. No tanto con Gabi, quien eligi\u00f3 a Llu\u00eds L\u00f3pez en su lugar.<\/p>\n<p>Con Vital son ya cinco los futbolistas, por rescisi\u00f3n y por no renovaci\u00f3n, que han abandonado la disciplina zaragocista desde que Txema Indias se hizo cargo de la direcci\u00f3n deportiva. Femen\u00edas fue el primero y le siguieron Jair, Nieto,\u00a0 Llu\u00eds L\u00f3pez por el momento y Arriaga, este en direcci\u00f3n al Levante. Adu Ares, Alberto Mar\u00ed y Clemente, cedidos, regresaron a sus clubes de procedencia. Luna est\u00e1 pendiente de conocer su destino y con Kosa se estudia una cesi\u00f3n. Adem\u00e1s, Adri\u00e1n Liso ha recalado en el Getafe a pr\u00e9stamo durante la pr\u00f3xima temporada.<\/p>\n<p>&nbsp;<\/p>\n","protected":false},"excerpt":{"rendered":"<p>El Real Zaragoza y el Jagiellonia Bia\u0142ystok polaco han acordado el traspaso del central portugu\u00e9s, que lleg\u00f3 el verano pasado del Estoril y s\u00f3lo ha cumplido una de las dos temporadas, m\u00e1s dos opcionales, por las que firm\u00f3 con el conjunto aragon\u00e9s. El defensa ha disputado 33 partidos de Liga, <a class=\"read-more\" href=\"https:\/\/principesdeparis.es\/principes\/vital-sale-traspasado\/\">Sigue leyendo<\/a><\/p>\n","protected":false},"author":2,"featured_media":19594,"comment_status":"open","ping_status":"open","sticky":false,"template":"","format":"standard","meta":{"footnotes":""},"categories":[13,1],"tags":[],"class_list":["post-19593","post","type-post","status-publish","format-standard","has-post-thumbnail","hentry","category-publicidad","category-real-zaragoza"],"_links":{"self":[{"href":"https:\/\/principesdeparis.es\/principes\/wp-json\/wp\/v2\/posts\/19593","targetHints":{"allow":["GET"]}}],"collection":[{"href":"https:\/\/principesdeparis.es\/principes\/wp-json\/wp\/v2\/posts"}],"about":[{"href":"https:\/\/principesdeparis.es\/principes\/wp-json\/wp\/v2\/types\/post"}],"author":[{"embeddable":true,"href":"https:\/\/principesdeparis.es\/principes\/wp-json\/wp\/v2\/users\/2"}],"replies":[{"embeddable":true,"href":"https:\/\/principesdeparis.es\/principes\/wp-json\/wp\/v2\/comments?post=19593"}],"version-history":[{"count":16,"href":"https:\/\/principesdeparis.es\/principes\/wp-json\/wp\/v2\/posts\/19593\/revisions"}],"predecessor-version":[{"id":19611,"href":"https:\/\/principesdeparis.es\/principes\/wp-json\/wp\/v2\/posts\/19593\/revisions\/19611"}],"wp:featuredmedia":[{"embeddable":true,"href":"https:\/\/principesdeparis.es\/principes\/wp-json\/wp\/v2\/media\/19594"}],"wp:attachment":[{"href":"https:\/\/principesdeparis.es\/principes\/wp-json\/wp\/v2\/media?parent=19593"}],"wp:term":[{"taxonomy":"category","embeddable":true,"href":"https:\/\/principesdeparis.es\/principes\/wp-json\/wp\/v2\/categories?post=19593"},{"taxonomy":"post_tag","embeddable":true,"href":"https:\/\/principesdeparis.es\/principes\/wp-json\/wp\/v2\/tags?post=19593"}],"curies":[{"name":"wp","href":"https:\/\/api.w.org\/{rel}","templated":true}]}}