{"id":19612,"date":"2025-07-04T09:21:27","date_gmt":"2025-07-04T09:21:27","guid":{"rendered":"https:\/\/principesdeparis.es\/principes\/?p=19612"},"modified":"2025-07-04T18:55:32","modified_gmt":"2025-07-04T18:55:32","slug":"los-fichajes-son-para-julio","status":"publish","type":"post","link":"https:\/\/principesdeparis.es\/principes\/los-fichajes-son-para-julio\/","title":{"rendered":"Los fichajes son para julio"},"content":{"rendered":"<p style=\"text-align: center;\"><strong>La mayor\u00eda de movimientos en el mercado de verano con la multipropiedad al frente se ha producido en este mes, a\u00fan sin estrenarse este a\u00f1o<\/strong><\/p>\n<p>4 de julio y el Real Zaragoza no ha fichado a nadie. El club, en concreto su director deportivo Txema Indias, est\u00e1 inmerso en la ejecuci\u00f3n de las salidas para establecer un marco deportivo y econ\u00f3mico en el que configurar el nuevo proyecto. Por el momento se ha abierto la puerta para Femen\u00edas, Jair, Nieto, Vital, Sergi Enrich y Llu\u00eds L\u00f3pez a la espera de que el central considere la propuesta de ser repescado. Liso se ha ido cedido al Getafe y Vital ha sido traspasado al Jagiellonia polaco, mientras que Clemente, Adu Ares y Mart\u00ed han regresado a sus clubes de origen, al igual que un Arriaga que al final ha firmado por el Levante. Falta por concretar los destinos de Luna, si se recibe alguna oferta interesante por el lateral con el Almer\u00eda muy cerca de contratarle, y Kosa, con una doble opci\u00f3n para el eslovaco de ser vendido o cedido.<\/p>\n<p>El trabajo se ha concentrado casi en exclusiva en hacer hueco para las futuras adquisiciones, trece operaciones con dos a\u00fan pendientes de concretarse. Los futbolistas empiezan ya a circular en diferentes direcciones y cierto grado de ansiedad ha comenzado a aparecer en una afici\u00f3n que contempla c\u00f3mo hay mas noticias sobre el estadio en construcci\u00f3n y en el nuevo campo del P\u00e1rking Norte que de nuevos jugadores, sobre todo porque la mayor\u00eda de los equipos de Segunda ya se han movido en este sentido.<\/p>\n<p>Junio se ha ido de vac\u00edo para el Real Zaragoza, pero es un mes sin gran actividad en general en la categor\u00eda. Con la multipropiedad al frente tan s\u00f3lo tres futbolistas hab\u00edan sido presentados en ese mes: Maikel Mesa en la 2023-2024 y Sober\u00f3n y Femen\u00edas el curso pasado. En los tres \u00faltimos a\u00f1os ha sido julio el epicentro del tr\u00e1fico de entradas con 15 fichajes: en la 2022-2023 aterrizaron Jairo Quinteros, Simeone, Dani Rebollo, Mollejo y Manu Molina en el verano m\u00e1s comedido hasta el momento con s\u00f3lo siete contrataciones. Gueye apareci\u00f3 el 31 de agosto y Gabriel Fuentes el 1 de septiembre. Igual de concurrido fue julio en el mercado estival de la 2023-2024 (Lecoeuche, Bakis, Toni Moya, Sergi Enrich y Poussin) y de la 2024-2025 (Tasende, Gori Gracia, Calero, Bazdar y Keidi Bare).<\/p>\n<p>Agosto va a la zaga aunque tambi\u00e9n con un considerable flujo de jugadores, once: Gueye en la primera campa\u00f1a, y ya en la segunda, Mollejo, Valera, Mouri\u00f1o y Manu Vallejo. El m\u00e1s ajetreado fue el pasado con media docena de operaciones: Aketxe, Vital, Kosa, Clemente, Alberto Mar\u00ed y Adu Ares). Con todo por hacer, julio deber\u00eda arrancar cuanto antes con su fama de mes principal.<\/p>\n","protected":false},"excerpt":{"rendered":"<p>La mayor\u00eda de movimientos en el mercado de verano con la multipropiedad al frente se ha producido en este mes, a\u00fan sin estrenarse este a\u00f1o 4 de julio y el Real Zaragoza no ha fichado a nadie. El club, en concreto su director deportivo Txema Indias, est\u00e1 inmerso en la <a class=\"read-more\" href=\"https:\/\/principesdeparis.es\/principes\/los-fichajes-son-para-julio\/\">Sigue leyendo<\/a><\/p>\n","protected":false},"author":2,"featured_media":19613,"comment_status":"open","ping_status":"open","sticky":false,"template":"","format":"standard","meta":{"footnotes":""},"categories":[13,1],"tags":[],"class_list":["post-19612","post","type-post","status-publish","format-standard","has-post-thumbnail","hentry","category-publicidad","category-real-zaragoza"],"_links":{"self":[{"href":"https:\/\/principesdeparis.es\/principes\/wp-json\/wp\/v2\/posts\/19612","targetHints":{"allow":["GET"]}}],"collection":[{"href":"https:\/\/principesdeparis.es\/principes\/wp-json\/wp\/v2\/posts"}],"about":[{"href":"https:\/\/principesdeparis.es\/principes\/wp-json\/wp\/v2\/types\/post"}],"author":[{"embeddable":true,"href":"https:\/\/principesdeparis.es\/principes\/wp-json\/wp\/v2\/users\/2"}],"replies":[{"embeddable":true,"href":"https:\/\/principesdeparis.es\/principes\/wp-json\/wp\/v2\/comments?post=19612"}],"version-history":[{"count":7,"href":"https:\/\/principesdeparis.es\/principes\/wp-json\/wp\/v2\/posts\/19612\/revisions"}],"predecessor-version":[{"id":19627,"href":"https:\/\/principesdeparis.es\/principes\/wp-json\/wp\/v2\/posts\/19612\/revisions\/19627"}],"wp:featuredmedia":[{"embeddable":true,"href":"https:\/\/principesdeparis.es\/principes\/wp-json\/wp\/v2\/media\/19613"}],"wp:attachment":[{"href":"https:\/\/principesdeparis.es\/principes\/wp-json\/wp\/v2\/media?parent=19612"}],"wp:term":[{"taxonomy":"category","embeddable":true,"href":"https:\/\/principesdeparis.es\/principes\/wp-json\/wp\/v2\/categories?post=19612"},{"taxonomy":"post_tag","embeddable":true,"href":"https:\/\/principesdeparis.es\/principes\/wp-json\/wp\/v2\/tags?post=19612"}],"curies":[{"name":"wp","href":"https:\/\/api.w.org\/{rel}","templated":true}]}}