{"id":19616,"date":"2025-07-04T09:41:24","date_gmt":"2025-07-04T09:41:24","guid":{"rendered":"https:\/\/principesdeparis.es\/principes\/?p=19616"},"modified":"2025-09-02T06:47:02","modified_gmt":"2025-09-02T06:47:02","slug":"asi-el-mercado-de-segunda","status":"publish","type":"post","link":"https:\/\/principesdeparis.es\/principes\/asi-el-mercado-de-segunda\/","title":{"rendered":"As\u00ed queda el mercado de Segunda"},"content":{"rendered":"<figure class=\"ue-c-article__media ue-c-article__media--image\">\n<div class=\"ue-c-article__media-img-container ue-l-article--expand-edge-right-until-tablet ue-l-article--expand-edge-left-until-tablet\">\n<div class=\"ue-c-article__media-img-container ue-l-article--expand-edge-right-until-tablet ue-l-article--expand-edge-left-until-tablet\">El Real Zaragoza baja la persiana con un docena de incorporaciones: Sebas Moyano, extremo Cordob\u00e9s que ha jugado las dos \u00faltimas temporadas en el Real Oviedo, Tachi, excentral del Mirand\u00e9s, el central serbio Radovanovic , el lateral zurdo Carlos Pomares, el extremo Paulino (Oviedo), Valery Fern\u00e1ndez (Girona), el guardameta cedido por el Alav\u00e9s \u00a0Adri\u00e1n Rodr\u00edguez, el central Pablo Insua, el portero argentino Andrada,\u00a0 el\u00a0 delantero Kenan Kodro, el lateral derecho Martin Aguirregabiria y el mediocentro Akouokou.<strong>\u00a0<\/strong><\/div>\n<\/div>\n<div>\n<figure class=\"ue-c-article__media ue-c-article__media--image\">\n<div class=\"ue-c-article__media-img-container ue-l-article--expand-edge-right-until-tablet ue-l-article--expand-edge-left-until-tablet\">\n<figure class=\"ue-c-article__media ue-c-article__media--image\">\n<div class=\"ue-c-article__media-img-container ue-l-article--expand-edge-right-until-tablet ue-l-article--expand-edge-left-until-tablet\"><\/div>\n<\/figure>\n<div id=\"\" data-sc-container=\"smartIntxtTd\">\n<div data-sc-wrapper-sticky=\"\">\n<div class=\"ready\" data-sc-sticky=\"\">\n<div id=\"smartIntxtTd\" data-format=\"multiFormat\" data-size=\"350x700\" data-google-query-id=\"CMa16vCPzI4DFb9X9ggd3yAr2Q\" data-slot-built=\"true\">\n<div id=\"google_ads_iframe_\/5555,99071977\/InTxt_UE-MARCA-td-display\/futbol_default-intext_0__container__\">\n<figure class=\"ue-c-article__media ue-c-article__media--image\">\n<div class=\"ue-c-article__media-img-container ue-l-article--expand-edge-right-until-tablet ue-l-article--expand-edge-left-until-tablet\"><picture><img loading=\"lazy\" decoding=\"async\" class=\"ue-c-article__image lazyload\" src=\"https:\/\/e00-xlk-ue-marca.uecdn.es\/uploads\/2025\/06\/02\/683dcd4502d56.png\" alt=\"Zaragoza\" width=\"1320\" height=\"160\" \/><\/picture><\/div><figcaption class=\"ue-c-article__media-caption\"><\/figcaption><\/figure>\n<figure class=\"ue-c-article__media ue-c-article__media--image\">\n<div class=\"ue-c-article__media-img-container ue-l-article--expand-edge-right-until-tablet ue-l-article--expand-edge-left-until-tablet\"><\/div>\n<\/figure>\n<\/div>\n<\/div>\n<\/div>\n<\/div>\n<\/div>\n<figure class=\"ue-c-article__media ue-c-article__media--image\">\n<div class=\"ue-c-article__media-img-container ue-l-article--expand-edge-right-until-tablet ue-l-article--expand-edge-left-until-tablet\">\n<figure class=\"ue-c-article__media ue-c-article__media--image\">\n<div class=\"ue-c-article__media-img-container ue-l-article--expand-edge-right-until-tablet ue-l-article--expand-edge-left-until-tablet\">\n<figure class=\"ue-c-article__media ue-c-article__media--image\">\n<div class=\"ue-c-article__media-img-container ue-l-article--expand-edge-right-until-tablet ue-l-article--expand-edge-left-until-tablet\">\n<figure class=\"ue-c-article__media ue-c-article__media--image\"><figcaption class=\"ue-c-article__media-caption\">\n<div class=\"ue-c-article__media-caption-inner\">\n<p class=\"ue-c-article__paragraph paragraph\" data-mrf-recirculation=\"Links P\u00e1rrafos\"><strong>ALTAS<\/strong>: Sinan Bakis** (G\u00f3rnik Zabrze),\u00a0<a href=\"https:\/\/www.marca.com\/futbol\/zaragoza\/2025\/06\/23\/gran-oportunidad-juan-sebastian-zaragoza.html\" data-mrf-link=\"https:\/\/www.marca.com\/futbol\/zaragoza\/2025\/06\/23\/gran-oportunidad-juan-sebastian-zaragoza.html\">Juan Sebasti\u00e1n<\/a>** (Alcorc\u00f3n), Luis Carbonell** (Ejea),\u00a0<strong><a href=\"https:\/\/www.marca.com\/futbol\/zaragoza\/2025\/07\/06\/sebas-moyano-convierte-primer-fichaje-zaragoza.html\" data-mrf-link=\"https:\/\/www.marca.com\/futbol\/zaragoza\/2025\/07\/06\/sebas-moyano-convierte-primer-fichaje-zaragoza.html\">Sebas Moyano<\/a><\/strong>\u00a0(Oviedo),\u00a0<strong><a href=\"https:\/\/www.marca.com\/futbol\/zaragoza\/2025\/07\/09\/jabato-llega-zaragoza-tachi-firma-dos-temporadas.html\" data-mrf-link=\"https:\/\/www.marca.com\/futbol\/zaragoza\/2025\/07\/09\/jabato-llega-zaragoza-tachi-firma-dos-temporadas.html\">Tachi\u00a0<\/a><\/strong>(Mirand\u00e9s),\u00a0<strong><a href=\"https:\/\/www.marca.com\/futbol\/zaragoza\/2025\/07\/23\/radovanovic-almeria-ficha-zaragoza.html\" data-mrf-link=\"https:\/\/www.marca.com\/futbol\/zaragoza\/2025\/07\/23\/radovanovic-almeria-ficha-zaragoza.html\">Radovanovic\u00a0<\/a><\/strong>(Almer\u00eda),\u00a0<strong><a href=\"https:\/\/www.marca.com\/futbol\/zaragoza\/2025\/07\/31\/zaragoza-vuelve-fichar-oviedo-lleva-pomares.html\" data-mrf-link=\"https:\/\/www.marca.com\/futbol\/zaragoza\/2025\/07\/31\/zaragoza-vuelve-fichar-oviedo-lleva-pomares.html\">Pomares\u00a0<\/a><\/strong>(Oviedo),\u00a0<strong><a href=\"https:\/\/www.marca.com\/futbol\/zaragoza\/2025\/08\/02\/zaragoza-logra-triplete-fichajes-oviedo-paulino.html\" data-mrf-link=\"https:\/\/www.marca.com\/futbol\/zaragoza\/2025\/08\/02\/zaragoza-logra-triplete-fichajes-oviedo-paulino.html\">Paulino de la Fuente<\/a><\/strong>\u00a0(Oviedo),\u00a0<strong><a href=\"https:\/\/www.marca.com\/futbol\/zaragoza\/2025\/08\/08\/valery-oficial-gabi-zaragoza-extremo.html\" data-mrf-link=\"https:\/\/www.marca.com\/futbol\/zaragoza\/2025\/08\/08\/valery-oficial-gabi-zaragoza-extremo.html\">Valery\u00a0<\/a><\/strong>(Girona),\u00a0<strong><a href=\"https:\/\/www.marca.com\/futbol\/zaragoza\/2025\/08\/11\/zaragoza-cierra-primer-fichaje-porteria-adrian-rodriguez-cedido-alaves.html\" data-mrf-link=\"https:\/\/www.marca.com\/futbol\/zaragoza\/2025\/08\/11\/zaragoza-cierra-primer-fichaje-porteria-adrian-rodriguez-cedido-alaves.html\">Adri\u00e1n Rodr\u00edguez<\/a>*<\/strong>\u00a0(Alav\u00e9s),\u00a0<strong><a href=\"https:\/\/www.marca.com\/futbol\/zaragoza\/2025\/08\/25\/pablo-insua-rescate-zaragoza.html\" data-mrf-link=\"https:\/\/www.marca.com\/futbol\/zaragoza\/2025\/08\/25\/pablo-insua-rescate-zaragoza.html\">Pablo Insua<\/a><\/strong>\u00a0(Granada),\u00a0<strong><a href=\"https:\/\/www.marca.com\/futbol\/zaragoza\/2025\/09\/01\/zaragoza-cambia-rumbo-porteria-ficha-esteban-andrada.html\" data-mrf-link=\"https:\/\/www.marca.com\/futbol\/zaragoza\/2025\/09\/01\/zaragoza-cambia-rumbo-porteria-ficha-esteban-andrada.html\">Esteban Andrada<\/a><\/strong>* (Monterrey),\u00a0<strong><a href=\"https:\/\/www.marca.com\/futbol\/zaragoza\/2025\/09\/01\/zaragoza-sorprende-fichaje-kenan-kodro-akouokou.html\" data-mrf-link=\"https:\/\/www.marca.com\/futbol\/zaragoza\/2025\/09\/01\/zaragoza-sorprende-fichaje-kenan-kodro-akouokou.html\">Kenan Kodro<\/a><\/strong>* (Ferencvaros),\u00a0<strong><a href=\"https:\/\/www.marca.com\/futbol\/zaragoza\/2025\/09\/01\/zaragoza-sorprende-fichaje-kenan-kodro-akouokou.html\" data-mrf-link=\"https:\/\/www.marca.com\/futbol\/zaragoza\/2025\/09\/01\/zaragoza-sorprende-fichaje-kenan-kodro-akouokou.html\">Akouokou<\/a><\/strong>* (Olympique Lyon),\u00a0<strong><a href=\"https:\/\/www.marca.com\/futbol\/zaragoza\/2025\/09\/01\/zaragoza-encuentra-sobre-bocina-sustituto-calero-firma-aguirregabiria.html\" data-mrf-link=\"https:\/\/www.marca.com\/futbol\/zaragoza\/2025\/09\/01\/zaragoza-encuentra-sobre-bocina-sustituto-calero-firma-aguirregabiria.html\">Mart\u00edn Aguirregabiria<\/a><\/strong>\u00a0(Cartagena)<\/p>\n<div class=\"midwidget-taboola\">\n<div id=\"taboola-mid-article-mca-oc-1756794985547\" class=\"taboola-mid-article-widget trc_related_container tbl-trecs-container trc_spotlight_widget trc_elastic trc_elastic_organic-thumbnails-d-2x1\" data-placement-name=\"Mid Article-MCA-OC\" data-mrf-recirculation=\"Taboola Mid Article Widget\">\n<div class=\"trc_rbox_container\">\n<div id=\"trc_wrapper_9311994241\" class=\"trc_rbox organic-thumbnails-d-2x1 trc-content-hybrid\">\n<div id=\"trc_header_9311994241\" class=\"trc_rbox_header trc_rbox_border_elm\">\n<div class=\"trc_header_ext\"><\/div>\n<\/div>\n<div id=\"outer_9311994241\" class=\"trc_rbox_outer\">\n<div id=\"rbox-t2m\" class=\"trc_rbox_div trc_rbox_border_elm\">\n<div id=\"internal_trc_9311994241\">\n<div class=\"videoCube trc_spotlight_item origin-default videoItem thumbnail_start videoCube_2_child inNetworkItem syndicatedItem trc_excludable\" data-item-id=\"~~V1~~-5821420570713349380~~6G9_MSf1jkAaw_JlO6R8LXPJlkKgGRush2gQVxojyhXdqiiCa0jSfyJ1ij032HIM2l81nNL2NvgeTfpKH5DC_IWqKndcsC_a-45qhVD73qkpks9H3ygNcqp2LcpSHXmkePmhU-KFLrqIwkhJBL8JLk0vDGrsdo1gtYEVN58eQO6-E6nBD0rvURdYUAnX-nzRYLG_4h4jAEerZGeh5yfIehT63HmpbmEh9wHSwSZtGA0\" data-item-title=\"Laura Encina, experta en finanzas: &quot;Uno de los mitos m\u00e1s comunes es que &quot;el dinero es la ra\u00edz de todos los males&quot;, esta idea nos hace sentir culpa por desear prosperar&quot;\" data-item-thumb=\"https:\/\/e00-telva.uecdn.es\/assets\/multimedia\/imagenes\/2025\/08\/28\/17563776994713.jpg\" data-item-syndicated=\"true\" data-et-tbl-visible=\"true\" data-et-tbl-click=\"true\">\n<div class=\"trc_exclude_undo_btn\"><strong>\u00a0BAJAS<\/strong>: Alberto Mar\u00ed**,\u00a0Enrique Clemente**,\u00a0Kervin Arriaga**,\u00a0Adu Ares**, Alberto Vaquero,\u00a0<a href=\"https:\/\/www.marca.com\/futbol\/zaragoza\/2025\/06\/18\/femenias-primera-rescision-contrato-zaragoza.html\" data-mrf-link=\"https:\/\/www.marca.com\/futbol\/zaragoza\/2025\/06\/18\/femenias-primera-rescision-contrato-zaragoza.html\">Joan Femen\u00edas<\/a>,\u00a0<a href=\"https:\/\/www.marca.com\/futbol\/zaragoza\/2025\/06\/20\/zaragoza-anuncia-renovara-jair-amador.html\" data-mrf-link=\"https:\/\/www.marca.com\/futbol\/zaragoza\/2025\/06\/20\/zaragoza-anuncia-renovara-jair-amador.html\">Jair Amador<\/a>,\u00a0<a href=\"https:\/\/www.marca.com\/futbol\/zaragoza\/2025\/06\/20\/liso-despide-zaragoza-emotiva-carta-pone-rumbo-getafe.html\" data-mrf-link=\"https:\/\/www.marca.com\/futbol\/zaragoza\/2025\/06\/20\/liso-despide-zaragoza-emotiva-carta-pone-rumbo-getafe.html\">Liso<\/a>,\u00a0<a href=\"https:\/\/www.marca.com\/futbol\/zaragoza\/2025\/06\/27\/zaragoza-confirma-adios-nieto.html\" data-mrf-link=\"https:\/\/www.marca.com\/futbol\/zaragoza\/2025\/06\/27\/zaragoza-confirma-adios-nieto.html\">Carlos Nieto<\/a>,\u00a0<a href=\"https:\/\/www.marca.com\/futbol\/zaragoza\/2025\/07\/03\/bernardo-vital-traspasado-jagiellonia-polaco.html\" data-mrf-link=\"https:\/\/www.marca.com\/futbol\/zaragoza\/2025\/07\/03\/bernardo-vital-traspasado-jagiellonia-polaco.html\">Bernardo Vital<\/a>,\u00a0Sergi Enrich,\u00a0<a href=\"https:\/\/www.marca.com\/futbol\/almeria\/2025\/07\/10\/marcos-luna-nuevo-jugador-almeria.html\" data-mrf-link=\"https:\/\/www.marca.com\/futbol\/almeria\/2025\/07\/10\/marcos-luna-nuevo-jugador-almeria.html\">Luna<\/a>, Llu\u00eds L\u00f3pez,\u00a0<a href=\"https:\/\/www.marca.com\/futbol\/zaragoza\/2025\/08\/05\/gori-gracia-deja-zaragoza-debutar-liga.html\" data-mrf-link=\"https:\/\/www.marca.com\/futbol\/zaragoza\/2025\/08\/05\/gori-gracia-deja-zaragoza-debutar-liga.html\">Gori Gracia<\/a>,\u00a0<a href=\"https:\/\/www.marca.com\/futbol\/zaragoza\/2025\/08\/16\/poussin-regresa-traspasado-pais-jugara-red-star-segunda.html\" data-mrf-link=\"https:\/\/www.marca.com\/futbol\/zaragoza\/2025\/08\/16\/poussin-regresa-traspasado-pais-jugara-red-star-segunda.html\">Gaetan Poussin<\/a>,\u00a0<a href=\"https:\/\/www.marca.com\/futbol\/zaragoza\/2025\/08\/20\/zaragoza-rompe-borge.html\" data-mrf-link=\"https:\/\/www.marca.com\/futbol\/zaragoza\/2025\/08\/20\/zaragoza-rompe-borge.html\">Borge<\/a>,\u00a0<a href=\"https:\/\/www.marca.com\/futbol\/cultural-leonesa\/2025\/08\/31\/ivan-calero-refuerza-defensa-cultural-leonesa.html\" data-mrf-link=\"https:\/\/www.marca.com\/futbol\/cultural-leonesa\/2025\/08\/31\/ivan-calero-refuerza-defensa-cultural-leonesa.html\">Iv\u00e1n Calero<\/a>,\u00a0<a href=\"https:\/\/www.marca.com\/futbol\/zaragoza\/2025\/08\/31\/zaragoza-traspasa-aketxe-marcha-jugar-malasia.html\" data-mrf-link=\"https:\/\/www.marca.com\/futbol\/zaragoza\/2025\/08\/31\/zaragoza-traspasa-aketxe-marcha-jugar-malasia.html\">Aketxe<\/a><\/div>\n<\/div>\n<\/div>\n<\/div>\n<\/div>\n<\/div>\n<\/div>\n<\/div>\n<\/div>\n<\/div>\n<\/figcaption><\/figure>\n<div class=\"ue-c-article__body\">\n<figure class=\"ue-c-article__media ue-c-article__media--image\">\n<div class=\"ue-c-article__media-img-container ue-l-article--expand-edge-right-until-tablet ue-l-article--expand-edge-left-until-tablet\">\n<figure class=\"ue-c-article__media ue-c-article__media--image\">\n<div class=\"ue-c-article__media-img-container ue-l-article--expand-edge-right-until-tablet ue-l-article--expand-edge-left-until-tablet\"><picture><img loading=\"lazy\" decoding=\"async\" class=\"ue-c-article__image lazyload\" src=\"https:\/\/e00-xlk-ue-marca.uecdn.es\/uploads\/2025\/06\/02\/683dc74629c9e.png\" alt=\"Albacete\" width=\"1320\" height=\"160\" \/><\/picture><\/div><figcaption class=\"ue-c-article__media-caption\">\n<div class=\"ue-c-article__media-caption-inner\"><\/div>\n<\/figcaption><\/figure>\n<p class=\"ue-c-article__paragraph paragraph\" data-mrf-recirculation=\"Links P\u00e1rrafos\"><strong>ALTAS<\/strong>: Escriche** (Cartagena),\u00a0Bol\u00edvar** (Kolos Kovalivka),\u00a0<strong><a href=\"https:\/\/www.marca.com\/futbol\/albacete\/2025\/06\/23\/victor-valverde-firma-2028-procedente-villarreal.html\" data-mrf-link=\"https:\/\/www.marca.com\/futbol\/albacete\/2025\/06\/23\/victor-valverde-firma-2028-procedente-villarreal.html\">V\u00edctor Valverde<\/a><\/strong>\u00a0(Villarreal),\u00a0<strong><a href=\"https:\/\/www.marca.com\/futbol\/albacete\/2025\/07\/01\/antonio-puertas-llega-acuerdo-albacete.html\" data-mrf-link=\"https:\/\/www.marca.com\/futbol\/albacete\/2025\/07\/01\/antonio-puertas-llega-acuerdo-albacete.html\">Antonio Puertas<\/a><\/strong>\u00a0(Eibar),\u00a0<strong><a href=\"https:\/\/www.marca.com\/futbol\/albacete\/2025\/07\/07\/diego-marino-experiencia-porteria-albacete.html\" data-mrf-link=\"https:\/\/www.marca.com\/futbol\/albacete\/2025\/07\/07\/diego-marino-experiencia-porteria-albacete.html\">Diego Mari\u00f1o<\/a><\/strong>\u00a0(Granada),\u00a0<strong><a href=\"https:\/\/www.marca.com\/futbol\/albacete\/2025\/07\/10\/jonathan-gomez-llega-albacete-cedido-paok.html\" data-mrf-link=\"https:\/\/www.marca.com\/futbol\/albacete\/2025\/07\/10\/jonathan-gomez-llega-albacete-cedido-paok.html\">Jonathan G\u00f3mez\u00a0<\/a><\/strong>(Paok de Sal\u00f3nica),\u00a0<strong><a href=\"https:\/\/www.marca.com\/futbol\/albacete\/2025\/07\/10\/francisco-gamez-incorpora-albacete.html\" data-mrf-link=\"https:\/\/www.marca.com\/futbol\/albacete\/2025\/07\/10\/francisco-gamez-incorpora-albacete.html\">Fran G\u00e1mez\u00a0<\/a><\/strong>(Eldense),\u00a0<strong><a href=\"https:\/\/www.marca.com\/futbol\/albacete\/2025\/07\/14\/jesus-vallejo-albacete.html\" data-mrf-link=\"https:\/\/www.marca.com\/futbol\/albacete\/2025\/07\/14\/jesus-vallejo-albacete.html\">Jes\u00fas Vallejo<\/a><\/strong>\u00a0(Real Madrid),\u00a0<strong><a href=\"https:\/\/www.marca.com\/futbol\/albacete\/2025\/07\/30\/lorenzo-aguado-refuerza-defensa-albacete.html\" data-mrf-link=\"https:\/\/www.marca.com\/futbol\/albacete\/2025\/07\/30\/lorenzo-aguado-refuerza-defensa-albacete.html\">Lorenzo Aguado<\/a><\/strong>\u00a0(Real Madrid Castilla),\u00a0<strong><a href=\"https:\/\/www.marca.com\/futbol\/albacete\/2025\/08\/07\/fichaje-albacete-llega-real-madrid-tres.html\" data-mrf-link=\"https:\/\/www.marca.com\/futbol\/albacete\/2025\/08\/07\/fichaje-albacete-llega-real-madrid-tres.html\">Antonio David<\/a><\/strong>\u00a0(Real Madrid Castilla),\u00a0<strong><a href=\"https:\/\/www.marca.com\/futbol\/albacete\/2025\/08\/08\/oficial-jefte-betancor-llega-cedido-albacete-balompie.html\" data-mrf-link=\"https:\/\/www.marca.com\/futbol\/albacete\/2025\/08\/08\/oficial-jefte-betancor-llega-cedido-albacete-balompie.html\">Jeft\u00e9 Betancor<\/a>*<\/strong>\u00a0(Olympiacos),\u00a0<strong><a href=\"https:\/\/www.marca.com\/futbol\/albacete\/2025\/09\/02\/albacete-apuntala-defensa-neva.html\" data-mrf-link=\"https:\/\/www.marca.com\/futbol\/albacete\/2025\/09\/02\/albacete-apuntala-defensa-neva.html\">Carlos Neva\u00a0<\/a><\/strong>(Granada)<\/p>\n<p class=\"ue-c-article__paragraph paragraph\" data-mrf-recirculation=\"Links P\u00e1rrafos\"><strong>BAJAS<\/strong>: Cristian Rivero**,\u00a0Lalo Aguilar**, Pablo S\u00e1enz**, Javi Mart\u00f3n**,\u00a0Javi Rueda**, Fidel Chaves, Juanma Garc\u00eda, Jaume Costa, Rai March\u00e1n,\u00a0<a href=\"https:\/\/www.marca.com\/futbol\/cordoba\/2025\/06\/08\/juan-maria-alcedo-refuerza-flanco-izquierdo-cordoba.html\" data-mrf-link=\"https:\/\/www.marca.com\/futbol\/cordoba\/2025\/06\/08\/juan-maria-alcedo-refuerza-flanco-izquierdo-cordoba.html\">Juan M\u00aa Alcedo<\/a>,\u00a0<a href=\"https:\/\/www.marca.com\/futbol\/albacete\/2025\/07\/10\/francisco-gamez-incorpora-albacete.html\" data-mrf-link=\"https:\/\/www.marca.com\/futbol\/albacete\/2025\/07\/10\/francisco-gamez-incorpora-albacete.html\">Bol\u00edvar<\/a>,\u00a0<a href=\"https:\/\/www.marca.com\/futbol\/albacete\/2025\/07\/11\/oficial-albacete-cierra-venta-kofane-bayer-leverkusen.html\" data-mrf-link=\"https:\/\/www.marca.com\/futbol\/albacete\/2025\/07\/11\/oficial-albacete-cierra-venta-kofane-bayer-leverkusen.html\">Kofane<\/a>,\u00a0<a href=\"https:\/\/www.marca.com\/futbol\/albacete\/2025\/08\/01\/nabil-touaizi-alba-separan-caminos-manera-sorprendente.html\" data-mrf-link=\"https:\/\/www.marca.com\/futbol\/albacete\/2025\/08\/01\/nabil-touaizi-alba-separan-caminos-manera-sorprendente.html\">Nabil Touaizi<\/a>,\u00a0Antonio David*,\u00a0<a href=\"https:\/\/www.marca.com\/futbol\/albacete\/2025\/08\/08\/alvaro-rodriguez-albacete-dando-gracias-puerta-grande.html\" data-mrf-link=\"https:\/\/www.marca.com\/futbol\/albacete\/2025\/08\/08\/alvaro-rodriguez-albacete-dando-gracias-puerta-grande.html\">\u00c1lvaro Rodr\u00edguez<\/a><\/p>\n<div id=\"teads0\" class=\"teads-player native\"><\/div>\n<figure class=\"ue-c-article__media ue-c-article__media--image\">\n<div class=\"ue-c-article__media-img-container ue-l-article--expand-edge-right-until-tablet ue-l-article--expand-edge-left-until-tablet\"><picture><source srcset=\"https:\/\/e00-xlk-ue-marca.uecdn.es\/files\/article_360_widen_webp\/uploads\/2025\/06\/02\/683dc7bd21a81.webp 360w,https:\/\/e00-xlk-ue-marca.uecdn.es\/files\/article_375_widen_webp\/uploads\/2025\/06\/02\/683dc7bd21a81.webp 375w,https:\/\/e00-xlk-ue-marca.uecdn.es\/files\/article_414_widen_webp\/uploads\/2025\/06\/02\/683dc7bd21a81.webp 414w,https:\/\/e00-xlk-ue-marca.uecdn.es\/files\/article_660_widen_webp\/uploads\/2025\/06\/02\/683dc7bd21a81.webp 660w,https:\/\/e00-xlk-ue-marca.uecdn.es\/files\/article_720_widen_webp\/uploads\/2025\/06\/02\/683dc7bd21a81.webp 720w,https:\/\/e00-xlk-ue-marca.uecdn.es\/files\/article_750_widen_webp\/uploads\/2025\/06\/02\/683dc7bd21a81.webp 750w,https:\/\/e00-xlk-ue-marca.uecdn.es\/files\/article_828_widen_webp\/uploads\/2025\/06\/02\/683dc7bd21a81.webp 828w,https:\/\/e00-xlk-ue-marca.uecdn.es\/files\/article_1320_widen_webp\/uploads\/2025\/06\/02\/683dc7bd21a81.webp 1320w\" type=\"image\/webp\" sizes=\"(min-width: 1010px) 660px, (min-width: 980px) calc(100vw - 350px), (min-width: 740px) calc(100vw - 320px), 100vw\" \/><source srcset=\"https:\/\/e00-xlk-ue-marca.uecdn.es\/files\/article_360_widen\/uploads\/2025\/06\/02\/683dc7bd21a81.png 360w,https:\/\/e00-xlk-ue-marca.uecdn.es\/files\/article_375_widen\/uploads\/2025\/06\/02\/683dc7bd21a81.png 375w,https:\/\/e00-xlk-ue-marca.uecdn.es\/files\/article_414_widen\/uploads\/2025\/06\/02\/683dc7bd21a81.png 414w,https:\/\/e00-xlk-ue-marca.uecdn.es\/files\/article_660_widen\/uploads\/2025\/06\/02\/683dc7bd21a81.png 660w,https:\/\/e00-xlk-ue-marca.uecdn.es\/files\/article_720_widen\/uploads\/2025\/06\/02\/683dc7bd21a81.png 720w,https:\/\/e00-xlk-ue-marca.uecdn.es\/files\/article_750_widen\/uploads\/2025\/06\/02\/683dc7bd21a81.png 750w,https:\/\/e00-xlk-ue-marca.uecdn.es\/files\/article_828_widen\/uploads\/2025\/06\/02\/683dc7bd21a81.png 828w,https:\/\/e00-xlk-ue-marca.uecdn.es\/files\/article_1320_widen\/uploads\/2025\/06\/02\/683dc7bd21a81.png 1320w\" type=\"image\/png\" sizes=\"(min-width: 1010px) 660px, (min-width: 980px) calc(100vw - 350px), (min-width: 740px) calc(100vw - 320px), 100vw\" \/><img loading=\"lazy\" decoding=\"async\" class=\"ue-c-article__image lazyload\" src=\"https:\/\/e00-xlk-ue-marca.uecdn.es\/uploads\/2025\/06\/02\/683dc7bd21a81.png\" alt=\"Almer\u00eda\" width=\"660\" height=\"80\" \/><\/picture><\/div><figcaption class=\"ue-c-article__media-caption\">\n<div class=\"ue-c-article__media-caption-inner\"><\/div>\n<\/figcaption><\/figure>\n<p class=\"ue-c-article__paragraph paragraph\" data-mrf-recirculation=\"Links P\u00e1rrafos\"><strong>ALTAS<\/strong>: Adri\u00e1n Embarba** (Rayo), Ibrahima Kon\u00e9** (Al Okhdood), Marciano Sanca** (Betis B),\u00a0<a href=\"https:\/\/www.marca.com\/futbol\/almeria\/2025\/06\/25\/almeria-anuncia-primer-fichaje-patrick-soko-rojiblanco.html\" data-mrf-link=\"https:\/\/www.marca.com\/futbol\/almeria\/2025\/06\/25\/almeria-anuncia-primer-fichaje-patrick-soko-rojiblanco.html\"><strong>Patrick Soko<\/strong><\/a>\u00a0(Huesca),\u00a0<strong><a href=\"https:\/\/www.marca.com\/futbol\/castellon\/2025\/07\/06\/castellon-traspasa-chirino-almeria.html\" data-mrf-link=\"https:\/\/www.marca.com\/futbol\/castellon\/2025\/07\/06\/castellon-traspasa-chirino-almeria.html\">Chirino\u00a0<\/a><\/strong>(Castell\u00f3n),\u00a0<strong><a href=\"https:\/\/www.marca.com\/futbol\/almeria\/2025\/07\/10\/marcos-luna-nuevo-jugador-almeria.html\" data-mrf-link=\"https:\/\/www.marca.com\/futbol\/almeria\/2025\/07\/10\/marcos-luna-nuevo-jugador-almeria.html\">Luna\u00a0<\/a><\/strong>(Zaragoza),\u00a0<a href=\"https:\/\/www.marca.com\/futbol\/almeria\/2025\/07\/04\/alex-munoz-firma-almeria-agente-libre.html\" data-mrf-link=\"https:\/\/www.marca.com\/futbol\/almeria\/2025\/07\/04\/alex-munoz-firma-almeria-agente-libre.html\"><strong>\u00c1lex Mu\u00f1oz<\/strong><\/a>\u00a0(UD Las Palmas),\u00a0<strong><a href=\"https:\/\/www.marca.com\/futbol\/almeria\/2025\/07\/13\/dzodic-nuevo-refuerzo-sala-maquinas-almeria.html\" data-mrf-link=\"https:\/\/www.marca.com\/futbol\/almeria\/2025\/07\/13\/dzodic-nuevo-refuerzo-sala-maquinas-almeria.html\">Dzodic\u00a0<\/a><\/strong>(Montpellier),\u00a0<strong><a href=\"https:\/\/www.marca.com\/futbol\/almeria\/2025\/07\/21\/almeria-anuncia-llegada-andres-fernandez.html\" data-mrf-link=\"https:\/\/www.marca.com\/futbol\/almeria\/2025\/07\/21\/almeria-anuncia-llegada-andres-fernandez.html\">Andr\u00e9s Fern\u00e1ndez<\/a><\/strong>\u00a0(Levante),\u00a0<strong><a href=\"https:\/\/www.marca.com\/futbol\/almeria\/2025\/07\/21\/nelson-monte-marcha-traspasado-almeria.html\" data-mrf-link=\"https:\/\/www.marca.com\/futbol\/almeria\/2025\/07\/21\/nelson-monte-marcha-traspasado-almeria.html\">Nelson Monte<\/a><\/strong>\u00a0(M\u00e1laga),\u00a0<strong><a href=\"https:\/\/www.marca.com\/futbol\/almeria\/2025\/07\/22\/almeria-anuncia-sorpresa-fichaje-andre-horta.html\" data-mrf-link=\"https:\/\/www.marca.com\/futbol\/almeria\/2025\/07\/22\/almeria-anuncia-sorpresa-fichaje-andre-horta.html\">Andr\u00e9 Horta<\/a><\/strong>* (Sporting Braga),\u00a0<strong><a href=\"https:\/\/www.marca.com\/futbol\/almeria\/2025\/08\/07\/almeria-cierra-fichaje-federico-bonini.html\" data-mrf-link=\"https:\/\/www.marca.com\/futbol\/almeria\/2025\/08\/07\/almeria-cierra-fichaje-federico-bonini.html\">Federico Bonini<\/a><\/strong>\u00a0(Catanzaro),\u00a0<strong><a href=\"https:\/\/www.marca.com\/futbol\/almeria\/2025\/09\/01\/thalys-henrique-apuesta-talento-joven-delantera-almeria.html\" data-mrf-link=\"https:\/\/www.marca.com\/futbol\/almeria\/2025\/09\/01\/thalys-henrique-apuesta-talento-joven-delantera-almeria.html\">Thalys Henrique<\/a><\/strong>\u00a0(Palmeiras)<\/p>\n<p class=\"ue-c-article__paragraph paragraph\" data-mrf-recirculation=\"Links P\u00e1rrafos\"><strong>BAJAS<\/strong>:\u00a0<a href=\"https:\/\/www.marca.com\/futbol\/almeria\/2025\/07\/04\/oficial-almeria-cede-bruno-langa-pafos-chipre.html\" data-mrf-link=\"https:\/\/www.marca.com\/futbol\/almeria\/2025\/07\/04\/oficial-almeria-cede-bruno-langa-pafos-chipre.html\">Bruno Langa<\/a>*, Arnau Sol\u00e0,\u00a0<a href=\"https:\/\/www.marca.com\/futbol\/almeria\/2025\/07\/11\/almeria-oficial-traspaso-rachad-fettal-real-madrid.html\" data-mrf-link=\"https:\/\/www.marca.com\/futbol\/almeria\/2025\/07\/11\/almeria-oficial-traspaso-rachad-fettal-real-madrid.html\">Rachad Fettal<\/a>,\u00a0<a href=\"https:\/\/www.marca.com\/futbol\/almeria\/2025\/07\/15\/almeria-anuncia-cesiones-pozo-marezi.html\" data-mrf-link=\"https:\/\/www.marca.com\/futbol\/almeria\/2025\/07\/15\/almeria-anuncia-cesiones-pozo-marezi.html\">Marezi<\/a>*,\u00a0<a href=\"https:\/\/www.marca.com\/futbol\/almeria\/2025\/07\/15\/almeria-anuncia-cesiones-pozo-marezi.html\" data-mrf-link=\"https:\/\/www.marca.com\/futbol\/almeria\/2025\/07\/15\/almeria-anuncia-cesiones-pozo-marezi.html\">Pozo*<\/a>,\u00a0<a href=\"https:\/\/www.marca.com\/futbol\/almeria\/2025\/07\/26\/kaiky-traspasado-shabab-ahli.html\" data-mrf-link=\"https:\/\/www.marca.com\/futbol\/almeria\/2025\/07\/26\/kaiky-traspasado-shabab-ahli.html\">Kaiky<\/a>,\u00a0<a href=\"https:\/\/www.marca.com\/futbol\/atletico\/2025\/07\/22\/atletico-marc-pubill.html\" data-mrf-link=\"https:\/\/www.marca.com\/futbol\/atletico\/2025\/07\/22\/atletico-marc-pubill.html\">Marc Pubill<\/a>,\u00a0<a href=\"https:\/\/www.marca.com\/futbol\/zaragoza\/2025\/07\/23\/radovanovic-almeria-ficha-zaragoza.html\" data-mrf-link=\"https:\/\/www.marca.com\/futbol\/zaragoza\/2025\/07\/23\/radovanovic-almeria-ficha-zaragoza.html\">Radovanovic<\/a>,\u00a0<a href=\"https:\/\/www.marca.com\/futbol\/almeria\/2025\/07\/26\/kaiky-traspasado-shabab-ahli.html\" data-mrf-link=\"https:\/\/www.marca.com\/futbol\/almeria\/2025\/07\/26\/kaiky-traspasado-shabab-ahli.html\">Juan Manuel Guti\u00e9rrez<\/a>*,\u00a0<a href=\"https:\/\/www.marca.com\/futbol\/almeria\/2025\/07\/28\/enesima-venta-millonaria-almeria-9-luis-suarez-ficha-sporting-portugal.html\" data-mrf-link=\"https:\/\/www.marca.com\/futbol\/almeria\/2025\/07\/28\/enesima-venta-millonaria-almeria-9-luis-suarez-ficha-sporting-portugal.html\">Luis Su\u00e1rez<\/a>,\u00a0<a href=\"https:\/\/www.marca.com\/futbol\/segunda-division\/2025\/06\/25\/todos-movimientos-22-plantillas-segunda-mercado-veraniego-altas-bajas-e-interesan.html\" data-mrf-link=\"https:\/\/www.marca.com\/futbol\/segunda-division\/2025\/06\/25\/todos-movimientos-22-plantillas-segunda-mercado-veraniego-altas-bajas-e-interesan.html\">Arvin Appiah<\/a>,\u00a0<a href=\"https:\/\/www.marca.com\/futbol\/almeria\/2025\/08\/01\/marcos-pena-marcha-traspasado-famalicao.html\" data-mrf-link=\"https:\/\/www.marca.com\/futbol\/almeria\/2025\/08\/01\/marcos-pena-marcha-traspasado-famalicao.html\">Marcos Pe\u00f1a<\/a>,\u00a0<a href=\"https:\/\/www.marca.com\/futbol\/leganes\/2025\/08\/13\/lega-presenta-fiestas-gonzalo-melero.html\" data-mrf-link=\"https:\/\/www.marca.com\/futbol\/leganes\/2025\/08\/13\/lega-presenta-fiestas-gonzalo-melero.html\">Melero<\/a>,\u00a0<a href=\"https:\/\/www.marca.com\/futbol\/almeria\/2025\/08\/14\/almeria-sigue-haciendo-caja-salidas-todavia-quedan.html\" data-mrf-link=\"https:\/\/www.marca.com\/futbol\/almeria\/2025\/08\/14\/almeria-sigue-haciendo-caja-salidas-todavia-quedan.html\">Quintanilla<\/a>*,\u00a0<a href=\"https:\/\/www.marca.com\/futbol\/almeria\/2025\/08\/26\/edgar-gonzalez-hajduk-split.html\" data-mrf-link=\"https:\/\/www.marca.com\/futbol\/almeria\/2025\/08\/26\/edgar-gonzalez-hajduk-split.html\">Edgar Gonz\u00e1lez<\/a>*<\/p>\n<figure class=\"ue-c-article__media ue-c-article__media--image\">\n<div class=\"ue-c-article__media-img-container ue-l-article--expand-edge-right-until-tablet ue-l-article--expand-edge-left-until-tablet\"><picture><source srcset=\"https:\/\/e00-xlk-ue-marca.uecdn.es\/files\/article_360_widen_webp\/uploads\/2025\/06\/24\/685ac01bad153.webp 360w,https:\/\/e00-xlk-ue-marca.uecdn.es\/files\/article_375_widen_webp\/uploads\/2025\/06\/24\/685ac01bad153.webp 375w,https:\/\/e00-xlk-ue-marca.uecdn.es\/files\/article_414_widen_webp\/uploads\/2025\/06\/24\/685ac01bad153.webp 414w,https:\/\/e00-xlk-ue-marca.uecdn.es\/files\/article_660_widen_webp\/uploads\/2025\/06\/24\/685ac01bad153.webp 660w,https:\/\/e00-xlk-ue-marca.uecdn.es\/files\/article_720_widen_webp\/uploads\/2025\/06\/24\/685ac01bad153.webp 720w,https:\/\/e00-xlk-ue-marca.uecdn.es\/files\/article_750_widen_webp\/uploads\/2025\/06\/24\/685ac01bad153.webp 750w,https:\/\/e00-xlk-ue-marca.uecdn.es\/files\/article_828_widen_webp\/uploads\/2025\/06\/24\/685ac01bad153.webp 828w,https:\/\/e00-xlk-ue-marca.uecdn.es\/files\/article_1320_widen_webp\/uploads\/2025\/06\/24\/685ac01bad153.webp 1320w\" type=\"image\/webp\" sizes=\"(min-width: 1010px) 660px, (min-width: 980px) calc(100vw - 350px), (min-width: 740px) calc(100vw - 320px), 100vw\" \/><source srcset=\"https:\/\/e00-xlk-ue-marca.uecdn.es\/files\/article_360_widen\/uploads\/2025\/06\/24\/685ac01bad153.jpeg 360w,https:\/\/e00-xlk-ue-marca.uecdn.es\/files\/article_375_widen\/uploads\/2025\/06\/24\/685ac01bad153.jpeg 375w,https:\/\/e00-xlk-ue-marca.uecdn.es\/files\/article_414_widen\/uploads\/2025\/06\/24\/685ac01bad153.jpeg 414w,https:\/\/e00-xlk-ue-marca.uecdn.es\/files\/article_660_widen\/uploads\/2025\/06\/24\/685ac01bad153.jpeg 660w,https:\/\/e00-xlk-ue-marca.uecdn.es\/files\/article_720_widen\/uploads\/2025\/06\/24\/685ac01bad153.jpeg 720w,https:\/\/e00-xlk-ue-marca.uecdn.es\/files\/article_750_widen\/uploads\/2025\/06\/24\/685ac01bad153.jpeg 750w,https:\/\/e00-xlk-ue-marca.uecdn.es\/files\/article_828_widen\/uploads\/2025\/06\/24\/685ac01bad153.jpeg 828w,https:\/\/e00-xlk-ue-marca.uecdn.es\/files\/article_1320_widen\/uploads\/2025\/06\/24\/685ac01bad153.jpeg 1320w\" type=\"image\/jpeg\" sizes=\"(min-width: 1010px) 660px, (min-width: 980px) calc(100vw - 350px), (min-width: 740px) calc(100vw - 320px), 100vw\" \/><img loading=\"lazy\" decoding=\"async\" class=\"ue-c-article__image lazyload\" src=\"https:\/\/e00-xlk-ue-marca.uecdn.es\/uploads\/2025\/06\/24\/685ac01bad153.jpeg\" alt=\"Andorra\" width=\"1320\" height=\"161\" \/><\/picture><\/div><figcaption class=\"ue-c-article__media-caption\">\n<div class=\"ue-c-article__media-caption-inner\"><\/div>\n<\/figcaption><\/figure>\n<p class=\"ue-c-article__paragraph paragraph\" data-mrf-recirculation=\"Links P\u00e1rrafos\"><strong>ALTAS<\/strong>: \u00c1lex Calvo** (Mirand\u00e9s), Theo Le Normand** (Teruel),\u00a0<strong><a href=\"https:\/\/www.marca.com\/futbol\/andorra\/2025\/06\/25\/ibai-gomez-nuevo-entrenador-andorra.html\" data-mrf-link=\"https:\/\/www.marca.com\/futbol\/andorra\/2025\/06\/25\/ibai-gomez-nuevo-entrenador-andorra.html\">Ibai G\u00f3mez<\/a><\/strong>\u00a0(entrenador),\u00a0<strong><a href=\"https:\/\/www.marca.com\/futbol\/andorra\/2025\/06\/26\/marc-domenech-medio-procedente-ibiza-primer-fichaje-andorra.html\" data-mrf-link=\"https:\/\/www.marca.com\/futbol\/andorra\/2025\/06\/26\/marc-domenech-medio-procedente-ibiza-primer-fichaje-andorra.html\">Marc Domenech<\/a><\/strong>\u00a0(Ibiza),\u00a0<strong><a href=\"https:\/\/www.marca.com\/futbol\/andorra\/2025\/06\/27\/thomas-carrique-lateral-derecho-frances-segundo-fichaje-andorra.html\" data-mrf-link=\"https:\/\/www.marca.com\/futbol\/andorra\/2025\/06\/27\/thomas-carrique-lateral-derecho-frances-segundo-fichaje-andorra.html\">Thomas Carrique<\/a><\/strong>\u00a0(Ponferradina),\u00a0<strong><a href=\"https:\/\/www.marca.com\/futbol\/andorra\/2025\/07\/10\/gael-alonso-juventud-centro-defensa-tricolor.html\" data-mrf-link=\"https:\/\/www.marca.com\/futbol\/andorra\/2025\/07\/10\/gael-alonso-juventud-centro-defensa-tricolor.html\">Gael Alonso<\/a><\/strong>\u00a0(Celta Fortuna),\u00a0<strong><a href=\"https:\/\/www.marca.com\/futbol\/andorra\/2025\/07\/12\/andorra-busca-lateral-encuentra-jan-firma-tres-anos.html\" data-mrf-link=\"https:\/\/www.marca.com\/futbol\/andorra\/2025\/07\/12\/andorra-busca-lateral-encuentra-jan-firma-tres-anos.html\">Jan Encuentra<\/a><\/strong>\u00a0(Betis),\u00a0<strong><a href=\"https:\/\/www.marca.com\/futbol\/andorra\/2025\/07\/13\/alaves-cede-andorra-jesus-owono-experiencia-porteria.html\" data-mrf-link=\"https:\/\/www.marca.com\/futbol\/andorra\/2025\/07\/13\/alaves-cede-andorra-jesus-owono-experiencia-porteria.html\">Jes\u00fas Owono<\/a><\/strong>*\u00a0(Alav\u00e9s),\u00a0<strong><a href=\"https:\/\/www.marca.com\/futbol\/andorra\/2025\/07\/15\/min-kim-refuerzo-andorra.html\" data-mrf-link=\"https:\/\/www.marca.com\/futbol\/andorra\/2025\/07\/15\/min-kim-refuerzo-andorra.html\">Min-su Kim<\/a><\/strong>* (Girona),\u00a0<strong><a href=\"https:\/\/www.marca.com\/futbol\/andorra\/2025\/07\/15\/aron-yaakobishvili-portero-andorra.html\" data-mrf-link=\"https:\/\/www.marca.com\/futbol\/andorra\/2025\/07\/15\/aron-yaakobishvili-portero-andorra.html\">\u00c1ron Yaakobishvili<\/a><\/strong>* (Bar\u00e7a),\u00a0<strong><a href=\"https:\/\/www.marca.com\/futbol\/andorra\/2025\/07\/18\/andorra-ficha-futuro-firma-vicario-cede-barakaldo.html\" data-mrf-link=\"https:\/\/www.marca.com\/futbol\/andorra\/2025\/07\/18\/andorra-ficha-futuro-firma-vicario-cede-barakaldo.html\">Vicario\u00a0<\/a><\/strong>(Arenas de Getxo),\u00a0<strong><a href=\"https:\/\/www.marca.com\/futbol\/andorra\/2025\/07\/19\/imanol-garcia-albeniz-refuerzo-lujo-defensa-tricolor.html\" data-mrf-link=\"https:\/\/www.marca.com\/futbol\/andorra\/2025\/07\/19\/imanol-garcia-albeniz-refuerzo-lujo-defensa-tricolor.html\">Imanol Garc\u00eda de Albeniz<\/a><\/strong>* (Sparta Praga),\u00a0<strong><a href=\"https:\/\/www.marca.com\/futbol\/andorra\/2025\/08\/08\/primera-champions-llega-andorra-justin-garcia.html\" data-mrf-link=\"https:\/\/www.marca.com\/futbol\/andorra\/2025\/08\/08\/primera-champions-llega-andorra-justin-garcia.html\">Jastin Garc\u00eda<\/a><\/strong>* (Girona),\u00a0<strong><a href=\"https:\/\/www.marca.com\/futbol\/athletic\/2025\/08\/09\/olabarrieta-seguira-progresion-amparo-ibai-gomez-andorra.html\" data-mrf-link=\"https:\/\/www.marca.com\/futbol\/athletic\/2025\/08\/09\/olabarrieta-seguira-progresion-amparo-ibai-gomez-andorra.html\">Olabarrieta<\/a><\/strong>* (Athletic),\u00a0<strong><a href=\"https:\/\/www.marca.com\/futbol\/andorra\/2025\/08\/14\/petxa-vuelta-andorra.html\" data-mrf-link=\"https:\/\/www.marca.com\/futbol\/andorra\/2025\/08\/14\/petxa-vuelta-andorra.html\">Petxarroman*\u00a0<\/a><\/strong>(Deportivo),\u00a0<strong><a href=\"https:\/\/www.marca.com\/futbol\/andorra\/2025\/08\/15\/joven-central-antal-yaakobishvili-tercer-cedido-girona-andorra.html\" data-mrf-link=\"https:\/\/www.marca.com\/futbol\/andorra\/2025\/08\/15\/joven-central-antal-yaakobishvili-tercer-cedido-girona-andorra.html\">Antal Yaakobishvili<\/a><\/strong>* (Girona),\u00a0<strong><a href=\"https:\/\/www.marca.com\/futbol\/andorra\/2025\/09\/01\/erik-moran-ultimo-salir-dejar-paso-efe-akman.html\" data-mrf-link=\"https:\/\/www.marca.com\/futbol\/andorra\/2025\/09\/01\/erik-moran-ultimo-salir-dejar-paso-efe-akman.html\">Efe Akman<\/a><\/strong>\u00a0(Galatasaray)<\/p>\n<p class=\"ue-c-article__paragraph paragraph\" data-mrf-recirculation=\"Links P\u00e1rrafos\"><strong>BAJAS<\/strong>:\u00a0<a href=\"https:\/\/www.marca.com\/futbol\/granada\/2025\/06\/29\/granada-ficha-pares-casadesus-astralaga-son-rojiblancos.html\" data-mrf-link=\"https:\/\/www.marca.com\/futbol\/granada\/2025\/06\/29\/granada-ficha-pares-casadesus-astralaga-son-rojiblancos.html\">Pau Casades\u00fas<\/a>,\u00a0C\u00e9sar Morgado, Pablo Trigueros, Jes\u00fas Clemente, Manel Royo, Oriol Busquets, Oier Olaz\u00e1bal,\u00a0Bilal Achhiba*,\u00a0<a href=\"https:\/\/www.marca.com\/futbol\/andorra\/2025\/07\/18\/andorra-ficha-futuro-firma-vicario-cede-barakaldo.html\" data-mrf-link=\"https:\/\/www.marca.com\/futbol\/andorra\/2025\/07\/18\/andorra-ficha-futuro-firma-vicario-cede-barakaldo.html\">Vicario<\/a>*, Luismi Redondo*,\u00a0<a href=\"https:\/\/www.marca.com\/futbol\/andorra\/2025\/07\/24\/alvaro-pena-andorra-separan-caminos-llegar-segunda.html\" data-mrf-link=\"https:\/\/www.marca.com\/futbol\/andorra\/2025\/07\/24\/alvaro-pena-andorra-separan-caminos-llegar-segunda.html\">\u00c1lvaro Pe\u00f1a<\/a>, Juanda Fuentes*,\u00a0<a href=\"https:\/\/www.marca.com\/futbol\/andorra\/2025\/08\/01\/andorra-sigue-creciendo.html\" data-mrf-link=\"https:\/\/www.marca.com\/futbol\/andorra\/2025\/08\/01\/andorra-sigue-creciendo.html\">Jan Encuentra<\/a>*,\u00a0<a href=\"https:\/\/www.marca.com\/futbol\/andorra\/2025\/08\/06\/ivan-rodriguez-marcha-cedido-villarreal-b.html\" data-mrf-link=\"https:\/\/www.marca.com\/futbol\/andorra\/2025\/08\/06\/ivan-rodriguez-marcha-cedido-villarreal-b.html\">Iv\u00e1n Rodr\u00edguez<\/a>*,\u00a0<a href=\"https:\/\/www.marca.com\/futbol\/andorra\/2025\/08\/11\/berto-rosas-pone-rumbo-ud-logrones-calidad-cedido.html\" data-mrf-link=\"https:\/\/www.marca.com\/futbol\/andorra\/2025\/08\/11\/berto-rosas-pone-rumbo-ud-logrones-calidad-cedido.html\">Berto Rosas<\/a>*, Ibarrondo*,\u00a0<a href=\"https:\/\/www.marca.com\/futbol\/andorra\/2025\/08\/19\/andorra-sigue-aligerando-plantilla-alberto-solis-marcha-arenteiro.html\" data-mrf-link=\"https:\/\/www.marca.com\/futbol\/andorra\/2025\/08\/19\/andorra-sigue-aligerando-plantilla-alberto-solis-marcha-arenteiro.html\">Alberto Solis<\/a>*,\u00a0<a href=\"https:\/\/www.marca.com\/futbol\/andorra\/2025\/08\/22\/almpanis-queda-andorra.html\" data-mrf-link=\"https:\/\/www.marca.com\/futbol\/andorra\/2025\/08\/22\/almpanis-queda-andorra.html\">Christos Almpanis<\/a>*,\u00a0<a href=\"https:\/\/www.marca.com\/futbol\/andorra\/2025\/09\/01\/erik-moran-ultimo-salir-dejar-paso-efe-akman.html\" data-mrf-link=\"https:\/\/www.marca.com\/futbol\/andorra\/2025\/09\/01\/erik-moran-ultimo-salir-dejar-paso-efe-akman.html\">Erik Mor\u00e1n<\/a><\/p>\n<figure class=\"ue-c-article__media ue-c-article__media--image\">\n<div class=\"ue-c-article__media-img-container ue-l-article--expand-edge-right-until-tablet ue-l-article--expand-edge-left-until-tablet\"><picture><source srcset=\"https:\/\/e00-xlk-ue-marca.uecdn.es\/files\/article_360_widen_webp\/uploads\/2025\/06\/02\/683dc7fd4ce3a.webp 360w,https:\/\/e00-xlk-ue-marca.uecdn.es\/files\/article_375_widen_webp\/uploads\/2025\/06\/02\/683dc7fd4ce3a.webp 375w,https:\/\/e00-xlk-ue-marca.uecdn.es\/files\/article_414_widen_webp\/uploads\/2025\/06\/02\/683dc7fd4ce3a.webp 414w,https:\/\/e00-xlk-ue-marca.uecdn.es\/files\/article_660_widen_webp\/uploads\/2025\/06\/02\/683dc7fd4ce3a.webp 660w,https:\/\/e00-xlk-ue-marca.uecdn.es\/files\/article_720_widen_webp\/uploads\/2025\/06\/02\/683dc7fd4ce3a.webp 720w,https:\/\/e00-xlk-ue-marca.uecdn.es\/files\/article_750_widen_webp\/uploads\/2025\/06\/02\/683dc7fd4ce3a.webp 750w,https:\/\/e00-xlk-ue-marca.uecdn.es\/files\/article_828_widen_webp\/uploads\/2025\/06\/02\/683dc7fd4ce3a.webp 828w,https:\/\/e00-xlk-ue-marca.uecdn.es\/files\/article_1320_widen_webp\/uploads\/2025\/06\/02\/683dc7fd4ce3a.webp 1320w\" type=\"image\/webp\" sizes=\"(min-width: 1010px) 660px, (min-width: 980px) calc(100vw - 350px), (min-width: 740px) calc(100vw - 320px), 100vw\" \/><source srcset=\"https:\/\/e00-xlk-ue-marca.uecdn.es\/files\/article_360_widen\/uploads\/2025\/06\/02\/683dc7fd4ce3a.png 360w,https:\/\/e00-xlk-ue-marca.uecdn.es\/files\/article_375_widen\/uploads\/2025\/06\/02\/683dc7fd4ce3a.png 375w,https:\/\/e00-xlk-ue-marca.uecdn.es\/files\/article_414_widen\/uploads\/2025\/06\/02\/683dc7fd4ce3a.png 414w,https:\/\/e00-xlk-ue-marca.uecdn.es\/files\/article_660_widen\/uploads\/2025\/06\/02\/683dc7fd4ce3a.png 660w,https:\/\/e00-xlk-ue-marca.uecdn.es\/files\/article_720_widen\/uploads\/2025\/06\/02\/683dc7fd4ce3a.png 720w,https:\/\/e00-xlk-ue-marca.uecdn.es\/files\/article_750_widen\/uploads\/2025\/06\/02\/683dc7fd4ce3a.png 750w,https:\/\/e00-xlk-ue-marca.uecdn.es\/files\/article_828_widen\/uploads\/2025\/06\/02\/683dc7fd4ce3a.png 828w,https:\/\/e00-xlk-ue-marca.uecdn.es\/files\/article_1320_widen\/uploads\/2025\/06\/02\/683dc7fd4ce3a.png 1320w\" type=\"image\/png\" sizes=\"(min-width: 1010px) 660px, (min-width: 980px) calc(100vw - 350px), (min-width: 740px) calc(100vw - 320px), 100vw\" \/><img loading=\"lazy\" decoding=\"async\" class=\"ue-c-article__image lazyload\" src=\"https:\/\/e00-xlk-ue-marca.uecdn.es\/uploads\/2025\/06\/02\/683dc7fd4ce3a.png\" alt=\"Burgos\" width=\"1320\" height=\"160\" \/><\/picture><\/div><figcaption class=\"ue-c-article__media-caption\">\n<div class=\"ue-c-article__media-caption-inner\"><\/div>\n<\/figcaption><\/figure>\n<p class=\"ue-c-article__paragraph paragraph\" data-mrf-recirculation=\"Links P\u00e1rrafos\"><strong>ALTAS<\/strong>: Ander Mart\u00edn** (Mirand\u00e9s), Sa\u00fal del Cerro** (M\u00e9rida),\u00a0<strong><a href=\"https:\/\/www.marca.com\/futbol\/burgos\/2025\/06\/19\/chapela-firma-dos-temporadas-burgos.html\" data-mrf-link=\"https:\/\/www.marca.com\/futbol\/burgos\/2025\/06\/19\/chapela-firma-dos-temporadas-burgos.html\">Iv\u00e1n Chapela\u00a0<\/a><\/strong>(Eldense),\u00a0Lucas Ricoy* (M\u00f3stoles),\u00a0<strong><a href=\"https:\/\/www.marca.com\/futbol\/burgos\/2025\/07\/10\/burgos-brais-martinez-coste-cero.html\" data-mrf-link=\"https:\/\/www.marca.com\/futbol\/burgos\/2025\/07\/10\/burgos-brais-martinez-coste-cero.html\">Brais Mart\u00ednez<\/a><\/strong>\u00a0(Racing Ferrol),\u00a0<strong><a href=\"https:\/\/www.marca.com\/futbol\/burgos\/2025\/07\/15\/burgos-firma-joyas-primera-rfef-lateral-alex-lizancos.html\" data-mrf-link=\"https:\/\/www.marca.com\/futbol\/burgos\/2025\/07\/15\/burgos-firma-joyas-primera-rfef-lateral-alex-lizancos.html\">\u00c1lex Lizancos<\/a><\/strong>\u00a0(Lugo),\u00a0<strong><a href=\"https:\/\/www.marca.com\/futbol\/burgos\/2025\/07\/22\/burgos-ficha-mateo-mejia-tres-proximas-temporadas.html\" data-mrf-link=\"https:\/\/www.marca.com\/futbol\/burgos\/2025\/07\/22\/burgos-ficha-mateo-mejia-tres-proximas-temporadas.html\">Mateo Mej\u00eda<\/a><\/strong>\u00a0(Sevilla),\u00a0<strong><a href=\"https:\/\/www.marca.com\/futbol\/burgos\/2025\/07\/27\/burgos-ficha-sergio-gonzalez-jefe-defensas.html\" data-mrf-link=\"https:\/\/www.marca.com\/futbol\/burgos\/2025\/07\/27\/burgos-ficha-sergio-gonzalez-jefe-defensas.html\">Sergio Gonz\u00e1lez<\/a><\/strong>\u00a0(Tenerife),\u00a0<strong><a href=\"https:\/\/www.marca.com\/futbol\/burgos\/2025\/08\/04\/burgos-ficha-carismatico-mollejo-veterano-segunda.html\" data-mrf-link=\"https:\/\/www.marca.com\/futbol\/burgos\/2025\/08\/04\/burgos-ficha-carismatico-mollejo-veterano-segunda.html\">V\u00edctor Mollejo\u00a0<\/a><\/strong>(Atl\u00e9tico de Madrid),\u00a0<strong><a href=\"https:\/\/www.marca.com\/futbol\/burgos\/2025\/08\/13\/mario-gonzalez-vuelve-casa-plantio.html\" data-mrf-link=\"https:\/\/www.marca.com\/futbol\/burgos\/2025\/08\/13\/mario-gonzalez-vuelve-casa-plantio.html\">Mario Gonz\u00e1lez\u00a0<\/a><\/strong>(Los \u00c1ngeles FC),\u00a0<strong><a href=\"https:\/\/www.marca.com\/futbol\/segunda-division.html?intcmp=MENUMIGA&amp;s_kw=laliga-smartbank\" data-mrf-link=\"https:\/\/www.marca.com\/futbol\/segunda-division.html\">Jes\u00fas Ruiz<\/a><\/strong>\u00a0(Racing Ferrol)<\/p>\n<p class=\"ue-c-article__paragraph paragraph\" data-mrf-recirculation=\"Links P\u00e1rrafos\"><strong>BAJAS<\/strong>:\u00a0<a href=\"https:\/\/www.marca.com\/futbol\/burgos\/2025\/06\/03\/dani-ojeda-pone-punto-final-etapa-burgos.html\" data-mrf-link=\"https:\/\/www.marca.com\/futbol\/burgos\/2025\/06\/03\/dani-ojeda-pone-punto-final-etapa-burgos.html\">Dani Ojeda<\/a>,\u00a0<a href=\"https:\/\/www.marca.com\/futbol\/burgos\/2025\/06\/04\/michu-peor-temporada-burgos.html\" data-mrf-link=\"https:\/\/www.marca.com\/futbol\/burgos\/2025\/06\/04\/michu-peor-temporada-burgos.html\">Tomeu Nadal<\/a>,\u00a0<a href=\"https:\/\/www.marca.com\/futbol\/burgos\/2025\/06\/04\/michu-peor-temporada-burgos.html\" data-mrf-link=\"https:\/\/www.marca.com\/futbol\/burgos\/2025\/06\/04\/michu-peor-temporada-burgos.html\">Elady Zorrilla<\/a>,\u00a0<a href=\"https:\/\/www.marca.com\/futbol\/burgos\/2025\/06\/04\/michu-peor-temporada-burgos.html\" data-mrf-link=\"https:\/\/www.marca.com\/futbol\/burgos\/2025\/06\/04\/michu-peor-temporada-burgos.html\">Ra\u00fal Navarro<\/a>,\u00a0<a href=\"https:\/\/www.marca.com\/futbol\/burgos\/2025\/06\/04\/michu-peor-temporada-burgos.html\" data-mrf-link=\"https:\/\/www.marca.com\/futbol\/burgos\/2025\/06\/04\/michu-peor-temporada-burgos.html\">Konan<\/a>,\u00a0<a href=\"https:\/\/www.marca.com\/futbol\/getafe\/2025\/07\/02\/getafe-oficial-fichaje-alex-sancris-cuarto-dos-dias.html\" data-mrf-link=\"https:\/\/www.marca.com\/futbol\/getafe\/2025\/07\/02\/getafe-oficial-fichaje-alex-sancris-cuarto-dos-dias.html\">\u00c1lex Sancris<\/a>,\u00a0<a href=\"https:\/\/www.marca.com\/futbol\/burgos\/2025\/06\/04\/michu-peor-temporada-burgos.html\" data-mrf-link=\"https:\/\/www.marca.com\/futbol\/burgos\/2025\/06\/04\/michu-peor-temporada-burgos.html\">Pipa \u00c1vila<\/a>**,\u00a0<a href=\"https:\/\/www.marca.com\/futbol\/burgos\/2025\/06\/04\/michu-peor-temporada-burgos.html\" data-mrf-link=\"https:\/\/www.marca.com\/futbol\/burgos\/2025\/06\/04\/michu-peor-temporada-burgos.html\">Rub\u00e9n Quintanilla<\/a>**,\u00a0<a href=\"https:\/\/www.marca.com\/futbol\/burgos\/2025\/06\/04\/michu-peor-temporada-burgos.html\" data-mrf-link=\"https:\/\/www.marca.com\/futbol\/burgos\/2025\/06\/04\/michu-peor-temporada-burgos.html\">Borja S\u00e1nchez<\/a>**, Edu Espiau,\u00a0<a href=\"https:\/\/www.marca.com\/futbol\/burgos\/2025\/07\/26\/burgos-cf-cede-fernando-mimbacas-deportivo-cali.html\" data-mrf-link=\"https:\/\/www.marca.com\/futbol\/burgos\/2025\/07\/26\/burgos-cf-cede-fernando-mimbacas-deportivo-cali.html\">Mimbacas<\/a>*,\u00a0Gabriel Bar\u00e8s<\/p>\n<figure class=\"ue-c-article__media ue-c-article__media--image\">\n<div class=\"ue-c-article__media-img-container ue-l-article--expand-edge-right-until-tablet ue-l-article--expand-edge-left-until-tablet\"><picture><source srcset=\"https:\/\/e00-xlk-ue-marca.uecdn.es\/files\/article_360_widen_webp\/uploads\/2025\/06\/02\/683dc859e2c0e.webp 360w,https:\/\/e00-xlk-ue-marca.uecdn.es\/files\/article_375_widen_webp\/uploads\/2025\/06\/02\/683dc859e2c0e.webp 375w,https:\/\/e00-xlk-ue-marca.uecdn.es\/files\/article_414_widen_webp\/uploads\/2025\/06\/02\/683dc859e2c0e.webp 414w,https:\/\/e00-xlk-ue-marca.uecdn.es\/files\/article_660_widen_webp\/uploads\/2025\/06\/02\/683dc859e2c0e.webp 660w,https:\/\/e00-xlk-ue-marca.uecdn.es\/files\/article_720_widen_webp\/uploads\/2025\/06\/02\/683dc859e2c0e.webp 720w,https:\/\/e00-xlk-ue-marca.uecdn.es\/files\/article_750_widen_webp\/uploads\/2025\/06\/02\/683dc859e2c0e.webp 750w,https:\/\/e00-xlk-ue-marca.uecdn.es\/files\/article_828_widen_webp\/uploads\/2025\/06\/02\/683dc859e2c0e.webp 828w,https:\/\/e00-xlk-ue-marca.uecdn.es\/files\/article_1320_widen_webp\/uploads\/2025\/06\/02\/683dc859e2c0e.webp 1320w\" type=\"image\/webp\" sizes=\"(min-width: 1010px) 660px, (min-width: 980px) calc(100vw - 350px), (min-width: 740px) calc(100vw - 320px), 100vw\" \/><source srcset=\"https:\/\/e00-xlk-ue-marca.uecdn.es\/files\/article_360_widen\/uploads\/2025\/06\/02\/683dc859e2c0e.png 360w,https:\/\/e00-xlk-ue-marca.uecdn.es\/files\/article_375_widen\/uploads\/2025\/06\/02\/683dc859e2c0e.png 375w,https:\/\/e00-xlk-ue-marca.uecdn.es\/files\/article_414_widen\/uploads\/2025\/06\/02\/683dc859e2c0e.png 414w,https:\/\/e00-xlk-ue-marca.uecdn.es\/files\/article_660_widen\/uploads\/2025\/06\/02\/683dc859e2c0e.png 660w,https:\/\/e00-xlk-ue-marca.uecdn.es\/files\/article_720_widen\/uploads\/2025\/06\/02\/683dc859e2c0e.png 720w,https:\/\/e00-xlk-ue-marca.uecdn.es\/files\/article_750_widen\/uploads\/2025\/06\/02\/683dc859e2c0e.png 750w,https:\/\/e00-xlk-ue-marca.uecdn.es\/files\/article_828_widen\/uploads\/2025\/06\/02\/683dc859e2c0e.png 828w,https:\/\/e00-xlk-ue-marca.uecdn.es\/files\/article_1320_widen\/uploads\/2025\/06\/02\/683dc859e2c0e.png 1320w\" type=\"image\/png\" sizes=\"(min-width: 1010px) 660px, (min-width: 980px) calc(100vw - 350px), (min-width: 740px) calc(100vw - 320px), 100vw\" \/><img loading=\"lazy\" decoding=\"async\" class=\"ue-c-article__image lazyload\" src=\"https:\/\/e00-xlk-ue-marca.uecdn.es\/uploads\/2025\/06\/02\/683dc859e2c0e.png\" alt=\"C\u00e1diz\" width=\"660\" height=\"81\" \/><\/picture><\/div><figcaption class=\"ue-c-article__media-caption\">\n<div class=\"ue-c-article__media-caption-inner\"><\/div>\n<\/figcaption><\/figure>\n<p class=\"ue-c-article__paragraph paragraph\" data-mrf-recirculation=\"Links P\u00e1rrafos\"><strong>ALTAS<\/strong>:\u00a0<a href=\"https:\/\/www.marca.com\/futbol\/cadiz\/2025\/07\/04\/garcia-pascual-llega-cadiz.html\" data-mrf-link=\"https:\/\/www.marca.com\/futbol\/cadiz\/2025\/07\/04\/garcia-pascual-llega-cadiz.html\"><strong>Garc\u00eda Pascual<\/strong><\/a>\u00a0(Sevilla),\u00a0<a href=\"https:\/\/www.marca.com\/futbol\/cadiz\/2025\/06\/06\/suso-regresa-cadiz-liderar-proyecto-2025-2026.html\" data-mrf-link=\"https:\/\/www.marca.com\/futbol\/cadiz\/2025\/06\/06\/suso-regresa-cadiz-liderar-proyecto-2025-2026.html\"><strong>Suso<\/strong><\/a>\u00a0(Sevilla),\u00a0<strong><a href=\"https:\/\/www.marca.com\/futbol\/cadiz\/2025\/06\/13\/sergio-ortuno-segundo-fichaje-cadiz.html\" data-mrf-link=\"https:\/\/www.marca.com\/futbol\/cadiz\/2025\/06\/13\/sergio-ortuno-segundo-fichaje-cadiz.html\">Sergio Ortu\u00f1o<\/a><\/strong>\u00a0(Eldense),\u00a0<strong><a href=\"https:\/\/www.marca.com\/futbol\/cadiz\/2025\/06\/14\/cadiz-refuerza-medular-joaquin-gonzalez-2030.html\" data-mrf-link=\"https:\/\/www.marca.com\/futbol\/cadiz\/2025\/06\/14\/cadiz-refuerza-medular-joaquin-gonzalez-2030.html\">Joaqu\u00edn Gonz\u00e1lez<\/a><\/strong>\u00a0(Atl\u00e9tico B),\u00a0<strong><a href=\"https:\/\/www.marca.com\/futbol\/cadiz\/2025\/06\/19\/isaac-obeng-segunda-rfef-segunda-division-convence-garitano.html\" data-mrf-link=\"https:\/\/www.marca.com\/futbol\/cadiz\/2025\/06\/19\/isaac-obeng-segunda-rfef-segunda-division-convence-garitano.html\">Isaac Obeng<\/a><\/strong>\u00a0(Teruel),\u00a0<strong><a href=\"https:\/\/www.marca.com\/futbol\/cadiz\/2025\/06\/28\/cadiz-asegura-david-garcia.html\" data-mrf-link=\"https:\/\/www.marca.com\/futbol\/cadiz\/2025\/06\/28\/cadiz-asegura-david-garcia.html\">David Garc\u00eda<\/a><\/strong>\u00a0(Atco. Sanluque\u00f1o),\u00a0<strong><a href=\"https:\/\/www.marca.com\/futbol\/cadiz\/2025\/07\/05\/alfred-caicedo-melon-abrir-cadiz.html\" data-mrf-link=\"https:\/\/www.marca.com\/futbol\/cadiz\/2025\/07\/05\/alfred-caicedo-melon-abrir-cadiz.html\">Alfred Caicedo<\/a><\/strong>* (Genk),\u00a0<strong><a href=\"https:\/\/www.marca.com\/futbol\/segunda-division\/2025\/07\/30\/yussi-diarra-fichaje-redondo.html\" data-mrf-link=\"https:\/\/www.marca.com\/futbol\/segunda-division\/2025\/07\/30\/yussi-diarra-fichaje-redondo.html\">Yussi Diarra<\/a><\/strong>\u00a0(Tenerife),\u00a0<strong><a href=\"https:\/\/www.marca.com\/futbol\/cadiz\/2025\/08\/07\/jorge-moreno-refuerza-zaga-cadista-marcha-victor-chust.html\" data-mrf-link=\"https:\/\/www.marca.com\/futbol\/cadiz\/2025\/08\/07\/jorge-moreno-refuerza-zaga-cadista-marcha-victor-chust.html\">Jorge Moreno\u00a0<\/a><\/strong>(Cartagena),\u00a0<strong><a href=\"https:\/\/www.marca.com\/futbol\/cadiz\/2025\/08\/27\/fichaje-tabatadze-cadiz-oficial.html\" data-mrf-link=\"https:\/\/www.marca.com\/futbol\/cadiz\/2025\/08\/27\/fichaje-tabatadze-cadiz-oficial.html\">Tabatadze<\/a><\/strong>\u00a0(Iberia 1999 Tbilisi),\u00a0<strong><a href=\"https:\/\/www.marca.com\/futbol\/cadiz\/2025\/09\/01\/cadiz-refuerza-plantilla-joven-efe-ugiagbe-aghama.html\" data-mrf-link=\"https:\/\/www.marca.com\/futbol\/cadiz\/2025\/09\/01\/cadiz-refuerza-plantilla-joven-efe-ugiagbe-aghama.html\">Efe\u00a0<\/a><\/strong>(Ceuta),\u00a0<strong><a href=\"https:\/\/www.marca.com\/futbol\/rayo\/2025\/09\/01\/rayo-cede-pelayo-cadiz.html\" data-mrf-link=\"https:\/\/www.marca.com\/futbol\/rayo\/2025\/09\/01\/rayo-cede-pelayo-cadiz.html\">Pelayo<\/a><\/strong>* (Rayo Vallecano),\u00a0<strong><a href=\"https:\/\/www.marca.com\/futbol\/cadiz\/2025\/09\/01\/guinda-mercado-amarillo-dawda-camara.html\" data-mrf-link=\"https:\/\/www.marca.com\/futbol\/cadiz\/2025\/09\/01\/guinda-mercado-amarillo-dawda-camara.html\">Dawda Camara<\/a><\/strong>* (Girona)<\/p>\n<p class=\"ue-c-article__paragraph paragraph\" data-mrf-recirculation=\"Links P\u00e1rrafos\"><strong>BAJAS<\/strong>:\u00a0<a href=\"https:\/\/www.marca.com\/futbol\/cadiz\/2025\/06\/03\/cadiz-decide-renovar-zaldua.html\" data-mrf-link=\"https:\/\/www.marca.com\/futbol\/cadiz\/2025\/06\/03\/cadiz-decide-renovar-zaldua.html\">Zaldua<\/a>,\u00a0Carlos Fern\u00e1ndez**,\u00a0<a href=\"https:\/\/www.marca.com\/futbol\/cadiz\/2025\/07\/01\/cadiz-traspasa-ivan-alejo-youba-diarra-fuera-espana.html\" data-mrf-link=\"https:\/\/www.marca.com\/futbol\/cadiz\/2025\/07\/01\/cadiz-traspasa-ivan-alejo-youba-diarra-fuera-espana.html\">Iv\u00e1n Alejo<\/a>,\u00a0<a href=\"https:\/\/www.marca.com\/futbol\/cadiz\/2025\/07\/01\/cadiz-traspasa-ivan-alejo-youba-diarra-fuera-espana.html\" data-mrf-link=\"https:\/\/www.marca.com\/futbol\/cadiz\/2025\/07\/01\/cadiz-traspasa-ivan-alejo-youba-diarra-fuera-espana.html\">Youba Diarra<\/a>, \u00d3scar Melendo,\u00a0<a href=\"https:\/\/www.marca.com\/futbol\/ceuta\/2025\/07\/21\/ceuta-firma-matos-lateral-experto-segunda.html\" data-mrf-link=\"https:\/\/www.marca.com\/futbol\/ceuta\/2025\/07\/21\/ceuta-firma-matos-lateral-experto-segunda.html\">Matos<\/a>,\u00a0<a href=\"https:\/\/www.marca.com\/futbol\/cadiz\/2025\/08\/06\/cadiz-anuncia-rescision-caro.html\" data-mrf-link=\"https:\/\/www.marca.com\/futbol\/cadiz\/2025\/08\/06\/cadiz-anuncia-rescision-caro.html\">Caro<\/a>,\u00a0<a href=\"https:\/\/www.marca.com\/futbol\/cadiz\/2025\/08\/06\/cadiz-anuncia-rescision-caro.html\" data-mrf-link=\"https:\/\/www.marca.com\/futbol\/cadiz\/2025\/08\/06\/cadiz-anuncia-rescision-caro.html\">Fede San Emeterio<\/a>,\u00a0<a href=\"https:\/\/www.marca.com\/futbol\/cadiz\/2025\/08\/05\/victor-chust-marcha-elche.html\" data-mrf-link=\"https:\/\/www.marca.com\/futbol\/cadiz\/2025\/08\/05\/victor-chust-marcha-elche.html\">V\u00edctor Chust<\/a>,\u00a0<a href=\"https:\/\/www.marca.com\/futbol\/cadiz\/2025\/08\/15\/chris-ramos-pone-rumbo-botafogo.html\" data-mrf-link=\"https:\/\/www.marca.com\/futbol\/cadiz\/2025\/08\/15\/chris-ramos-pone-rumbo-botafogo.html\">Chris Ramos<\/a>*,\u00a0<a href=\"https:\/\/www.marca.com\/futbol\/cadiz\/2025\/08\/30\/escalante-cadiz-separan-caminos.html\" data-mrf-link=\"https:\/\/www.marca.com\/futbol\/cadiz\/2025\/08\/30\/escalante-cadiz-separan-caminos.html\">Mwepu<\/a>*,\u00a0<a href=\"https:\/\/www.marca.com\/futbol\/cadiz\/2025\/08\/30\/escalante-cadiz-separan-caminos.html\" data-mrf-link=\"https:\/\/www.marca.com\/futbol\/cadiz\/2025\/08\/30\/escalante-cadiz-separan-caminos.html\">Gonzalo Escalante<\/a>,\u00a0<a href=\"https:\/\/www.marca.com\/futbol\/cadiz\/2025\/09\/01\/sobrino-alcaraz-oportunidad-mercado-vista.html\" data-mrf-link=\"https:\/\/www.marca.com\/futbol\/cadiz\/2025\/09\/01\/sobrino-alcaraz-oportunidad-mercado-vista.html\">Rub\u00e9n Alcaraz<\/a>,\u00a0<a href=\"https:\/\/www.marca.com\/futbol\/cadiz\/2025\/09\/01\/sobrino-alcaraz-oportunidad-mercado-vista.html\" data-mrf-link=\"https:\/\/www.marca.com\/futbol\/cadiz\/2025\/09\/01\/sobrino-alcaraz-oportunidad-mercado-vista.html\">Sobrino<\/a>,\u00a0<a href=\"https:\/\/www.marca.com\/futbol\/rayo\/2025\/09\/01\/rayo-cede-pelayo-cadiz.html\" data-mrf-link=\"https:\/\/www.marca.com\/futbol\/rayo\/2025\/09\/01\/rayo-cede-pelayo-cadiz.html\">David Garc\u00eda<\/a>*,\u00a0<a href=\"https:\/\/www.marca.com\/futbol\/rayo\/2025\/09\/01\/rayo-cede-pelayo-cadiz.html\" data-mrf-link=\"https:\/\/www.marca.com\/futbol\/rayo\/2025\/09\/01\/rayo-cede-pelayo-cadiz.html\">Isaac Obeng<\/a>*<\/p>\n<figure class=\"ue-c-article__media ue-c-article__media--image\">\n<div class=\"ue-c-article__media-img-container ue-l-article--expand-edge-right-until-tablet ue-l-article--expand-edge-left-until-tablet\"><picture><source srcset=\"https:\/\/e00-xlk-ue-marca.uecdn.es\/files\/article_360_widen_webp\/uploads\/2025\/06\/02\/683dc8d4c5968.webp 360w,https:\/\/e00-xlk-ue-marca.uecdn.es\/files\/article_375_widen_webp\/uploads\/2025\/06\/02\/683dc8d4c5968.webp 375w,https:\/\/e00-xlk-ue-marca.uecdn.es\/files\/article_414_widen_webp\/uploads\/2025\/06\/02\/683dc8d4c5968.webp 414w,https:\/\/e00-xlk-ue-marca.uecdn.es\/files\/article_660_widen_webp\/uploads\/2025\/06\/02\/683dc8d4c5968.webp 660w,https:\/\/e00-xlk-ue-marca.uecdn.es\/files\/article_720_widen_webp\/uploads\/2025\/06\/02\/683dc8d4c5968.webp 720w,https:\/\/e00-xlk-ue-marca.uecdn.es\/files\/article_750_widen_webp\/uploads\/2025\/06\/02\/683dc8d4c5968.webp 750w,https:\/\/e00-xlk-ue-marca.uecdn.es\/files\/article_828_widen_webp\/uploads\/2025\/06\/02\/683dc8d4c5968.webp 828w,https:\/\/e00-xlk-ue-marca.uecdn.es\/files\/article_1320_widen_webp\/uploads\/2025\/06\/02\/683dc8d4c5968.webp 1320w\" type=\"image\/webp\" sizes=\"(min-width: 1010px) 660px, (min-width: 980px) calc(100vw - 350px), (min-width: 740px) calc(100vw - 320px), 100vw\" \/><source srcset=\"https:\/\/e00-xlk-ue-marca.uecdn.es\/files\/article_360_widen\/uploads\/2025\/06\/02\/683dc8d4c5968.png 360w,https:\/\/e00-xlk-ue-marca.uecdn.es\/files\/article_375_widen\/uploads\/2025\/06\/02\/683dc8d4c5968.png 375w,https:\/\/e00-xlk-ue-marca.uecdn.es\/files\/article_414_widen\/uploads\/2025\/06\/02\/683dc8d4c5968.png 414w,https:\/\/e00-xlk-ue-marca.uecdn.es\/files\/article_660_widen\/uploads\/2025\/06\/02\/683dc8d4c5968.png 660w,https:\/\/e00-xlk-ue-marca.uecdn.es\/files\/article_720_widen\/uploads\/2025\/06\/02\/683dc8d4c5968.png 720w,https:\/\/e00-xlk-ue-marca.uecdn.es\/files\/article_750_widen\/uploads\/2025\/06\/02\/683dc8d4c5968.png 750w,https:\/\/e00-xlk-ue-marca.uecdn.es\/files\/article_828_widen\/uploads\/2025\/06\/02\/683dc8d4c5968.png 828w,https:\/\/e00-xlk-ue-marca.uecdn.es\/files\/article_1320_widen\/uploads\/2025\/06\/02\/683dc8d4c5968.png 1320w\" type=\"image\/png\" sizes=\"(min-width: 1010px) 660px, (min-width: 980px) calc(100vw - 350px), (min-width: 740px) calc(100vw - 320px), 100vw\" \/><img loading=\"lazy\" decoding=\"async\" class=\"ue-c-article__image lazyload\" src=\"https:\/\/e00-xlk-ue-marca.uecdn.es\/uploads\/2025\/06\/02\/683dc8d4c5968.png\" alt=\"Castell\u00f3n\" width=\"1320\" height=\"160\" \/><\/picture><\/div><figcaption class=\"ue-c-article__media-caption\">\n<div class=\"ue-c-article__media-caption-inner\"><\/div>\n<\/figcaption><\/figure>\n<p class=\"ue-c-article__paragraph paragraph\" data-mrf-recirculation=\"Links P\u00e1rrafos\"><strong>ALTAS<\/strong>: Pere Marco** (Marbella)\u00a0<strong><a href=\"https:\/\/www.marca.com\/futbol\/castellon\/2025\/06\/05\/castellon-primer-fichaje-extremo-pablo-santiago.html\" data-mrf-link=\"https:\/\/www.marca.com\/futbol\/castellon\/2025\/06\/05\/castellon-primer-fichaje-extremo-pablo-santiago.html\">Pablo Santiago<\/a><\/strong>\u00a0(Barakaldo),\u00a0<a href=\"https:\/\/www.marca.com\/futbol\/castellon\/2025\/06\/18\/castellon-ficha-portero-belga-romain-matthys.html\" data-mrf-link=\"https:\/\/www.marca.com\/futbol\/castellon\/2025\/06\/18\/castellon-ficha-portero-belga-romain-matthys.html\"><strong>Romain Matthys<\/strong><\/a>\u00a0(MVV Maastricht),\u00a0<strong><a href=\"https:\/\/www.marca.com\/futbol\/castellon\/2025\/06\/19\/gerenabarrena-jugara-cedido-castellon.html\" data-mrf-link=\"https:\/\/www.marca.com\/futbol\/castellon\/2025\/06\/19\/gerenabarrena-jugara-cedido-castellon.html\">Be\u00f1at Gerenabarrena<\/a><\/strong>* (Athletic),\u00a0<strong><a href=\"https:\/\/www.marca.com\/futbol\/castellon\/2025\/07\/02\/centrocampista-diego-barri-cuarto-fichaje-castellon.html\" data-mrf-link=\"https:\/\/www.marca.com\/futbol\/castellon\/2025\/07\/02\/centrocampista-diego-barri-cuarto-fichaje-castellon.html\">Diego Barri<\/a><\/strong>\u00a0(Cultural),\u00a0<strong><a href=\"https:\/\/www.marca.com\/futbol\/castellon\/2025\/07\/03\/castellon-ficha-extremo-izquierdo-serpeta.html\" data-mrf-link=\"https:\/\/www.marca.com\/futbol\/castellon\/2025\/07\/03\/castellon-ficha-extremo-izquierdo-serpeta.html\">Serpeta\u00a0<\/a><\/strong>(Yeclano),\u00a0<strong><a href=\"https:\/\/www.marca.com\/futbol\/castellon\/2025\/07\/05\/lateral-izquierdo-lucas-alcazar-septimo-fichaje-castellon.html\" data-mrf-link=\"https:\/\/www.marca.com\/futbol\/castellon\/2025\/07\/05\/lateral-izquierdo-lucas-alcazar-septimo-fichaje-castellon.html\">Lucas Alc\u00e1zar<\/a><\/strong>\u00a0(Betis Deportivo),\u00a0<strong><a href=\"https:\/\/www.marca.com\/futbol\/castellon\/2025\/07\/04\/marc-olivier-doue-refuerzo-medular-castellon.html\" data-mrf-link=\"https:\/\/www.marca.com\/futbol\/castellon\/2025\/07\/04\/marc-olivier-doue-refuerzo-medular-castellon.html\">Dou\u00e9\u00a0<\/a><\/strong>(Ponferradina),\u00a0<strong><a href=\"https:\/\/www.marca.com\/futbol\/castellon\/2025\/07\/06\/mellot-refuezo-lujo-lateral-derecho-castellon.html\" data-mrf-link=\"https:\/\/www.marca.com\/futbol\/castellon\/2025\/07\/06\/mellot-refuezo-lujo-lateral-derecho-castellon.html\">Mellot\u00a0<\/a><\/strong>(Tenerife),\u00a0<strong><a href=\"https:\/\/www.marca.com\/futbol\/castellon\/2025\/07\/07\/castellon-refuerza-defensa-fichaje-argentino-agustin-sienra.html\" data-mrf-link=\"https:\/\/www.marca.com\/futbol\/castellon\/2025\/07\/07\/castellon-refuerza-defensa-fichaje-argentino-agustin-sienra.html\">Agust\u00edn Sienra<\/a><\/strong>\u00a0(Defensa y Justicia),\u00a0<strong><a href=\"https:\/\/www.marca.com\/futbol\/castellon\/2025\/07\/15\/castellon-incorpora-defensa-italiano-fabrizio-brignani.html\" data-mrf-link=\"https:\/\/www.marca.com\/futbol\/castellon\/2025\/07\/15\/castellon-incorpora-defensa-italiano-fabrizio-brignani.html\">Fabrizio Brignani<\/a><\/strong>\u00a0(Mantova),\u00a0<strong><a href=\"https:\/\/www.marca.com\/futbol\/castellon\/2025\/07\/16\/castellon-trae-italia-brasileno-ronaldo-pompeu.html\" data-mrf-link=\"https:\/\/www.marca.com\/futbol\/castellon\/2025\/07\/16\/castellon-trae-italia-brasileno-ronaldo-pompeu.html\">Ronaldo Pompeu<\/a><\/strong>\u00a0(Vicenza),\u00a0<strong><a href=\"https:\/\/www.marca.com\/futbol\/castellon\/2025\/07\/21\/castellon-ficha-joven-polaco-michal-willmann.html\" data-mrf-link=\"https:\/\/www.marca.com\/futbol\/castellon\/2025\/07\/21\/castellon-ficha-joven-polaco-michal-willmann.html\">Michal Willmann<\/a><\/strong>\u00a0(Podbeskidzie),\u00a0<strong><a href=\"https:\/\/www.marca.com\/futbol\/castellon\/2025\/08\/12\/lateral-izquierdo-tincho-decimotercer-fichaje-castellon.html\" data-mrf-link=\"https:\/\/www.marca.com\/futbol\/castellon\/2025\/08\/12\/lateral-izquierdo-tincho-decimotercer-fichaje-castellon.html\">Tincho\u00a0<\/a><\/strong>(Celta),\u00a0<strong><a href=\"https:\/\/www.marca.com\/futbol\/castellon\/2025\/09\/01\/castellon-incorpora-mediapunta-tommaso-nipoli-cedido.html\" data-mrf-link=\"https:\/\/www.marca.com\/futbol\/castellon\/2025\/09\/01\/castellon-incorpora-mediapunta-tommaso-nipoli-cedido.html\">De Nipoti<\/a><\/strong>* (Atalanta),\u00a0<strong><a href=\"https:\/\/www.marca.com\/futbol\/castellon\/2025\/09\/01\/castellon-traspasa-gonzalo-pastor-famalicao-portugues.html\" data-mrf-link=\"https:\/\/www.marca.com\/futbol\/castellon\/2025\/09\/01\/castellon-traspasa-gonzalo-pastor-famalicao-portugues.html\">Adam Jakobsen<\/a><\/strong>\u00a0(Brommapojkarna)<\/p>\n<p class=\"ue-c-article__paragraph paragraph\" data-mrf-recirculation=\"Links P\u00e1rrafos\"><strong>BAJAS<\/strong>:\u00a0<a href=\"https:\/\/www.marca.com\/futbol\/castellon\/2025\/05\/19\/jetro-willems-rescinde-castellon.html\" data-mrf-link=\"https:\/\/www.marca.com\/futbol\/castellon\/2025\/05\/19\/jetro-willems-rescinde-castellon.html\">Jetro Willems<\/a>,\u00a0<a href=\"https:\/\/www.marca.com\/futbol\/castellon\/2025\/06\/16\/castellon-traspasa-raul-sanchez-necaxa-mexicano.html\" data-mrf-link=\"https:\/\/www.marca.com\/futbol\/castellon\/2025\/06\/16\/castellon-traspasa-raul-sanchez-necaxa-mexicano.html\">Van den Belt<\/a>**,\u00a0<a href=\"https:\/\/www.marca.com\/futbol\/castellon\/2025\/06\/05\/resolver-situacion-jugadores-acaban-contrato-primer-objetivo.html\" data-mrf-link=\"https:\/\/www.marca.com\/futbol\/castellon\/2025\/06\/05\/resolver-situacion-jugadores-acaban-contrato-primer-objetivo.html\">Gio Zarfino<\/a>,\u00a0<a href=\"https:\/\/www.marca.com\/futbol\/castellon\/2025\/06\/16\/castellon-traspasa-raul-sanchez-necaxa-mexicano.html\" data-mrf-link=\"https:\/\/www.marca.com\/futbol\/castellon\/2025\/06\/16\/castellon-traspasa-raul-sanchez-necaxa-mexicano.html\">Ra\u00fal S\u00e1nchez<\/a>,\u00a0<a href=\"https:\/\/www.marca.com\/futbol\/castellon\/2025\/06\/09\/calavera-finaliza-segunda-etapa-castellon.html\" data-mrf-link=\"https:\/\/www.marca.com\/futbol\/castellon\/2025\/06\/09\/calavera-finaliza-segunda-etapa-castellon.html\">Josep Calavera<\/a>, Milos Jojic,\u00a0<a href=\"https:\/\/www.marca.com\/futbol\/castellon\/2025\/06\/10\/hay-marcha-atras-castellon-confirma-salida-crettaz.html\" data-mrf-link=\"https:\/\/www.marca.com\/futbol\/castellon\/2025\/06\/10\/hay-marcha-atras-castellon-confirma-salida-crettaz.html\">Gonzalo Crettaz<\/a>,\u00a0<a href=\"https:\/\/www.marca.com\/futbol\/castellon\/2025\/06\/23\/escobar-nueva-baja-confirmada-castellon.html\" data-mrf-link=\"https:\/\/www.marca.com\/futbol\/castellon\/2025\/06\/23\/escobar-nueva-baja-confirmada-castellon.html\">Juan Escobar<\/a>, Moyita,\u00a0<a href=\"https:\/\/www.marca.com\/futbol\/castellon\/2025\/07\/06\/castellon-traspasa-chirino-almeria.html\" data-mrf-link=\"https:\/\/www.marca.com\/futbol\/castellon\/2025\/07\/06\/castellon-traspasa-chirino-almeria.html\">Chirino<\/a>, Jos\u00e9 Albert*, De Miguel, Pere Marco*,\u00a0<a href=\"https:\/\/www.marca.com\/futbol\/rayo\/2025\/08\/12\/rayo-anuncia-fichaje-defensa-jozhua-vertrouwd.html\" data-mrf-link=\"https:\/\/www.marca.com\/futbol\/rayo\/2025\/08\/12\/rayo-anuncia-fichaje-defensa-jozhua-vertrouwd.html\">Jozhua Vertrouwd<\/a>,\u00a0<a href=\"https:\/\/www.marca.com\/futbol\/castellon\/2025\/08\/22\/lottin-deja-castalia-rumbo-portugal.html\" data-mrf-link=\"https:\/\/www.marca.com\/futbol\/castellon\/2025\/08\/22\/lottin-deja-castalia-rumbo-portugal.html\">Santi Borik\u00f3<\/a>*,\u00a0<a href=\"https:\/\/www.marca.com\/futbol\/castellon\/2025\/08\/22\/lottin-deja-castalia-rumbo-portugal.html\" data-mrf-link=\"https:\/\/www.marca.com\/futbol\/castellon\/2025\/08\/22\/lottin-deja-castalia-rumbo-portugal.html\">Albert Lottin<\/a>*,\u00a0<a href=\"https:\/\/www.marca.com\/futbol\/castellon\/2025\/08\/31\/castellon-cede-mamadou-traore-teruel.html\" data-mrf-link=\"https:\/\/www.marca.com\/futbol\/castellon\/2025\/08\/31\/castellon-cede-mamadou-traore-teruel.html\">Mamadou Traor\u00e9<\/a>*,\u00a0<a href=\"https:\/\/www.marca.com\/futbol\/castellon\/2025\/08\/31\/castellon-anuncia-venta-david-flakus-real-murcia.html\" data-mrf-link=\"https:\/\/www.marca.com\/futbol\/castellon\/2025\/08\/31\/castellon-anuncia-venta-david-flakus-real-murcia.html\">Flakus<\/a>,\u00a0<a href=\"https:\/\/www.marca.com\/futbol\/castellon\/2025\/09\/01\/castellon-traspasa-gonzalo-pastor-famalicao-portugues.html\" data-mrf-link=\"https:\/\/www.marca.com\/futbol\/castellon\/2025\/09\/01\/castellon-traspasa-gonzalo-pastor-famalicao-portugues.html\">Gonzalo Pastor<\/a><\/p>\n<figure class=\"ue-c-article__media ue-c-article__media--image\">\n<div class=\"ue-c-article__media-img-container ue-l-article--expand-edge-right-until-tablet ue-l-article--expand-edge-left-until-tablet\"><picture><source srcset=\"https:\/\/e00-xlk-ue-marca.uecdn.es\/files\/article_360_widen_webp\/uploads\/2025\/06\/02\/683de18215a72.webp 360w,https:\/\/e00-xlk-ue-marca.uecdn.es\/files\/article_375_widen_webp\/uploads\/2025\/06\/02\/683de18215a72.webp 375w,https:\/\/e00-xlk-ue-marca.uecdn.es\/files\/article_414_widen_webp\/uploads\/2025\/06\/02\/683de18215a72.webp 414w,https:\/\/e00-xlk-ue-marca.uecdn.es\/files\/article_660_widen_webp\/uploads\/2025\/06\/02\/683de18215a72.webp 660w,https:\/\/e00-xlk-ue-marca.uecdn.es\/files\/article_720_widen_webp\/uploads\/2025\/06\/02\/683de18215a72.webp 720w,https:\/\/e00-xlk-ue-marca.uecdn.es\/files\/article_750_widen_webp\/uploads\/2025\/06\/02\/683de18215a72.webp 750w,https:\/\/e00-xlk-ue-marca.uecdn.es\/files\/article_828_widen_webp\/uploads\/2025\/06\/02\/683de18215a72.webp 828w,https:\/\/e00-xlk-ue-marca.uecdn.es\/files\/article_1320_widen_webp\/uploads\/2025\/06\/02\/683de18215a72.webp 1320w\" type=\"image\/webp\" sizes=\"(min-width: 1010px) 660px, (min-width: 980px) calc(100vw - 350px), (min-width: 740px) calc(100vw - 320px), 100vw\" \/><source srcset=\"https:\/\/e00-xlk-ue-marca.uecdn.es\/files\/article_360_widen\/uploads\/2025\/06\/02\/683de18215a72.jpeg 360w,https:\/\/e00-xlk-ue-marca.uecdn.es\/files\/article_375_widen\/uploads\/2025\/06\/02\/683de18215a72.jpeg 375w,https:\/\/e00-xlk-ue-marca.uecdn.es\/files\/article_414_widen\/uploads\/2025\/06\/02\/683de18215a72.jpeg 414w,https:\/\/e00-xlk-ue-marca.uecdn.es\/files\/article_660_widen\/uploads\/2025\/06\/02\/683de18215a72.jpeg 660w,https:\/\/e00-xlk-ue-marca.uecdn.es\/files\/article_720_widen\/uploads\/2025\/06\/02\/683de18215a72.jpeg 720w,https:\/\/e00-xlk-ue-marca.uecdn.es\/files\/article_750_widen\/uploads\/2025\/06\/02\/683de18215a72.jpeg 750w,https:\/\/e00-xlk-ue-marca.uecdn.es\/files\/article_828_widen\/uploads\/2025\/06\/02\/683de18215a72.jpeg 828w,https:\/\/e00-xlk-ue-marca.uecdn.es\/files\/article_1320_widen\/uploads\/2025\/06\/02\/683de18215a72.jpeg 1320w\" type=\"image\/jpeg\" sizes=\"(min-width: 1010px) 660px, (min-width: 980px) calc(100vw - 350px), (min-width: 740px) calc(100vw - 320px), 100vw\" \/><img loading=\"lazy\" decoding=\"async\" class=\"ue-c-article__image lazyload\" src=\"https:\/\/e00-xlk-ue-marca.uecdn.es\/uploads\/2025\/06\/02\/683de18215a72.jpeg\" alt=\"Ceuta\" width=\"1320\" height=\"161\" \/><\/picture><\/div><figcaption class=\"ue-c-article__media-caption\">\n<div class=\"ue-c-article__media-caption-inner\"><\/div>\n<\/figcaption><\/figure>\n<p class=\"ue-c-article__paragraph paragraph\" data-mrf-recirculation=\"Links P\u00e1rrafos\"><strong>ALTAS<\/strong>: El Ftouhi* (Atco Sanluque\u00f1o),\u00a0<strong><a href=\"https:\/\/www.marca.com\/futbol\/ceuta\/2025\/06\/27\/anuar-acepta-reto-liderara-ceuta-regreso-segunda-division.html\" data-mrf-link=\"https:\/\/www.marca.com\/futbol\/ceuta\/2025\/06\/27\/anuar-acepta-reto-liderara-ceuta-regreso-segunda-division.html\">Anuar\u00a0<\/a><\/strong>(Valladolid),\u00a0<strong><a href=\"https:\/\/www.marca.com\/futbol\/ceuta\/2025\/06\/30\/juanto-ortuno-convierte-segundo-fichaje-ceuta.html\" data-mrf-link=\"https:\/\/www.marca.com\/futbol\/ceuta\/2025\/06\/30\/juanto-ortuno-convierte-segundo-fichaje-ceuta.html\">Juanto Ortu\u00f1o<\/a><\/strong>\u00a0(Eldense),\u00a0<strong><a href=\"https:\/\/www.marca.com\/futbol\/ceuta\/2025\/07\/05\/defensa-manu-sanchez-ex-levante-tercer-fichaje-ceuta.html\" data-mrf-link=\"https:\/\/www.marca.com\/futbol\/ceuta\/2025\/07\/05\/defensa-manu-sanchez-ex-levante-tercer-fichaje-ceuta.html\">Manu S\u00e1nchez<\/a><\/strong>\u00a0(Levante),\u00a0<strong><a href=\"https:\/\/www.marca.com\/futbol\/ceuta\/2025\/07\/09\/campeon-europa-llega-ceuta-manu-vallejo-firma-campana.html\" data-mrf-link=\"https:\/\/www.marca.com\/futbol\/ceuta\/2025\/07\/09\/campeon-europa-llega-ceuta-manu-vallejo-firma-campana.html\">Manu Vallejo<\/a><\/strong>\u00a0(Racing Ferrol),\u00a0<strong><a href=\"https:\/\/www.marca.com\/futbol\/las-palmas\/2025\/07\/18\/bassinga-marcha-cedido-ad-ceuta.html\" data-mrf-link=\"https:\/\/www.marca.com\/futbol\/las-palmas\/2025\/07\/18\/bassinga-marcha-cedido-ad-ceuta.html\">Bassinga<\/a><\/strong>* (Las Palmas),\u00a0<strong><a href=\"https:\/\/www.marca.com\/futbol\/ceuta\/2025\/07\/21\/ceuta-firma-matos-lateral-experto-segunda.html\" data-mrf-link=\"https:\/\/www.marca.com\/futbol\/ceuta\/2025\/07\/21\/ceuta-firma-matos-lateral-experto-segunda.html\">Matos\u00a0<\/a><\/strong>(C\u00e1diz),\u00a0<strong><a href=\"https:\/\/www.marca.com\/futbol\/ceuta\/2025\/07\/23\/ceuta-refuerza-bodiger.html\" data-mrf-link=\"https:\/\/www.marca.com\/futbol\/ceuta\/2025\/07\/23\/ceuta-refuerza-bodiger.html\">Yann Bodiger<\/a><\/strong>\u00a0(Tenerife),\u00a0<strong><a href=\"https:\/\/www.marca.com\/futbol\/ceuta\/2025\/08\/08\/diego-gonzalez-refuerzo-ceuta.html\" data-mrf-link=\"https:\/\/www.marca.com\/futbol\/ceuta\/2025\/08\/08\/diego-gonzalez-refuerzo-ceuta.html\">Diego Gonz\u00e1lez<\/a><\/strong>\u00a0(Huesca),\u00a0<strong><a href=\"https:\/\/www.marca.com\/futbol\/ceuta\/2025\/08\/28\/marcos-fernandez-cedido-ceuta-debutara-racing.html\" data-mrf-link=\"https:\/\/www.marca.com\/futbol\/ceuta\/2025\/08\/28\/marcos-fernandez-cedido-ceuta-debutara-racing.html\">Marcos Fern\u00e1ndez<\/a><\/strong>* (Espanyol),\u00a0<strong><a href=\"https:\/\/www.marca.com\/futbol\/ceuta\/2025\/09\/01\/samuel-obeng-llega-ceuta-reforzar-ataque.html\" data-mrf-link=\"https:\/\/www.marca.com\/futbol\/ceuta\/2025\/09\/01\/samuel-obeng-llega-ceuta-reforzar-ataque.html\">Samuel Obeng<\/a><\/strong>\u00a0(Wydad de Casablanca),\u00a0<strong><a href=\"https:\/\/www.marca.com\/futbol\/ceuta\/2025\/09\/02\/ceuta-extremo-canterano-barcelona-konrad-fuente.html\" data-mrf-link=\"https:\/\/www.marca.com\/futbol\/ceuta\/2025\/09\/02\/ceuta-extremo-canterano-barcelona-konrad-fuente.html\">Konrad de la Fuente<\/a><\/strong>\u00a0(Lausanne)<\/p>\n<p class=\"ue-c-article__paragraph paragraph\" data-mrf-recirculation=\"Links P\u00e1rrafos\"><strong>BAJAS<\/strong>:\u00a0<a href=\"https:\/\/www.marca.com\/futbol\/segunda-division\/2025\/06\/15\/ceuta-anuncia-primeras-cuatro-bajas-segunda-participacion-segunda.html\" data-mrf-link=\"https:\/\/www.marca.com\/futbol\/segunda-division\/2025\/06\/15\/ceuta-anuncia-primeras-cuatro-bajas-segunda-participacion-segunda.html\">Mart\u00edn Bellotti<\/a>**,\u00a0<a href=\"https:\/\/www.marca.com\/futbol\/segunda-division\/2025\/06\/15\/ceuta-anuncia-primeras-cuatro-bajas-segunda-participacion-segunda.html\" data-mrf-link=\"https:\/\/www.marca.com\/futbol\/segunda-division\/2025\/06\/15\/ceuta-anuncia-primeras-cuatro-bajas-segunda-participacion-segunda.html\">Fran Delgado<\/a>**,\u00a0<a href=\"https:\/\/www.marca.com\/futbol\/segunda-division\/2025\/06\/15\/ceuta-anuncia-primeras-cuatro-bajas-segunda-participacion-segunda.html\" data-mrf-link=\"https:\/\/www.marca.com\/futbol\/segunda-division\/2025\/06\/15\/ceuta-anuncia-primeras-cuatro-bajas-segunda-participacion-segunda.html\">Borja L\u00f3pez, Dani Aquino<\/a>, Rodri R\u00edos,\u00a0<a href=\"https:\/\/www.marca.com\/futbol\/segunda-division\/2025\/06\/25\/todos-movimientos-22-plantillas-segunda-mercado-veraniego-altas-bajas-e-interesan.html\" data-mrf-link=\"https:\/\/www.marca.com\/futbol\/segunda-division\/2025\/06\/25\/todos-movimientos-22-plantillas-segunda-mercado-veraniego-altas-bajas-e-interesan.html\">Sofiane<\/a>,\u00a0<a href=\"https:\/\/www.marca.com\/futbol\/ceuta\/2025\/07\/28\/ceuta-cede-merida-heroe-ascenso.html\" data-mrf-link=\"https:\/\/www.marca.com\/futbol\/ceuta\/2025\/07\/28\/ceuta-cede-merida-heroe-ascenso.html\">V\u00edctor Corral<\/a>*,\u00a0Bless*,\u00a0<a href=\"https:\/\/www.marca.com\/futbol\/cadiz\/2025\/09\/01\/cadiz-refuerza-plantilla-joven-efe-ugiagbe-aghama.html\" data-mrf-link=\"https:\/\/www.marca.com\/futbol\/cadiz\/2025\/09\/01\/cadiz-refuerza-plantilla-joven-efe-ugiagbe-aghama.html\">Efe<\/a><\/p>\n<figure class=\"ue-c-article__media ue-c-article__media--image\">\n<div class=\"ue-c-article__media-img-container ue-l-article--expand-edge-right-until-tablet ue-l-article--expand-edge-left-until-tablet\"><picture><source srcset=\"https:\/\/e00-xlk-ue-marca.uecdn.es\/files\/article_360_widen_webp\/uploads\/2025\/06\/02\/683dc93767b97.webp 360w,https:\/\/e00-xlk-ue-marca.uecdn.es\/files\/article_375_widen_webp\/uploads\/2025\/06\/02\/683dc93767b97.webp 375w,https:\/\/e00-xlk-ue-marca.uecdn.es\/files\/article_414_widen_webp\/uploads\/2025\/06\/02\/683dc93767b97.webp 414w,https:\/\/e00-xlk-ue-marca.uecdn.es\/files\/article_660_widen_webp\/uploads\/2025\/06\/02\/683dc93767b97.webp 660w,https:\/\/e00-xlk-ue-marca.uecdn.es\/files\/article_720_widen_webp\/uploads\/2025\/06\/02\/683dc93767b97.webp 720w,https:\/\/e00-xlk-ue-marca.uecdn.es\/files\/article_750_widen_webp\/uploads\/2025\/06\/02\/683dc93767b97.webp 750w,https:\/\/e00-xlk-ue-marca.uecdn.es\/files\/article_828_widen_webp\/uploads\/2025\/06\/02\/683dc93767b97.webp 828w,https:\/\/e00-xlk-ue-marca.uecdn.es\/files\/article_1320_widen_webp\/uploads\/2025\/06\/02\/683dc93767b97.webp 1320w\" type=\"image\/webp\" sizes=\"(min-width: 1010px) 660px, (min-width: 980px) calc(100vw - 350px), (min-width: 740px) calc(100vw - 320px), 100vw\" \/><source srcset=\"https:\/\/e00-xlk-ue-marca.uecdn.es\/files\/article_360_widen\/uploads\/2025\/06\/02\/683dc93767b97.png 360w,https:\/\/e00-xlk-ue-marca.uecdn.es\/files\/article_375_widen\/uploads\/2025\/06\/02\/683dc93767b97.png 375w,https:\/\/e00-xlk-ue-marca.uecdn.es\/files\/article_414_widen\/uploads\/2025\/06\/02\/683dc93767b97.png 414w,https:\/\/e00-xlk-ue-marca.uecdn.es\/files\/article_660_widen\/uploads\/2025\/06\/02\/683dc93767b97.png 660w,https:\/\/e00-xlk-ue-marca.uecdn.es\/files\/article_720_widen\/uploads\/2025\/06\/02\/683dc93767b97.png 720w,https:\/\/e00-xlk-ue-marca.uecdn.es\/files\/article_750_widen\/uploads\/2025\/06\/02\/683dc93767b97.png 750w,https:\/\/e00-xlk-ue-marca.uecdn.es\/files\/article_828_widen\/uploads\/2025\/06\/02\/683dc93767b97.png 828w,https:\/\/e00-xlk-ue-marca.uecdn.es\/files\/article_1320_widen\/uploads\/2025\/06\/02\/683dc93767b97.png 1320w\" type=\"image\/png\" sizes=\"(min-width: 1010px) 660px, (min-width: 980px) calc(100vw - 350px), (min-width: 740px) calc(100vw - 320px), 100vw\" \/><img loading=\"lazy\" decoding=\"async\" class=\"ue-c-article__image lazyload\" src=\"https:\/\/e00-xlk-ue-marca.uecdn.es\/uploads\/2025\/06\/02\/683dc93767b97.png\" alt=\"C\u00f3rdoba\" width=\"1320\" height=\"160\" \/><\/picture><\/div><figcaption class=\"ue-c-article__media-caption\">\n<div class=\"ue-c-article__media-caption-inner\"><\/div>\n<\/figcaption><\/figure>\n<p class=\"ue-c-article__paragraph paragraph\" data-mrf-recirculation=\"Links P\u00e1rrafos\"><strong>ALTAS<\/strong>:\u00a0<strong><a href=\"https:\/\/www.marca.com\/futbol\/cordoba\/2025\/06\/04\/sergi-guardiola-regresa-cordoba-liderar-ataque.html\" data-mrf-link=\"https:\/\/www.marca.com\/futbol\/cordoba\/2025\/06\/04\/sergi-guardiola-regresa-cordoba-liderar-ataque.html\">Sergi Guardiola<\/a><\/strong>\u00a0(Rayo Vallecano),\u00a0<strong><a href=\"https:\/\/www.marca.com\/futbol\/cordoba\/2025\/06\/05\/dalisson-segundo-refuerzo-cordoba.html\" data-mrf-link=\"https:\/\/www.marca.com\/futbol\/cordoba\/2025\/06\/05\/dalisson-segundo-refuerzo-cordoba.html\">Dalisson\u00a0<\/a><\/strong>(Pontevedra),\u00a0<a href=\"https:\/\/www.marca.com\/futbol\/cordoba\/2025\/06\/06\/cordoba-vuelve-reclutar-adrian-fuentes.html\" data-mrf-link=\"https:\/\/www.marca.com\/futbol\/cordoba\/2025\/06\/06\/cordoba-vuelve-reclutar-adrian-fuentes.html\"><strong>Adri Fuentes<\/strong><\/a>\u00a0(Tarazona),\u00a0<strong><a href=\"https:\/\/www.marca.com\/futbol\/cordoba\/2025\/06\/08\/juan-maria-alcedo-refuerza-flanco-izquierdo-cordoba.html\" data-mrf-link=\"https:\/\/www.marca.com\/futbol\/cordoba\/2025\/06\/08\/juan-maria-alcedo-refuerza-flanco-izquierdo-cordoba.html\">Juan M\u00aa Alcedo<\/a><\/strong>\u00a0(Albacete),\u00a0<strong><a href=\"https:\/\/www.marca.com\/futbol\/cordoba\/2025\/06\/14\/mariano-carmona-apuesta-cordoba.html\" data-mrf-link=\"https:\/\/www.marca.com\/futbol\/cordoba\/2025\/06\/14\/mariano-carmona-apuesta-cordoba.html\">Mariano Carmona<\/a><\/strong>\u00a0(Coria),\u00a0<strong><a href=\"https:\/\/www.marca.com\/futbol\/cordoba\/2025\/06\/18\/iker-alvarez-competencia-porteria-cordoba.html\" data-mrf-link=\"https:\/\/www.marca.com\/futbol\/cordoba\/2025\/06\/18\/iker-alvarez-competencia-porteria-cordoba.html\">Iker \u00c1lvarez<\/a><\/strong>\u00a0(Villarreal),\u00a0<strong><a href=\"https:\/\/www.marca.com\/futbol\/cordoba\/2025\/06\/19\/fomeyem-octavo-pasajero-nuevo-cordoba.html\" data-mrf-link=\"https:\/\/www.marca.com\/futbol\/cordoba\/2025\/06\/19\/fomeyem-octavo-pasajero-nuevo-cordoba.html\">Fomeyem\u00a0<\/a><\/strong>(Antequera),\u00a0<strong><a href=\"https:\/\/www.marca.com\/futbol\/cordoba\/2025\/07\/02\/alex-martin-defensor-cordoba.html\" data-mrf-link=\"https:\/\/www.marca.com\/futbol\/cordoba\/2025\/07\/02\/alex-martin-defensor-cordoba.html\">\u00c1lex Mart\u00edn<\/a><\/strong>\u00a0(Elche),\u00a0<strong><a href=\"https:\/\/www.marca.com\/futbol\/cordoba\/2025\/07\/03\/kevin-medina-rosaleda-arcangel.html\" data-mrf-link=\"https:\/\/www.marca.com\/futbol\/cordoba\/2025\/07\/03\/kevin-medina-rosaleda-arcangel.html\">Kevin Medina<\/a><\/strong>\u00a0(M\u00e1laga),\u00a0<strong><a href=\"https:\/\/www.marca.com\/futbol\/cordoba\/2025\/07\/06\/cordoba-sorprende-llegada-george-andrews.html\" data-mrf-link=\"https:\/\/www.marca.com\/futbol\/cordoba\/2025\/07\/06\/cordoba-sorprende-llegada-george-andrews.html\">George Andrews<\/a><\/strong>\u00a0(Atl\u00e9tico Baleares),\u00a0<strong><a href=\"https:\/\/www.marca.com\/futbol\/cordoba\/2025\/07\/16\/diego-bri-competencia-bandas-cordoba.html\" data-mrf-link=\"https:\/\/www.marca.com\/futbol\/cordoba\/2025\/07\/16\/diego-bri-competencia-bandas-cordoba.html\">Diego Bri<\/a><\/strong>* (Atl\u00e9tico de Madrid),\u00a0<strong><a href=\"https:\/\/www.marca.com\/futbol\/cordoba\/2025\/07\/22\/dani-requena-cordoba.html\" data-mrf-link=\"https:\/\/www.marca.com\/futbol\/cordoba\/2025\/07\/22\/dani-requena-cordoba.html\">Dani Requena<\/a><\/strong>* (Villarreal),\u00a0<strong><a href=\"https:\/\/www.marca.com\/futbol\/cordoba\/2025\/08\/01\/tercera-etapa-alberto-moral-cordoba.html\" data-mrf-link=\"https:\/\/www.marca.com\/futbol\/cordoba\/2025\/08\/01\/tercera-etapa-alberto-moral-cordoba.html\">Alberto del Moral<\/a><\/strong>* (Oviedo),\u00a0<a href=\"https:\/\/www.marca.com\/futbol\/cordoba\/2025\/08\/11\/hay-decimoquinto-malo-vilarrasa-cordoba.html\" data-mrf-link=\"https:\/\/www.marca.com\/futbol\/cordoba\/2025\/08\/11\/hay-decimoquinto-malo-vilarrasa-cordoba.html\"><strong>Vilarrasa\u00a0<\/strong><\/a>(Huesca),\u00a0<strong><a href=\"https:\/\/www.marca.com\/futbol\/cordoba\/2025\/09\/01\/sala-salas-jan-refueza-medular-cordoba.html\" data-mrf-link=\"https:\/\/www.marca.com\/futbol\/cordoba\/2025\/09\/01\/sala-salas-jan-refueza-medular-cordoba.html\">Jan Salas<\/a><\/strong>* (Mallorca)<\/p>\n<p class=\"ue-c-article__paragraph paragraph\" data-mrf-recirculation=\"Links P\u00e1rrafos\"><strong>BAJAS<\/strong>:\u00a0<a href=\"https:\/\/www.marca.com\/futbol\/cordoba\/2025\/05\/29\/partido-aroma-despedidas.html\" data-mrf-link=\"https:\/\/www.marca.com\/futbol\/cordoba\/2025\/05\/29\/partido-aroma-despedidas.html\">Magunazelaia<\/a>**,\u00a0<a href=\"https:\/\/www.marca.com\/futbol\/cordoba\/2025\/05\/29\/partido-aroma-despedidas.html\" data-mrf-link=\"https:\/\/www.marca.com\/futbol\/cordoba\/2025\/05\/29\/partido-aroma-despedidas.html\">Ander Yoldi<\/a>**,\u00a0<a href=\"https:\/\/www.marca.com\/futbol\/cordoba\/2025\/05\/29\/partido-aroma-despedidas.html\" data-mrf-link=\"https:\/\/www.marca.com\/futbol\/cordoba\/2025\/05\/29\/partido-aroma-despedidas.html\">Marvel<\/a>**,\u00a0<a href=\"https:\/\/www.marca.com\/futbol\/cordoba\/2025\/05\/29\/partido-aroma-despedidas.html\" data-mrf-link=\"https:\/\/www.marca.com\/futbol\/cordoba\/2025\/05\/29\/partido-aroma-despedidas.html\">Alberto del Moral<\/a>** , V\u00edctor Ruiz,\u00a0<a href=\"https:\/\/www.marca.com\/futbol\/cordoba\/2025\/05\/29\/partido-aroma-despedidas.html\" data-mrf-link=\"https:\/\/www.marca.com\/futbol\/cordoba\/2025\/05\/29\/partido-aroma-despedidas.html\">Corbo<\/a>,\u00a0<a href=\"https:\/\/www.marca.com\/futbol\/cordoba\/2025\/05\/29\/partido-aroma-despedidas.html\" data-mrf-link=\"https:\/\/www.marca.com\/futbol\/cordoba\/2025\/05\/29\/partido-aroma-despedidas.html\">Genaro<\/a>,\u00a0<a href=\"https:\/\/www.marca.com\/futbol\/cordoba\/2025\/07\/06\/cordoba-inicia-operacion-salida-ramon-vila.html\" data-mrf-link=\"https:\/\/www.marca.com\/futbol\/cordoba\/2025\/07\/06\/cordoba-inicia-operacion-salida-ramon-vila.html\">Ram\u00f3n Vila<\/a>,\u00a0<a href=\"https:\/\/www.marca.com\/futbol\/cordoba\/2025\/07\/13\/venezia-destino-final-antonio-casas.html\" data-mrf-link=\"https:\/\/www.marca.com\/futbol\/cordoba\/2025\/07\/13\/venezia-destino-final-antonio-casas.html\">Antonio Casas<\/a>,\u00a0<a href=\"https:\/\/www.marca.com\/futbol\/cordoba\/2025\/07\/19\/cordoba-cede-matias-atletico-madrid-b.html\" data-mrf-link=\"https:\/\/www.marca.com\/futbol\/cordoba\/2025\/07\/19\/cordoba-cede-matias-atletico-madrid-b.html\">Mat\u00edas\u00a0<\/a><a href=\"https:\/\/www.marca.com\/futbol\/cordoba\/2025\/07\/19\/cordoba-cede-matias-atletico-madrid-b.html\" data-mrf-link=\"https:\/\/www.marca.com\/futbol\/cordoba\/2025\/07\/19\/cordoba-cede-matias-atletico-madrid-b.html\">Barboza<\/a>*,\u00a0<a href=\"https:\/\/www.marca.com\/futbol\/cordoba\/2025\/07\/25\/soonsup-bell-historia-cordoba.html\" data-mrf-link=\"https:\/\/www.marca.com\/futbol\/cordoba\/2025\/07\/25\/soonsup-bell-historia-cordoba.html\">Soonsup-Bell<\/a>,\u00a0<a href=\"https:\/\/www.marca.com\/futbol\/cordoba\/2025\/07\/30\/cordoba-da-salida-mariano-busca-calderon.html\" data-mrf-link=\"https:\/\/www.marca.com\/futbol\/cordoba\/2025\/07\/30\/cordoba-da-salida-mariano-busca-calderon.html\">Mariano<\/a>*,\u00a0<a href=\"https:\/\/www.marca.com\/futbol\/cordoba\/2025\/08\/07\/cordoba-envia-george-andrews-foguearse-europa.html\" data-mrf-link=\"https:\/\/www.marca.com\/futbol\/cordoba\/2025\/08\/07\/cordoba-envia-george-andrews-foguearse-europa.html\">George Andrews<\/a>*,\u00a0<a href=\"https:\/\/www.marca.com\/futbol\/cordoba\/2025\/08\/11\/adios-etapa-calderon-cordoba.html\" data-mrf-link=\"https:\/\/www.marca.com\/futbol\/cordoba\/2025\/08\/11\/adios-etapa-calderon-cordoba.html\">Calder\u00f3n<\/a>,\u00a0<a href=\"https:\/\/www.marca.com\/futbol\/cordoba\/2025\/08\/15\/cesiones-cordoba-ntji-tounkara.html\" data-mrf-link=\"https:\/\/www.marca.com\/futbol\/cordoba\/2025\/08\/15\/cesiones-cordoba-ntji-tounkara.html\">Ntji Tounkara<\/a>*,\u00a0<a href=\"https:\/\/www.marca.com\/futbol\/cordoba\/2025\/08\/24\/traspaso-alex-sala-lecce-realidad.html\" data-mrf-link=\"https:\/\/www.marca.com\/futbol\/cordoba\/2025\/08\/24\/traspaso-alex-sala-lecce-realidad.html\">\u00c1lex Sala<\/a><\/p>\n<figure class=\"ue-c-article__media ue-c-article__media--image\">\n<div class=\"ue-c-article__media-img-container ue-l-article--expand-edge-right-until-tablet ue-l-article--expand-edge-left-until-tablet\"><picture><source srcset=\"https:\/\/e00-xlk-ue-marca.uecdn.es\/files\/article_360_widen_webp\/uploads\/2025\/06\/02\/683de1cd6c331.webp 360w,https:\/\/e00-xlk-ue-marca.uecdn.es\/files\/article_375_widen_webp\/uploads\/2025\/06\/02\/683de1cd6c331.webp 375w,https:\/\/e00-xlk-ue-marca.uecdn.es\/files\/article_414_widen_webp\/uploads\/2025\/06\/02\/683de1cd6c331.webp 414w,https:\/\/e00-xlk-ue-marca.uecdn.es\/files\/article_660_widen_webp\/uploads\/2025\/06\/02\/683de1cd6c331.webp 660w,https:\/\/e00-xlk-ue-marca.uecdn.es\/files\/article_720_widen_webp\/uploads\/2025\/06\/02\/683de1cd6c331.webp 720w,https:\/\/e00-xlk-ue-marca.uecdn.es\/files\/article_750_widen_webp\/uploads\/2025\/06\/02\/683de1cd6c331.webp 750w,https:\/\/e00-xlk-ue-marca.uecdn.es\/files\/article_828_widen_webp\/uploads\/2025\/06\/02\/683de1cd6c331.webp 828w,https:\/\/e00-xlk-ue-marca.uecdn.es\/files\/article_1320_widen_webp\/uploads\/2025\/06\/02\/683de1cd6c331.webp 1320w\" type=\"image\/webp\" sizes=\"(min-width: 1010px) 660px, (min-width: 980px) calc(100vw - 350px), (min-width: 740px) calc(100vw - 320px), 100vw\" \/><source srcset=\"https:\/\/e00-xlk-ue-marca.uecdn.es\/files\/article_360_widen\/uploads\/2025\/06\/02\/683de1cd6c331.jpeg 360w,https:\/\/e00-xlk-ue-marca.uecdn.es\/files\/article_375_widen\/uploads\/2025\/06\/02\/683de1cd6c331.jpeg 375w,https:\/\/e00-xlk-ue-marca.uecdn.es\/files\/article_414_widen\/uploads\/2025\/06\/02\/683de1cd6c331.jpeg 414w,https:\/\/e00-xlk-ue-marca.uecdn.es\/files\/article_660_widen\/uploads\/2025\/06\/02\/683de1cd6c331.jpeg 660w,https:\/\/e00-xlk-ue-marca.uecdn.es\/files\/article_720_widen\/uploads\/2025\/06\/02\/683de1cd6c331.jpeg 720w,https:\/\/e00-xlk-ue-marca.uecdn.es\/files\/article_750_widen\/uploads\/2025\/06\/02\/683de1cd6c331.jpeg 750w,https:\/\/e00-xlk-ue-marca.uecdn.es\/files\/article_828_widen\/uploads\/2025\/06\/02\/683de1cd6c331.jpeg 828w,https:\/\/e00-xlk-ue-marca.uecdn.es\/files\/article_1320_widen\/uploads\/2025\/06\/02\/683de1cd6c331.jpeg 1320w\" type=\"image\/jpeg\" sizes=\"(min-width: 1010px) 660px, (min-width: 980px) calc(100vw - 350px), (min-width: 740px) calc(100vw - 320px), 100vw\" \/><img loading=\"lazy\" decoding=\"async\" class=\"ue-c-article__image lazyload\" src=\"https:\/\/e00-xlk-ue-marca.uecdn.es\/uploads\/2025\/06\/02\/683de1cd6c331.jpeg\" alt=\"Cultural\" width=\"1320\" height=\"161\" \/><\/picture><\/div><figcaption class=\"ue-c-article__media-caption\">\n<div class=\"ue-c-article__media-caption-inner\"><\/div>\n<\/figcaption><\/figure>\n<p class=\"ue-c-article__paragraph paragraph\" data-mrf-recirculation=\"Links P\u00e1rrafos\"><strong>ALTAS<\/strong>: Nico Toca** (Gimn\u00e1stica Torrelavega), David L\u00f3pez** (Illescas),\u00a0<strong><a href=\"https:\/\/www.marca.com\/futbol\/cultural-leonesa\/2025\/06\/26\/extremo-zamora-rafael-tresaco-primer-fichaje-cultural.html\" data-mrf-link=\"https:\/\/www.marca.com\/futbol\/cultural-leonesa\/2025\/06\/26\/extremo-zamora-rafael-tresaco-primer-fichaje-cultural.html\">Rafa Tresaco<\/a><\/strong>\u00a0(Zamora),\u00a0<strong><a href=\"https:\/\/www.marca.com\/futbol\/cultural-leonesa\/2025\/07\/03\/cultural-refuerza-porteria-fichaje-edgar-badia.html\" data-mrf-link=\"https:\/\/www.marca.com\/futbol\/cultural-leonesa\/2025\/07\/03\/cultural-refuerza-porteria-fichaje-edgar-badia.html\">Edgar Badia<\/a><\/strong>\u00a0(Tenerife),\u00a0<strong><a href=\"https:\/\/www.marca.com\/futbol\/cultural-leonesa\/2025\/07\/04\/southampton-fc-cede-lateral-juan-larios-cultural-leonesa.html\" data-mrf-link=\"https:\/\/www.marca.com\/futbol\/cultural-leonesa\/2025\/07\/04\/southampton-fc-cede-lateral-juan-larios-cultural-leonesa.html\">Juan Larios<\/a><\/strong>* (Southampton),\u00a0<strong><a href=\"https:\/\/www.marca.com\/futbol\/cultural-leonesa\/2025\/07\/07\/arnau-rafus-portero-primera-cultural.html\" data-mrf-link=\"https:\/\/www.marca.com\/futbol\/cultural-leonesa\/2025\/07\/07\/arnau-rafus-portero-primera-cultural.html\">Arnau Raf\u00fas<\/a><\/strong>\u00a0(Real Valladolid Promesas),\u00a0<strong><a href=\"https:\/\/www.marca.com\/futbol\/cultural-leonesa\/2025\/07\/07\/argentino-thiago-ojeda-jugara-cedido-villarreal.html\" data-mrf-link=\"https:\/\/www.marca.com\/futbol\/cultural-leonesa\/2025\/07\/07\/argentino-thiago-ojeda-jugara-cedido-villarreal.html\">Thiago Ojeda<\/a><\/strong>* (Villarreal),\u00a0<strong><a href=\"https:\/\/www.marca.com\/futbol\/cultural-leonesa\/2025\/08\/01\/25-dias-sequia-rompen-paraschiv-nuevo-futbolista-cultural.html\" data-mrf-link=\"https:\/\/www.marca.com\/futbol\/cultural-leonesa\/2025\/08\/01\/25-dias-sequia-rompen-paraschiv-nuevo-futbolista-cultural.html\">Paraschiv<\/a><\/strong>* (Oviedo),\u00a0<strong><a href=\"https:\/\/www.marca.com\/futbol\/cultural-leonesa\/2025\/08\/01\/25-dias-sequia-rompen-paraschiv-nuevo-futbolista-cultural.html\" data-mrf-link=\"https:\/\/www.marca.com\/futbol\/cultural-leonesa\/2025\/08\/01\/25-dias-sequia-rompen-paraschiv-nuevo-futbolista-cultural.html\">Diego Collado<\/a><\/strong>\u00a0(Gil Vicente),\u00a0<strong><a href=\"https:\/\/www.marca.com\/futbol\/cultural-leonesa\/2025\/08\/03\/oscense-selu-diallo-llega-leon-procedente-alaves.html\" data-mrf-link=\"https:\/\/www.marca.com\/futbol\/cultural-leonesa\/2025\/08\/03\/oscense-selu-diallo-llega-leon-procedente-alaves.html\">Selu Diallo<\/a><\/strong>* (Alav\u00e9s),<strong><a href=\"https:\/\/www.marca.com\/futbol\/deportivo\/2025\/08\/12\/luis-chacon-repetira-cesion-cultural.html\" data-mrf-link=\"https:\/\/www.marca.com\/futbol\/deportivo\/2025\/08\/12\/luis-chacon-repetira-cesion-cultural.html\">\u00a0Luis Chac\u00f3n<\/a><\/strong>* (Deportivo),\u00a0<strong><a href=\"https:\/\/www.marca.com\/futbol\/cultural-leonesa\/2025\/08\/15\/yayo-llega-leon-sobre-bocina.html\" data-mrf-link=\"https:\/\/www.marca.com\/futbol\/cultural-leonesa\/2025\/08\/15\/yayo-llega-leon-sobre-bocina.html\">Pelayo Gonz\u00e1lez \u2018Yayo\u2019<\/a><\/strong>\u00a0(Oviedo),\u00a0<strong><a href=\"https:\/\/www.marca.com\/futbol\/cultural-leonesa\/2025\/08\/15\/yayo-llega-leon-sobre-bocina.html\" data-mrf-link=\"https:\/\/www.marca.com\/futbol\/cultural-leonesa\/2025\/08\/15\/yayo-llega-leon-sobre-bocina.html\">Mat\u00eda Barzic<\/a><\/strong>* (Elche),\u00a0<strong><a href=\"https:\/\/www.marca.com\/futbol\/cultural-leonesa\/2025\/08\/26\/hinojo-llega-cultura-cedido-espanyol.html\" data-mrf-link=\"https:\/\/www.marca.com\/futbol\/cultural-leonesa\/2025\/08\/26\/hinojo-llega-cultura-cedido-espanyol.html\">Hinojo<\/a><\/strong>* (Espanyol),\u00a0<strong><a href=\"https:\/\/www.marca.com\/futbol\/cultural-leonesa\/2025\/08\/31\/ivan-calero-refuerza-defensa-cultural-leonesa.html\" data-mrf-link=\"https:\/\/www.marca.com\/futbol\/cultural-leonesa\/2025\/08\/31\/ivan-calero-refuerza-defensa-cultural-leonesa.html\">Iv\u00e1n Calero<\/a><\/strong>\u00a0(Zaragoza),\u00a0<strong><a href=\"https:\/\/www.marca.com\/futbol\/cultural-leonesa\/2025\/09\/01\/paco-cortes-refuerza-cultural.html\" data-mrf-link=\"https:\/\/www.marca.com\/futbol\/cultural-leonesa\/2025\/09\/01\/paco-cortes-refuerza-cultural.html\">Paco Cort\u00e9s<\/a><\/strong>* (Levante),\u00a0<strong><a href=\"https:\/\/www.marca.com\/futbol\/cultural-leonesa\/2025\/09\/01\/paco-cortes-refuerza-cultural.html\" data-mrf-link=\"https:\/\/www.marca.com\/futbol\/cultural-leonesa\/2025\/09\/01\/paco-cortes-refuerza-cultural.html\">Rub\u00e9n Sobrino<\/a><\/strong>\u00a0(C\u00e1diz)<\/p>\n<p class=\"ue-c-article__paragraph paragraph\" data-mrf-recirculation=\"Links P\u00e1rrafos\"><strong>BAJAS<\/strong>:\u00a0Luis Chac\u00f3n**,\u00a0Diego Barri,\u00a0Lanchi,\u00a0<a href=\"https:\/\/www.marca.com\/futbol\/mercado-fichajes\/2025\/06\/16\/alberto-martinez-deja-cultu-firma-moreirense-universo-bournemouth-2028.html\" data-mrf-link=\"https:\/\/www.marca.com\/futbol\/mercado-fichajes\/2025\/06\/16\/alberto-martinez-deja-cultu-firma-moreirense-universo-bournemouth-2028.html\">\u00c1lvaro Mart\u00ednez<\/a>, Santi Samanes, Amigo, V\u00edctor Ruiz, Presa, Carlos Calder\u00f3n, Txus Alba, Artola,\u00a0<a href=\"https:\/\/www.marca.com\/futbol\/cultural-leonesa\/2025\/06\/24\/cara-cruz-eneko-satrustegui-escobar-cultural-maestre-duda.html\" data-mrf-link=\"https:\/\/www.marca.com\/futbol\/cultural-leonesa\/2025\/06\/24\/cara-cruz-eneko-satrustegui-escobar-cultural-maestre-duda.html\">Ant\u00f3n Escobar<\/a>,\u00a0<a href=\"https:\/\/www.marca.com\/futbol\/cultural-leonesa\/2025\/08\/04\/adri-castroviejo-jugara-cedido-marbella.html\" data-mrf-link=\"https:\/\/www.marca.com\/futbol\/cultural-leonesa\/2025\/08\/04\/adri-castroviejo-jugara-cedido-marbella.html\">Adri Castroviejo<\/a>*, Guzm\u00e1n Ortega*<\/p>\n<figure class=\"ue-c-article__media ue-c-article__media--image\">\n<div class=\"ue-c-article__media-img-container ue-l-article--expand-edge-right-until-tablet ue-l-article--expand-edge-left-until-tablet\"><picture><source srcset=\"https:\/\/e00-xlk-ue-marca.uecdn.es\/files\/article_360_widen_webp\/uploads\/2025\/06\/02\/683dca36a28da.webp 360w,https:\/\/e00-xlk-ue-marca.uecdn.es\/files\/article_375_widen_webp\/uploads\/2025\/06\/02\/683dca36a28da.webp 375w,https:\/\/e00-xlk-ue-marca.uecdn.es\/files\/article_414_widen_webp\/uploads\/2025\/06\/02\/683dca36a28da.webp 414w,https:\/\/e00-xlk-ue-marca.uecdn.es\/files\/article_660_widen_webp\/uploads\/2025\/06\/02\/683dca36a28da.webp 660w,https:\/\/e00-xlk-ue-marca.uecdn.es\/files\/article_720_widen_webp\/uploads\/2025\/06\/02\/683dca36a28da.webp 720w,https:\/\/e00-xlk-ue-marca.uecdn.es\/files\/article_750_widen_webp\/uploads\/2025\/06\/02\/683dca36a28da.webp 750w,https:\/\/e00-xlk-ue-marca.uecdn.es\/files\/article_828_widen_webp\/uploads\/2025\/06\/02\/683dca36a28da.webp 828w,https:\/\/e00-xlk-ue-marca.uecdn.es\/files\/article_1320_widen_webp\/uploads\/2025\/06\/02\/683dca36a28da.webp 1320w\" type=\"image\/webp\" sizes=\"(min-width: 1010px) 660px, (min-width: 980px) calc(100vw - 350px), (min-width: 740px) calc(100vw - 320px), 100vw\" \/><source srcset=\"https:\/\/e00-xlk-ue-marca.uecdn.es\/files\/article_360_widen\/uploads\/2025\/06\/02\/683dca36a28da.png 360w,https:\/\/e00-xlk-ue-marca.uecdn.es\/files\/article_375_widen\/uploads\/2025\/06\/02\/683dca36a28da.png 375w,https:\/\/e00-xlk-ue-marca.uecdn.es\/files\/article_414_widen\/uploads\/2025\/06\/02\/683dca36a28da.png 414w,https:\/\/e00-xlk-ue-marca.uecdn.es\/files\/article_660_widen\/uploads\/2025\/06\/02\/683dca36a28da.png 660w,https:\/\/e00-xlk-ue-marca.uecdn.es\/files\/article_720_widen\/uploads\/2025\/06\/02\/683dca36a28da.png 720w,https:\/\/e00-xlk-ue-marca.uecdn.es\/files\/article_750_widen\/uploads\/2025\/06\/02\/683dca36a28da.png 750w,https:\/\/e00-xlk-ue-marca.uecdn.es\/files\/article_828_widen\/uploads\/2025\/06\/02\/683dca36a28da.png 828w,https:\/\/e00-xlk-ue-marca.uecdn.es\/files\/article_1320_widen\/uploads\/2025\/06\/02\/683dca36a28da.png 1320w\" type=\"image\/png\" sizes=\"(min-width: 1010px) 660px, (min-width: 980px) calc(100vw - 350px), (min-width: 740px) calc(100vw - 320px), 100vw\" \/><img loading=\"lazy\" decoding=\"async\" class=\"ue-c-article__image lazyload\" src=\"https:\/\/e00-xlk-ue-marca.uecdn.es\/uploads\/2025\/06\/02\/683dca36a28da.png\" alt=\"Deportivo\" width=\"660\" height=\"81\" \/><\/picture><\/div><figcaption class=\"ue-c-article__media-caption\">\n<div class=\"ue-c-article__media-caption-inner\"><\/div>\n<\/figcaption><\/figure>\n<p class=\"ue-c-article__paragraph paragraph\" data-mrf-recirculation=\"Links P\u00e1rrafos\"><strong>ALTAS<\/strong>: Luis Chac\u00f3n** (Cultural), Eric Puerto** (Marbella), Davo** (Murcia), Rub\u00e9n L\u00f3pez** (Bar\u00e7a Atco.),\u00a0<strong><a href=\"https:\/\/www.marca.com\/futbol\/deportivo\/2025\/06\/10\/me-atrae-reto-llevar-depor-merece.html\" data-mrf-link=\"https:\/\/www.marca.com\/futbol\/deportivo\/2025\/06\/10\/me-atrae-reto-llevar-depor-merece.html\">Antonio Hidalgo<\/a><\/strong>\u00a0(entrenador \/ Huesca),\u00a0<a href=\"https:\/\/www.marca.com\/futbol\/deportivo\/2025\/07\/01\/lucas-noubi-firma-2029.html\" data-mrf-link=\"https:\/\/www.marca.com\/futbol\/deportivo\/2025\/07\/01\/lucas-noubi-firma-2029.html\"><strong>Lucas Noubi<\/strong><\/a>\u00a0(Standard Lieja),\u00a0<strong><a href=\"https:\/\/www.marca.com\/futbol\/deportivo\/2025\/07\/04\/arnau-comas-refuerza-defensa-deportivo-2028.html\" data-mrf-link=\"https:\/\/www.marca.com\/futbol\/deportivo\/2025\/07\/04\/arnau-comas-refuerza-defensa-deportivo-2028.html\">Arnau Comas<\/a><\/strong>\u00a0(Basilea),\u00a0Ochoa* (Lugo),\u00a0<strong><a href=\"https:\/\/www.marca.com\/futbol\/deportivo\/2025\/07\/11\/luismi-cruz-deportivo.html\" data-mrf-link=\"https:\/\/www.marca.com\/futbol\/deportivo\/2025\/07\/11\/luismi-cruz-deportivo.html\">Luismi Cruz<\/a><\/strong>\u00a0(Tenerife),\u00a0<strong><a href=\"https:\/\/www.marca.com\/futbol\/deportivo\/2025\/07\/30\/depor-firma-gragera.html\" data-mrf-link=\"https:\/\/www.marca.com\/futbol\/deportivo\/2025\/07\/30\/depor-firma-gragera.html\">Gragera<\/a><\/strong>* (Espanyol),\u00a0<strong><a href=\"https:\/\/www.marca.com\/futbol\/deportivo\/2025\/07\/30\/giacomo-quagliata-lateral-izquierdo-italiano-depor.html\" data-mrf-link=\"https:\/\/www.marca.com\/futbol\/deportivo\/2025\/07\/30\/giacomo-quagliata-lateral-izquierdo-italiano-depor.html\">Giacomo Quagliata<\/a><\/strong>\u00a0(Cremonense),\u00a0<strong><a href=\"https:\/\/www.marca.com\/futbol\/deportivo\/2025\/08\/01\/huesca-deportivo-acuerdan-traspaso-loureiro.html\" data-mrf-link=\"https:\/\/www.marca.com\/futbol\/deportivo\/2025\/08\/01\/huesca-deportivo-acuerdan-traspaso-loureiro.html\">Loureiro\u00a0<\/a><\/strong>(Huesca),\u00a0<strong><a href=\"https:\/\/www.marca.com\/futbol\/deportivo\/2025\/08\/12\/bachmann-elegido-sustituir-helton.html\" data-mrf-link=\"https:\/\/www.marca.com\/futbol\/deportivo\/2025\/08\/12\/bachmann-elegido-sustituir-helton.html\">Bachmann\u00a0<\/a><\/strong>(Watford),\u00a0<strong><a href=\"https:\/\/www.marca.com\/futbol\/deportivo\/2025\/08\/25\/mulattieri-refuerza-deportivo.html\" data-mrf-link=\"https:\/\/www.marca.com\/futbol\/deportivo\/2025\/08\/25\/mulattieri-refuerza-deportivo.html\">Mulattieri<\/a><\/strong>* (Sassuolo),\u00a0<strong><a href=\"https:\/\/www.marca.com\/futbol\/granada\/2025\/08\/29\/cambio-cromos-bouldini-granada-stoichkov-coruna.html\" data-mrf-link=\"https:\/\/www.marca.com\/futbol\/granada\/2025\/08\/29\/cambio-cromos-bouldini-granada-stoichkov-coruna.html\">Stoichkov<\/a><\/strong>* (Granada)<\/p>\n<p class=\"ue-c-article__paragraph paragraph\" data-mrf-recirculation=\"Links P\u00e1rrafos\"><strong>BAJAS<\/strong>:\u00a0<a href=\"https:\/\/www.marca.com\/futbol\/deportivo\/2025\/05\/28\/pablo-martinez-colgar-botas-aun-me-queda-futbol.html\" data-mrf-link=\"https:\/\/www.marca.com\/futbol\/deportivo\/2025\/05\/28\/pablo-martinez-colgar-botas-aun-me-queda-futbol.html\">Pablo Mart\u00ednez<\/a>,\u00a0Gauto**, Tosic** , Jaime S\u00e1nchez, Obrador**,\u00a0<a href=\"https:\/\/www.marca.com\/futbol\/deportivo\/2025\/06\/28\/hugo-rama-jugadores-queridos-deportivismo-sigue.html\" data-mrf-link=\"https:\/\/www.marca.com\/futbol\/deportivo\/2025\/06\/28\/hugo-rama-jugadores-queridos-deportivismo-sigue.html\">Hugo Rama<\/a>,\u00a0Pablo Mu\u00f1oz, Jairo Noriega*, Pablo V\u00e1zquez, Barbero,\u00a0Ra\u00fal Alcaina,\u00a0Sim\u00e3o, Alberto,\u00a0<a href=\"https:\/\/www.marca.com\/futbol\/deportivo\/2025\/07\/30\/giacomo-quagliata-lateral-izquierdo-italiano-depor.html\" data-mrf-link=\"https:\/\/www.marca.com\/futbol\/deportivo\/2025\/07\/30\/giacomo-quagliata-lateral-izquierdo-italiano-depor.html\">Kevin S\u00e1nchez<\/a>*,\u00a0<a href=\"https:\/\/www.marca.com\/futbol\/deportivo\/2025\/08\/02\/davo-rescinde-contrato-depor.html\" data-mrf-link=\"https:\/\/www.marca.com\/futbol\/deportivo\/2025\/08\/02\/davo-rescinde-contrato-depor.html\">Davo<\/a>,\u00a0<a href=\"https:\/\/www.marca.com\/futbol\/deportivo\/2025\/08\/05\/mfulu-deja-jugador-deportivo.html\" data-mrf-link=\"https:\/\/www.marca.com\/futbol\/deportivo\/2025\/08\/05\/mfulu-deja-jugador-deportivo.html\">Mfulu<\/a>,\u00a0<a href=\"https:\/\/www.marca.com\/futbol\/deportivo\/2025\/08\/06\/helton-leite-pone-rumbo-brasil.html\" data-mrf-link=\"https:\/\/www.marca.com\/futbol\/deportivo\/2025\/08\/06\/helton-leite-pone-rumbo-brasil.html\">Helton Leite<\/a>,\u00a0<a href=\"https:\/\/www.marca.com\/futbol\/deportivo\/2025\/08\/12\/luis-chacon-repetira-cesion-cultural.html\" data-mrf-link=\"https:\/\/www.marca.com\/futbol\/deportivo\/2025\/08\/12\/luis-chacon-repetira-cesion-cultural.html\">Luis Chac\u00f3n<\/a>*\u00a0<a href=\"https:\/\/www.marca.com\/futbol\/andorra\/2025\/08\/14\/petxa-vuelta-andorra.html\" data-mrf-link=\"https:\/\/www.marca.com\/futbol\/andorra\/2025\/08\/14\/petxa-vuelta-andorra.html\">Petxarroman<\/a>*, Denis Genreau,\u00a0<a href=\"https:\/\/www.marca.com\/futbol\/granada\/2025\/08\/29\/cambio-cromos-bouldini-granada-stoichkov-coruna.html\" data-mrf-link=\"https:\/\/www.marca.com\/futbol\/granada\/2025\/08\/29\/cambio-cromos-bouldini-granada-stoichkov-coruna.html\">Bouldini<\/a>*, Diego G\u00f3mez<\/p>\n<figure class=\"ue-c-article__media ue-c-article__media--image\">\n<div class=\"ue-c-article__media-img-container ue-l-article--expand-edge-right-until-tablet ue-l-article--expand-edge-left-until-tablet\"><picture><source srcset=\"https:\/\/e00-xlk-ue-marca.uecdn.es\/files\/article_360_widen_webp\/uploads\/2025\/06\/02\/683dca76e7e99.webp 360w,https:\/\/e00-xlk-ue-marca.uecdn.es\/files\/article_375_widen_webp\/uploads\/2025\/06\/02\/683dca76e7e99.webp 375w,https:\/\/e00-xlk-ue-marca.uecdn.es\/files\/article_414_widen_webp\/uploads\/2025\/06\/02\/683dca76e7e99.webp 414w,https:\/\/e00-xlk-ue-marca.uecdn.es\/files\/article_660_widen_webp\/uploads\/2025\/06\/02\/683dca76e7e99.webp 660w,https:\/\/e00-xlk-ue-marca.uecdn.es\/files\/article_720_widen_webp\/uploads\/2025\/06\/02\/683dca76e7e99.webp 720w,https:\/\/e00-xlk-ue-marca.uecdn.es\/files\/article_750_widen_webp\/uploads\/2025\/06\/02\/683dca76e7e99.webp 750w,https:\/\/e00-xlk-ue-marca.uecdn.es\/files\/article_828_widen_webp\/uploads\/2025\/06\/02\/683dca76e7e99.webp 828w,https:\/\/e00-xlk-ue-marca.uecdn.es\/files\/article_1320_widen_webp\/uploads\/2025\/06\/02\/683dca76e7e99.webp 1320w\" type=\"image\/webp\" sizes=\"(min-width: 1010px) 660px, (min-width: 980px) calc(100vw - 350px), (min-width: 740px) calc(100vw - 320px), 100vw\" \/><source srcset=\"https:\/\/e00-xlk-ue-marca.uecdn.es\/files\/article_360_widen\/uploads\/2025\/06\/02\/683dca76e7e99.png 360w,https:\/\/e00-xlk-ue-marca.uecdn.es\/files\/article_375_widen\/uploads\/2025\/06\/02\/683dca76e7e99.png 375w,https:\/\/e00-xlk-ue-marca.uecdn.es\/files\/article_414_widen\/uploads\/2025\/06\/02\/683dca76e7e99.png 414w,https:\/\/e00-xlk-ue-marca.uecdn.es\/files\/article_660_widen\/uploads\/2025\/06\/02\/683dca76e7e99.png 660w,https:\/\/e00-xlk-ue-marca.uecdn.es\/files\/article_720_widen\/uploads\/2025\/06\/02\/683dca76e7e99.png 720w,https:\/\/e00-xlk-ue-marca.uecdn.es\/files\/article_750_widen\/uploads\/2025\/06\/02\/683dca76e7e99.png 750w,https:\/\/e00-xlk-ue-marca.uecdn.es\/files\/article_828_widen\/uploads\/2025\/06\/02\/683dca76e7e99.png 828w,https:\/\/e00-xlk-ue-marca.uecdn.es\/files\/article_1320_widen\/uploads\/2025\/06\/02\/683dca76e7e99.png 1320w\" type=\"image\/png\" sizes=\"(min-width: 1010px) 660px, (min-width: 980px) calc(100vw - 350px), (min-width: 740px) calc(100vw - 320px), 100vw\" \/><img loading=\"lazy\" decoding=\"async\" class=\"ue-c-article__image lazyload\" src=\"https:\/\/e00-xlk-ue-marca.uecdn.es\/uploads\/2025\/06\/02\/683dca76e7e99.png\" alt=\"Eibar\" width=\"1320\" height=\"160\" \/><\/picture><\/div><figcaption class=\"ue-c-article__media-caption\">\n<div class=\"ue-c-article__media-caption-inner\"><\/div>\n<\/figcaption><\/figure>\n<p class=\"ue-c-article__paragraph paragraph\" data-mrf-recirculation=\"Links P\u00e1rrafos\"><strong>ALTAS<\/strong>:\u00a0<a href=\"https:\/\/www.marca.com\/futbol\/eibar\/2025\/06\/16\/lander-olaetxea-primer-fichaje-eibar.html\" data-mrf-link=\"https:\/\/www.marca.com\/futbol\/eibar\/2025\/06\/16\/lander-olaetxea-primer-fichaje-eibar.html\"><strong>Lander Olaetxea<\/strong><\/a>\u00a0(Sporting),\u00a0<strong><a href=\"https:\/\/www.marca.com\/futbol\/eibar\/2025\/06\/19\/aleix-garrido-nuevo-jugador-eibar.html\" data-mrf-link=\"https:\/\/www.marca.com\/futbol\/eibar\/2025\/06\/19\/aleix-garrido-nuevo-jugador-eibar.html\">Aleix Garrido<\/a><\/strong>\u00a0(Barcelona B),\u00a0<strong><a href=\"https:\/\/www.marca.com\/futbol\/eibar\/2025\/06\/26\/luis-lopez-apuntala-porteria-eibar.html\" data-mrf-link=\"https:\/\/www.marca.com\/futbol\/eibar\/2025\/06\/26\/luis-lopez-apuntala-porteria-eibar.html\">Luis L\u00f3pez<\/a><\/strong>\u00a0(Mirand\u00e9s),\u00a0<strong><a href=\"https:\/\/www.marca.com\/futbol\/eibar\/2025\/06\/27\/magunazelaia-fichaje-refuerza-sentimiento-pertenencia.html\" data-mrf-link=\"https:\/\/www.marca.com\/futbol\/eibar\/2025\/06\/27\/magunazelaia-fichaje-refuerza-sentimiento-pertenencia.html\">Magunazelaia\u00a0<\/a><\/strong>(Real Sociedad),\u00a0<strong><a href=\"https:\/\/www.marca.com\/futbol\/eibar\/2025\/07\/08\/marco-moreno-favorito-apuntalar-zaga-armera.html\" data-mrf-link=\"https:\/\/www.marca.com\/futbol\/eibar\/2025\/07\/08\/marco-moreno-favorito-apuntalar-zaga-armera.html\">Marco Moreno<\/a><\/strong>\u00a0(Farense),\u00a0<strong><a href=\"https:\/\/www.marca.com\/futbol\/eibar\/2025\/07\/16\/marton-jugara-eibar-2028.html\" data-mrf-link=\"https:\/\/www.marca.com\/futbol\/eibar\/2025\/07\/16\/marton-jugara-eibar-2028.html\">Javi Mart\u00f3n<\/a><\/strong>\u00a0(Athletic),\u00a0<strong><a href=\"https:\/\/www.marca.com\/futbol\/eibar\/2025\/07\/22\/eibar-cierra-fichaje-jair.html\" data-mrf-link=\"https:\/\/www.marca.com\/futbol\/eibar\/2025\/07\/22\/eibar-cierra-fichaje-jair.html\">Jair Amado<\/a><\/strong>r (Zaragoza),\u00a0<strong><a href=\"https:\/\/www.marca.com\/futbol\/eibar\/2025\/07\/24\/eibar-udinese-acuerdan-cesion-leonardo-buta.html\" data-mrf-link=\"https:\/\/www.marca.com\/futbol\/eibar\/2025\/07\/24\/eibar-udinese-acuerdan-cesion-leonardo-buta.html\">Leonardo Buta<\/a><\/strong>* (Udinese),\u00a0<strong><a href=\"https:\/\/www.marca.com\/futbol\/eibar\/2025\/08\/09\/alvaro-rodriguez-noveno-fichaje-eibar-apuntar-carril-diestro.html\" data-mrf-link=\"https:\/\/www.marca.com\/futbol\/eibar\/2025\/08\/09\/alvaro-rodriguez-noveno-fichaje-eibar-apuntar-carril-diestro.html\">\u00c1lvaro Rodr\u00edguez<\/a><\/strong>\u00a0(Albacete),\u00a0<strong><a href=\"https:\/\/www.marca.com\/futbol\/eibar\/2025\/08\/16\/adu-ares-rescinde-athletic-ficha-eibar.html\" data-mrf-link=\"https:\/\/www.marca.com\/futbol\/eibar\/2025\/08\/16\/adu-ares-rescinde-athletic-ficha-eibar.html\">Adu Ares<\/a><\/strong>\u00a0(Athletic)<\/p>\n<p class=\"ue-c-article__paragraph paragraph\" data-mrf-recirculation=\"Links P\u00e1rrafos\"><strong>BAJAS<\/strong>:\u00a0<a href=\"https:\/\/www.marca.com\/futbol\/eibar\/2025\/06\/02\/reaccion-final-premio.html\" data-mrf-link=\"https:\/\/www.marca.com\/futbol\/eibar\/2025\/06\/02\/reaccion-final-premio.html\">Merquelanz<\/a>,\u00a0<a href=\"https:\/\/www.marca.com\/futbol\/eibar\/2025\/06\/02\/reaccion-final-premio.html\" data-mrf-link=\"https:\/\/www.marca.com\/futbol\/eibar\/2025\/06\/02\/reaccion-final-premio.html\">Chema Rodr\u00edguez<\/a>,\u00a0<a href=\"https:\/\/www.marca.com\/futbol\/eibar\/2025\/06\/02\/reaccion-final-premio.html\" data-mrf-link=\"https:\/\/www.marca.com\/futbol\/eibar\/2025\/06\/02\/reaccion-final-premio.html\">Arnau Comas<\/a>**,<a href=\"https:\/\/www.marca.com\/futbol\/eibar\/2025\/06\/02\/reaccion-final-premio.html\" data-mrf-link=\"https:\/\/www.marca.com\/futbol\/eibar\/2025\/06\/02\/reaccion-final-premio.html\">\u00a0Iv\u00e1n Gil<\/a>**,\u00a0<a href=\"https:\/\/www.marca.com\/futbol\/eibar\/2025\/06\/02\/reaccion-final-premio.html\" data-mrf-link=\"https:\/\/www.marca.com\/futbol\/eibar\/2025\/06\/02\/reaccion-final-premio.html\">Jorge Pascual<\/a>**,\u00a0<a href=\"https:\/\/www.marca.com\/futbol\/eibar\/2025\/06\/02\/reaccion-final-premio.html\" data-mrf-link=\"https:\/\/www.marca.com\/futbol\/eibar\/2025\/06\/02\/reaccion-final-premio.html\">\u00c1lex Dom\u00ednguez<\/a>**,\u00a0<a href=\"https:\/\/www.marca.com\/futbol\/eibar\/2025\/05\/26\/inmenso-legado-matheus.html\" data-mrf-link=\"https:\/\/www.marca.com\/futbol\/eibar\/2025\/05\/26\/inmenso-legado-matheus.html\">Matheus Pereira<\/a>,\u00a0<a href=\"https:\/\/www.marca.com\/futbol\/albacete\/2025\/07\/01\/antonio-puertas-llega-acuerdo-albacete.html\" data-mrf-link=\"https:\/\/www.marca.com\/futbol\/albacete\/2025\/07\/01\/antonio-puertas-llega-acuerdo-albacete.html\">Antonio Puertas<\/a>,\u00a0<a href=\"https:\/\/www.marca.com\/futbol\/eibar\/2025\/07\/12\/jorge-yriarte-marcha-traspasado-slask-wroclaw.html\" data-mrf-link=\"https:\/\/www.marca.com\/futbol\/eibar\/2025\/07\/12\/jorge-yriarte-marcha-traspasado-slask-wroclaw.html\">Jorge Yriarte<\/a>, Troncho*,\u00a0<a href=\"https:\/\/www.marca.com\/futbol\/eibar\/2025\/07\/30\/cristian-gutierrez-traspasado-palmas.html\" data-mrf-link=\"https:\/\/www.marca.com\/futbol\/eibar\/2025\/07\/30\/cristian-gutierrez-traspasado-palmas.html\">Cristian Guti\u00e9rrez<\/a>,\u00a0<a href=\"https:\/\/www.marca.com\/futbol\/eibar\/2025\/08\/05\/carrillo-rescinde-eibar-futuro-apunta-huesca.html\" data-mrf-link=\"https:\/\/www.marca.com\/futbol\/eibar\/2025\/08\/05\/carrillo-rescinde-eibar-futuro-apunta-huesca.html\">Carrillo<\/a><\/p>\n<figure class=\"ue-c-article__media ue-c-article__media--image\">\n<div class=\"ue-c-article__media-img-container ue-l-article--expand-edge-right-until-tablet ue-l-article--expand-edge-left-until-tablet\"><picture><source srcset=\"https:\/\/e00-xlk-ue-marca.uecdn.es\/files\/article_360_widen_webp\/uploads\/2025\/06\/02\/683dcab918481.webp 360w,https:\/\/e00-xlk-ue-marca.uecdn.es\/files\/article_375_widen_webp\/uploads\/2025\/06\/02\/683dcab918481.webp 375w,https:\/\/e00-xlk-ue-marca.uecdn.es\/files\/article_414_widen_webp\/uploads\/2025\/06\/02\/683dcab918481.webp 414w,https:\/\/e00-xlk-ue-marca.uecdn.es\/files\/article_660_widen_webp\/uploads\/2025\/06\/02\/683dcab918481.webp 660w,https:\/\/e00-xlk-ue-marca.uecdn.es\/files\/article_720_widen_webp\/uploads\/2025\/06\/02\/683dcab918481.webp 720w,https:\/\/e00-xlk-ue-marca.uecdn.es\/files\/article_750_widen_webp\/uploads\/2025\/06\/02\/683dcab918481.webp 750w,https:\/\/e00-xlk-ue-marca.uecdn.es\/files\/article_828_widen_webp\/uploads\/2025\/06\/02\/683dcab918481.webp 828w,https:\/\/e00-xlk-ue-marca.uecdn.es\/files\/article_1320_widen_webp\/uploads\/2025\/06\/02\/683dcab918481.webp 1320w\" type=\"image\/webp\" sizes=\"(min-width: 1010px) 660px, (min-width: 980px) calc(100vw - 350px), (min-width: 740px) calc(100vw - 320px), 100vw\" \/><source srcset=\"https:\/\/e00-xlk-ue-marca.uecdn.es\/files\/article_360_widen\/uploads\/2025\/06\/02\/683dcab918481.png 360w,https:\/\/e00-xlk-ue-marca.uecdn.es\/files\/article_375_widen\/uploads\/2025\/06\/02\/683dcab918481.png 375w,https:\/\/e00-xlk-ue-marca.uecdn.es\/files\/article_414_widen\/uploads\/2025\/06\/02\/683dcab918481.png 414w,https:\/\/e00-xlk-ue-marca.uecdn.es\/files\/article_660_widen\/uploads\/2025\/06\/02\/683dcab918481.png 660w,https:\/\/e00-xlk-ue-marca.uecdn.es\/files\/article_720_widen\/uploads\/2025\/06\/02\/683dcab918481.png 720w,https:\/\/e00-xlk-ue-marca.uecdn.es\/files\/article_750_widen\/uploads\/2025\/06\/02\/683dcab918481.png 750w,https:\/\/e00-xlk-ue-marca.uecdn.es\/files\/article_828_widen\/uploads\/2025\/06\/02\/683dcab918481.png 828w,https:\/\/e00-xlk-ue-marca.uecdn.es\/files\/article_1320_widen\/uploads\/2025\/06\/02\/683dcab918481.png 1320w\" type=\"image\/png\" sizes=\"(min-width: 1010px) 660px, (min-width: 980px) calc(100vw - 350px), (min-width: 740px) calc(100vw - 320px), 100vw\" \/><img loading=\"lazy\" decoding=\"async\" class=\"ue-c-article__image lazyload\" src=\"https:\/\/e00-xlk-ue-marca.uecdn.es\/uploads\/2025\/06\/02\/683dcab918481.png\" alt=\"Granada\" width=\"660\" height=\"81\" \/><\/picture><\/div><figcaption class=\"ue-c-article__media-caption\">\n<div class=\"ue-c-article__media-caption-inner\"><\/div>\n<\/figcaption><\/figure>\n<p class=\"ue-c-article__paragraph paragraph\" data-mrf-recirculation=\"Links P\u00e1rrafos\"><strong>ALTAS<\/strong>: Pablo S\u00e1enz** (Albacete), Theo Corbeanu** (Toronto),\u00a0<strong><a href=\"https:\/\/www.marca.com\/futbol\/granada\/2025\/06\/22\/granada-cierra-fichaje-pedro-aleman.html\" data-mrf-link=\"https:\/\/www.marca.com\/futbol\/granada\/2025\/06\/22\/granada-cierra-fichaje-pedro-aleman.html\">Pedro Alema\u00f1<\/a>\u00a0\u00a0<\/strong>(Valencia Mestalla),\u00a0<a href=\"https:\/\/www.marca.com\/futbol\/granada\/2025\/06\/29\/granada-ficha-pares-casadesus-astralaga-son-rojiblancos.html\" data-mrf-link=\"https:\/\/www.marca.com\/futbol\/granada\/2025\/06\/29\/granada-ficha-pares-casadesus-astralaga-son-rojiblancos.html\"><strong>Pau Casades\u00fas<\/strong><\/a>\u00a0(Andorra),\u00a0<a href=\"https:\/\/www.marca.com\/futbol\/granada\/2025\/06\/29\/granada-ficha-pares-casadesus-astralaga-son-rojiblancos.html\" data-mrf-link=\"https:\/\/www.marca.com\/futbol\/granada\/2025\/06\/29\/granada-ficha-pares-casadesus-astralaga-son-rojiblancos.html\"><strong>Ander Astralaga<\/strong><\/a>* (Bar\u00e7a),\u00a0<strong><a href=\"https:\/\/www.marca.com\/futbol\/granada\/2025\/07\/02\/diallo-cuarto-fichaje-granada.html\" data-mrf-link=\"https:\/\/www.marca.com\/futbol\/granada\/2025\/07\/02\/diallo-cuarto-fichaje-granada.html\">Ba\u00efla Diallo<\/a><\/strong>\u00a0(Clermont),\u00a0<strong><a href=\"https:\/\/www.marca.com\/futbol\/granada\/2025\/07\/08\/faye-polvora-ofensiva-pacheta.html\" data-mrf-link=\"https:\/\/www.marca.com\/futbol\/granada\/2025\/07\/08\/faye-polvora-ofensiva-pacheta.html\">Souleymane Faye<\/a><\/strong>\u00a0(Betis),\u00a0<strong><a href=\"https:\/\/www.marca.com\/futbol\/granada\/2025\/07\/17\/granada-impone-palmas-servicios-jose-arnaiz.html\" data-mrf-link=\"https:\/\/www.marca.com\/futbol\/granada\/2025\/07\/17\/granada-impone-palmas-servicios-jose-arnaiz.html\">Jos\u00e9 Arnaiz<\/a><\/strong>\u00a0(Osasuna),\u00a0<strong><a href=\"https:\/\/www.marca.com\/futbol\/granada\/2025\/07\/30\/leon-area-granada-jorge-pascual-rojiblanco.html\" data-mrf-link=\"https:\/\/www.marca.com\/futbol\/granada\/2025\/07\/30\/leon-area-granada-jorge-pascual-rojiblanco.html\">Jorge Pascual\u00a0<\/a><\/strong>(Villarreal),\u00a0<a href=\"https:\/\/www.marca.com\/futbol\/granada\/2025\/08\/13\/diego-hormigo-octavo-pasajero-granada.html\" data-mrf-link=\"https:\/\/www.marca.com\/futbol\/granada\/2025\/08\/13\/diego-hormigo-octavo-pasajero-granada.html\"><strong>Diego Hormigo<\/strong>\u00a0<\/a>(Sevilla),\u00a0<strong><a href=\"https:\/\/www.marca.com\/futbol\/granada\/2025\/08\/29\/cambio-cromos-bouldini-granada-stoichkov-coruna.html\" data-mrf-link=\"https:\/\/www.marca.com\/futbol\/granada\/2025\/08\/29\/cambio-cromos-bouldini-granada-stoichkov-coruna.html\">Bouldini<\/a><\/strong>* (Deportivo),\u00a0<strong><a href=\"https:\/\/www.marca.com\/futbol\/granada\/2025\/09\/01\/granada-cierra-cesion-alex-sola.html\" data-mrf-link=\"https:\/\/www.marca.com\/futbol\/granada\/2025\/09\/01\/granada-cierra-cesion-alex-sola.html\">\u00c1lex Sola<\/a><\/strong>\u00a0(Getafe),\u00a0<strong><a href=\"https:\/\/www.marca.com\/futbol\/granada\/2025\/09\/02\/granada-apura-final-cerrar-cesion-gagnidze.html\" data-mrf-link=\"https:\/\/www.marca.com\/futbol\/granada\/2025\/09\/02\/granada-apura-final-cerrar-cesion-gagnidze.html\">Luka Gagnizde<\/a><\/strong>\u00a0(Dinamo de Mosc\u00fa)<\/p>\n<p class=\"ue-c-article__paragraph paragraph\" data-mrf-recirculation=\"Links P\u00e1rrafos\"><strong>BAJAS<\/strong>:\u00a0<a href=\"https:\/\/www.marca.com\/futbol\/granada\/2025\/06\/06\/cedidos-granada-vuelta-nidos.html\" data-mrf-link=\"https:\/\/www.marca.com\/futbol\/granada\/2025\/06\/06\/cedidos-granada-vuelta-nidos.html\">Ricard S\u00e1nchez<\/a>,\u00a0<a href=\"https:\/\/www.marca.com\/futbol\/granada\/2025\/06\/06\/cedidos-granada-vuelta-nidos.html\" data-mrf-link=\"https:\/\/www.marca.com\/futbol\/granada\/2025\/06\/06\/cedidos-granada-vuelta-nidos.html\">Tsitaishvili<\/a>,\u00a0<a href=\"https:\/\/www.marca.com\/futbol\/granada\/2025\/06\/06\/cedidos-granada-vuelta-nidos.html\" data-mrf-link=\"https:\/\/www.marca.com\/futbol\/granada\/2025\/06\/06\/cedidos-granada-vuelta-nidos.html\">Abde Rebbach<\/a>**,\u00a0<a href=\"https:\/\/www.marca.com\/futbol\/granada\/2025\/06\/06\/cedidos-granada-vuelta-nidos.html\" data-mrf-link=\"https:\/\/www.marca.com\/futbol\/granada\/2025\/06\/06\/cedidos-granada-vuelta-nidos.html\">Reinier<\/a>**,\u00a0<a href=\"https:\/\/www.marca.com\/futbol\/granada\/2025\/06\/06\/cedidos-granada-vuelta-nidos.html\" data-mrf-link=\"https:\/\/www.marca.com\/futbol\/granada\/2025\/06\/06\/cedidos-granada-vuelta-nidos.html\">Rub\u00e9n S\u00e1nchez<\/a>**,\u00a0<a href=\"https:\/\/www.marca.com\/futbol\/granada\/2025\/06\/06\/cedidos-granada-vuelta-nidos.html\" data-mrf-link=\"https:\/\/www.marca.com\/futbol\/granada\/2025\/06\/06\/cedidos-granada-vuelta-nidos.html\">Siren Diao<\/a>**,\u00a0<a href=\"https:\/\/www.marca.com\/futbol\/granada\/2025\/06\/06\/sueno-old-trafford-apaga-neva-marcha-granada.html\" data-mrf-link=\"https:\/\/www.marca.com\/futbol\/granada\/2025\/06\/06\/sueno-old-trafford-apaga-neva-marcha-granada.html\">Neva,\u00a0Marc Mart\u00ednez, Diego Mari\u00f1o, Brau, Jozwiak, Borja Bast\u00f3n<\/a>,\u00a0<a href=\"https:\/\/www.marca.com\/futbol\/espanyol\/2025\/06\/11\/miguel-rubio-tercer-fichaje-espanyol.html\" data-mrf-link=\"https:\/\/www.marca.com\/futbol\/espanyol\/2025\/06\/11\/miguel-rubio-tercer-fichaje-espanyol.html\">Miguel Rubio<\/a>,\u00a0<a href=\"https:\/\/www.marca.com\/futbol\/granada\/2025\/06\/17\/oficial-gonzalo-villar-deja-granada-ficha-dinamo-zagreb.html\" data-mrf-link=\"https:\/\/www.marca.com\/futbol\/granada\/2025\/06\/17\/oficial-gonzalo-villar-deja-granada-ficha-dinamo-zagreb.html\">Gonzalo Villar<\/a>,\u00a0Gerard Gumbau,\u00a0<a href=\"https:\/\/www.marca.com\/futbol\/alaves\/2025\/08\/22\/boye-garra-goles-alaves-coudet.html\" data-mrf-link=\"https:\/\/www.marca.com\/futbol\/alaves\/2025\/08\/22\/boye-garra-goles-alaves-coudet.html\">Lucas Boy\u00e9<\/a>,\u00a0<a href=\"https:\/\/www.marca.com\/futbol\/granada\/2025\/08\/22\/insua-cierra-etapa-granada-pone-rumbo-zaragoza.html\" data-mrf-link=\"https:\/\/www.marca.com\/futbol\/granada\/2025\/08\/22\/insua-cierra-etapa-granada-pone-rumbo-zaragoza.html\">Pablo Insua<\/a>,\u00a0<a href=\"https:\/\/www.marca.com\/futbol\/granada\/2025\/08\/29\/cambio-cromos-bouldini-granada-stoichkov-coruna.html\" data-mrf-link=\"https:\/\/www.marca.com\/futbol\/granada\/2025\/08\/29\/cambio-cromos-bouldini-granada-stoichkov-coruna.html\">Stoichkov<\/a>*,\u00a0<a href=\"https:\/\/www.marca.com\/futbol\/granada\/2025\/09\/01\/weissman-marcha-rumbo-maccabi-tel-aviv.html\" data-mrf-link=\"https:\/\/www.marca.com\/futbol\/granada\/2025\/09\/01\/weissman-marcha-rumbo-maccabi-tel-aviv.html\">Weissman<\/a>,\u00a0<a href=\"https:\/\/www.marca.com\/futbol\/albacete\/2025\/09\/02\/albacete-apuntala-defensa-neva.html\" data-mrf-link=\"https:\/\/www.marca.com\/futbol\/albacete\/2025\/09\/02\/albacete-apuntala-defensa-neva.html\">Neva<\/a><\/p>\n<figure class=\"ue-c-article__media ue-c-article__media--image\">\n<div class=\"ue-c-article__media-img-container ue-l-article--expand-edge-right-until-tablet ue-l-article--expand-edge-left-until-tablet\"><picture><source srcset=\"https:\/\/e00-xlk-ue-marca.uecdn.es\/files\/article_360_widen_webp\/uploads\/2025\/06\/02\/683dcaf99ab89.webp 360w,https:\/\/e00-xlk-ue-marca.uecdn.es\/files\/article_375_widen_webp\/uploads\/2025\/06\/02\/683dcaf99ab89.webp 375w,https:\/\/e00-xlk-ue-marca.uecdn.es\/files\/article_414_widen_webp\/uploads\/2025\/06\/02\/683dcaf99ab89.webp 414w,https:\/\/e00-xlk-ue-marca.uecdn.es\/files\/article_660_widen_webp\/uploads\/2025\/06\/02\/683dcaf99ab89.webp 660w,https:\/\/e00-xlk-ue-marca.uecdn.es\/files\/article_720_widen_webp\/uploads\/2025\/06\/02\/683dcaf99ab89.webp 720w,https:\/\/e00-xlk-ue-marca.uecdn.es\/files\/article_750_widen_webp\/uploads\/2025\/06\/02\/683dcaf99ab89.webp 750w,https:\/\/e00-xlk-ue-marca.uecdn.es\/files\/article_828_widen_webp\/uploads\/2025\/06\/02\/683dcaf99ab89.webp 828w,https:\/\/e00-xlk-ue-marca.uecdn.es\/files\/article_1320_widen_webp\/uploads\/2025\/06\/02\/683dcaf99ab89.webp 1320w\" type=\"image\/webp\" sizes=\"(min-width: 1010px) 660px, (min-width: 980px) calc(100vw - 350px), (min-width: 740px) calc(100vw - 320px), 100vw\" \/><source srcset=\"https:\/\/e00-xlk-ue-marca.uecdn.es\/files\/article_360_widen\/uploads\/2025\/06\/02\/683dcaf99ab89.png 360w,https:\/\/e00-xlk-ue-marca.uecdn.es\/files\/article_375_widen\/uploads\/2025\/06\/02\/683dcaf99ab89.png 375w,https:\/\/e00-xlk-ue-marca.uecdn.es\/files\/article_414_widen\/uploads\/2025\/06\/02\/683dcaf99ab89.png 414w,https:\/\/e00-xlk-ue-marca.uecdn.es\/files\/article_660_widen\/uploads\/2025\/06\/02\/683dcaf99ab89.png 660w,https:\/\/e00-xlk-ue-marca.uecdn.es\/files\/article_720_widen\/uploads\/2025\/06\/02\/683dcaf99ab89.png 720w,https:\/\/e00-xlk-ue-marca.uecdn.es\/files\/article_750_widen\/uploads\/2025\/06\/02\/683dcaf99ab89.png 750w,https:\/\/e00-xlk-ue-marca.uecdn.es\/files\/article_828_widen\/uploads\/2025\/06\/02\/683dcaf99ab89.png 828w,https:\/\/e00-xlk-ue-marca.uecdn.es\/files\/article_1320_widen\/uploads\/2025\/06\/02\/683dcaf99ab89.png 1320w\" type=\"image\/png\" sizes=\"(min-width: 1010px) 660px, (min-width: 980px) calc(100vw - 350px), (min-width: 740px) calc(100vw - 320px), 100vw\" \/><img loading=\"lazy\" decoding=\"async\" class=\"ue-c-article__image lazyload\" src=\"https:\/\/e00-xlk-ue-marca.uecdn.es\/uploads\/2025\/06\/02\/683dcaf99ab89.png\" alt=\"Huesca\" width=\"1320\" height=\"160\" \/><\/picture><\/div><figcaption class=\"ue-c-article__media-caption\">\n<div class=\"ue-c-article__media-caption-inner\"><\/div>\n<\/figcaption><\/figure>\n<p class=\"ue-c-article__paragraph paragraph\" data-mrf-recirculation=\"Links P\u00e1rrafos\"><strong>ALTAS<\/strong>:\u00a0<a href=\"https:\/\/www.marca.com\/futbol\/huesca\/2025\/06\/04\/huesca-recupera-lateral-angel-perez-sube-primer-equipo.html\" data-mrf-link=\"https:\/\/www.marca.com\/futbol\/huesca\/2025\/06\/04\/huesca-recupera-lateral-angel-perez-sube-primer-equipo.html\"><strong>\u00c1ngel P\u00e9rez<\/strong><\/a>** (Rayo Cantabria),\u00a0Manu Rico** (Tarazona),\u00a0Diego Aznar** (Sestao River),\u00a0<strong><a href=\"https:\/\/www.marca.com\/futbol\/huesca\/2025\/06\/10\/huesca-sustituto-antonio-hidalgo-sera-sergi-guillo.html\" data-mrf-link=\"https:\/\/www.marca.com\/futbol\/huesca\/2025\/06\/10\/huesca-sustituto-antonio-hidalgo-sera-sergi-guillo.html\">Sergi Guill\u00f3<\/a><\/strong>\u00a0(entrenador \/ M\u00e9rida),\u00a0<strong><a href=\"https:\/\/www.marca.com\/futbol\/huesca\/2025\/06\/27\/huesca-anuncia-primer-fichaje-julio-alonso-refuerza-lateral-izquierdo.html\" data-mrf-link=\"https:\/\/www.marca.com\/futbol\/huesca\/2025\/06\/27\/huesca-anuncia-primer-fichaje-julio-alonso-refuerza-lateral-izquierdo.html\">Julio Alonso<\/a><\/strong>\u00a0(Mirand\u00e9s),\u00a0<strong><a href=\"https:\/\/www.marca.com\/futbol\/huesca\/2025\/07\/01\/ro-abajas-segundo-refuerzo-oscense.html\" data-mrf-link=\"https:\/\/www.marca.com\/futbol\/huesca\/2025\/07\/01\/ro-abajas-segundo-refuerzo-oscense.html\">Ro Abajas<\/a><\/strong>\u00a0(Valencia Mestalla),\u00a0<strong><a href=\"https:\/\/www.marca.com\/futbol\/huesca\/2025\/07\/02\/huesca-anuncia-llegada-zaragozano-jesus-alvarez.html\" data-mrf-link=\"https:\/\/www.marca.com\/futbol\/huesca\/2025\/07\/02\/huesca-anuncia-llegada-zaragozano-jesus-alvarez.html\">Jes\u00fas \u00c1lvarez<\/a><\/strong>\u00a0(Ibiza),\u00a0<strong><a href=\"https:\/\/www.marca.com\/futbol\/huesca\/2025\/07\/03\/guillo-pesca-merida-huesca-ficha-goleador-liberto.html\" data-mrf-link=\"https:\/\/www.marca.com\/futbol\/huesca\/2025\/07\/03\/guillo-pesca-merida-huesca-ficha-goleador-liberto.html\">Liberto Beltr\u00e1n<\/a><\/strong>\u00a0(M\u00e9rida),\u00a0<strong><a href=\"https:\/\/www.marca.com\/futbol\/huesca\/2025\/07\/07\/dani-ojeda-extremo-huesca.html\" data-mrf-link=\"https:\/\/www.marca.com\/futbol\/huesca\/2025\/07\/07\/dani-ojeda-extremo-huesca.html\">Dani Ojeda<\/a><\/strong>\u00a0(Burgos),\u00a0<strong><a href=\"https:\/\/www.marca.com\/futbol\/huesca\/2025\/07\/07\/huesca-sigue-fichando-ataque-enol-rodriguez-sexto-fichaje.html\" data-mrf-link=\"https:\/\/www.marca.com\/futbol\/huesca\/2025\/07\/07\/huesca-sigue-fichando-ataque-enol-rodriguez-sexto-fichaje.html\">Enol<\/a><\/strong>\u00a0(Arenteiro),\u00a0<strong><a href=\"https:\/\/www.marca.com\/futbol\/huesca\/2025\/07\/07\/sergio-arribas-calidad-juventud-zaga-huesca.html\" data-mrf-link=\"https:\/\/www.marca.com\/futbol\/huesca\/2025\/07\/07\/sergio-arribas-calidad-juventud-zaga-huesca.html\">Sergio Arribas<\/a><\/strong>* (Betis),\u00a0<strong><a href=\"https:\/\/www.marca.com\/futbol\/huesca\/2025\/07\/07\/direccion-deportiva-huesca-mete-cuarta-ficha-inigo-pina.html\" data-mrf-link=\"https:\/\/www.marca.com\/futbol\/huesca\/2025\/07\/07\/direccion-deportiva-huesca-mete-cuarta-ficha-inigo-pina.html\">\u00cd\u00f1igo Pi\u00f1a<\/a><\/strong>\u00a0(Eldense),\u00a0<strong><a href=\"https:\/\/www.marca.com\/futbol\/huesca\/2025\/07\/16\/meta-internacional-llega-huesca-cedido-levante-dani-martin.html\" data-mrf-link=\"https:\/\/www.marca.com\/futbol\/huesca\/2025\/07\/16\/meta-internacional-llega-huesca-cedido-levante-dani-martin.html\">Dani Mart\u00edn<\/a><\/strong>* (Levante),\u00a0<strong><a href=\"https:\/\/www.marca.com\/futbol\/huesca\/2025\/08\/05\/huesca-oficializa-decimo-fichaje-llegada-hugo-perez.html\" data-mrf-link=\"https:\/\/www.marca.com\/futbol\/huesca\/2025\/08\/05\/huesca-oficializa-decimo-fichaje-llegada-hugo-perez.html\">Hugo P\u00e9rez<\/a><\/strong>* (Espanyol),\u00a0<strong><a href=\"https:\/\/www.marca.com\/futbol\/huesca\/2025\/08\/06\/huesca-ficha-gol-compra-samuel-ntamack.html\" data-mrf-link=\"https:\/\/www.marca.com\/futbol\/huesca\/2025\/08\/06\/huesca-ficha-gol-compra-samuel-ntamack.html\">Ntamack<\/a><\/strong>\u00a0(Annecy),\u00a0<strong><a href=\"https:\/\/www.marca.com\/futbol\/huesca\/2025\/08\/06\/huesca-apuntala-defensa-alvaro-carrillo-llego-debutar-real-madrid.html\" data-mrf-link=\"https:\/\/www.marca.com\/futbol\/huesca\/2025\/08\/06\/huesca-apuntala-defensa-alvaro-carrillo-llego-debutar-real-madrid.html\">Carrillo<\/a><\/strong>\u00a0(Eibar),\u00a0<strong><a href=\"https:\/\/www.marca.com\/futbol\/huesca\/2025\/08\/27\/huesca-mejora-ataque-dani-luna-mallorca.html\" data-mrf-link=\"https:\/\/www.marca.com\/futbol\/huesca\/2025\/08\/27\/huesca-mejora-ataque-dani-luna-mallorca.html\">Dani Luna<\/a><\/strong>* (Mallorca),\u00a0<strong><a href=\"https:\/\/www.marca.com\/futbol\/huesca\/2025\/08\/29\/alaves-cede-gustavo-albarracin-huesca.html\" data-mrf-link=\"https:\/\/www.marca.com\/futbol\/huesca\/2025\/08\/29\/alaves-cede-gustavo-albarracin-huesca.html\">Albarrac\u00edn<\/a><\/strong>* (Alav\u00e9s),\u00a0<strong><a href=\"https:\/\/www.marca.com\/futbol\/huesca\/2025\/08\/29\/portillo-rey-ascensos-nuevo-club-firma-huesca.html\" data-mrf-link=\"https:\/\/www.marca.com\/futbol\/huesca\/2025\/08\/29\/portillo-rey-ascensos-nuevo-club-firma-huesca.html\">Portillo\u00a0<\/a><\/strong>(Oviedo)<\/p>\n<p class=\"ue-c-article__paragraph paragraph\" data-mrf-recirculation=\"Links P\u00e1rrafos\"><strong>BAJAS:<\/strong>\u00a0<a href=\"https:\/\/www.marca.com\/futbol\/leganes\/2025\/06\/02\/ruben-pulido-primer-fichaje-nuevo-proyecto-leganes.html\" data-mrf-link=\"https:\/\/www.marca.com\/futbol\/leganes\/2025\/06\/02\/ruben-pulido-primer-fichaje-nuevo-proyecto-leganes.html\">Rub\u00e9n Pulido<\/a>,\u00a0<a href=\"https:\/\/www.marca.com\/futbol\/huesca\/2025\/06\/05\/martin-gonzalez-balance-busca-tecnico-cuenta-sergi-enrich.html\" data-mrf-link=\"https:\/\/www.marca.com\/futbol\/huesca\/2025\/06\/05\/martin-gonzalez-balance-busca-tecnico-cuenta-sergi-enrich.html\">Vilarrasa<\/a>,\u00a0Javi Hern\u00e1ndez**,\u00a0<a href=\"https:\/\/www.marca.com\/futbol\/huesca\/2025\/06\/30\/javi-perez-renovara-huesca.html\" data-mrf-link=\"https:\/\/www.marca.com\/futbol\/huesca\/2025\/06\/30\/javi-perez-renovara-huesca.html\">Hugo Vallejo<\/a>,\u00a0<a href=\"https:\/\/www.marca.com\/futbol\/malaga\/2025\/07\/01\/joaquin-munoz-primera-fichaje-malaga-25-26.html\" data-mrf-link=\"https:\/\/www.marca.com\/futbol\/malaga\/2025\/07\/01\/joaquin-munoz-primera-fichaje-malaga-25-26.html\">Joaqu\u00edn Mu\u00f1oz<\/a>,\u00a0Patrick Soko,\u00a0<a href=\"https:\/\/www.marca.com\/futbol\/huesca\/2025\/06\/30\/javi-perez-renovara-huesca.html\" data-mrf-link=\"https:\/\/www.marca.com\/futbol\/huesca\/2025\/06\/30\/javi-perez-renovara-huesca.html\">Jeremy Blasco<\/a>,\u00a0<a href=\"https:\/\/www.marca.com\/futbol\/huesca\/2025\/06\/30\/javi-perez-renovara-huesca.html\" data-mrf-link=\"https:\/\/www.marca.com\/futbol\/huesca\/2025\/06\/30\/javi-perez-renovara-huesca.html\">Moi Delgado<\/a>,\u00a0<a href=\"https:\/\/www.marca.com\/futbol\/huesca\/2025\/06\/30\/javi-perez-renovara-huesca.html\" data-mrf-link=\"https:\/\/www.marca.com\/futbol\/huesca\/2025\/06\/30\/javi-perez-renovara-huesca.html\">Javi P\u00e9rez<\/a>, \u00c1lex Fita*,\u00a0<a href=\"https:\/\/www.marca.com\/futbol\/deportivo\/2025\/08\/01\/huesca-deportivo-acuerdan-traspaso-loureiro.html\" data-mrf-link=\"https:\/\/www.marca.com\/futbol\/deportivo\/2025\/08\/01\/huesca-deportivo-acuerdan-traspaso-loureiro.html\">Loureiro<\/a>,\u00a0<a href=\"https:\/\/www.marca.com\/futbol\/ceuta\/2025\/08\/08\/diego-gonzalez-refuerzo-ceuta.html\" data-mrf-link=\"https:\/\/www.marca.com\/futbol\/ceuta\/2025\/08\/08\/diego-gonzalez-refuerzo-ceuta.html\">Diego Gonz\u00e1lez<\/a>,\u00a0<a href=\"https:\/\/www.marca.com\/futbol\/huesca\/2025\/08\/08\/gerard-valentin-cambia-huesca-wakrah.html\" data-mrf-link=\"https:\/\/www.marca.com\/futbol\/huesca\/2025\/08\/08\/gerard-valentin-cambia-huesca-wakrah.html\">Gerard Valent\u00edn<\/a>,\u00a0<a href=\"https:\/\/www.marca.com\/futbol\/huesca\/2025\/08\/12\/huesca-corta-unzueta-ficha-lugo.html\" data-mrf-link=\"https:\/\/www.marca.com\/futbol\/huesca\/2025\/08\/12\/huesca-corta-unzueta-ficha-lugo.html\">Iker Unzueta<\/a><\/p>\n<figure class=\"ue-c-article__media ue-c-article__media--image\">\n<div class=\"ue-c-article__media-img-container ue-l-article--expand-edge-right-until-tablet ue-l-article--expand-edge-left-until-tablet\"><picture><source srcset=\"https:\/\/e00-xlk-ue-marca.uecdn.es\/files\/article_360_widen_webp\/uploads\/2025\/06\/02\/683de27ec02a7.webp 360w,https:\/\/e00-xlk-ue-marca.uecdn.es\/files\/article_375_widen_webp\/uploads\/2025\/06\/02\/683de27ec02a7.webp 375w,https:\/\/e00-xlk-ue-marca.uecdn.es\/files\/article_414_widen_webp\/uploads\/2025\/06\/02\/683de27ec02a7.webp 414w,https:\/\/e00-xlk-ue-marca.uecdn.es\/files\/article_660_widen_webp\/uploads\/2025\/06\/02\/683de27ec02a7.webp 660w,https:\/\/e00-xlk-ue-marca.uecdn.es\/files\/article_720_widen_webp\/uploads\/2025\/06\/02\/683de27ec02a7.webp 720w,https:\/\/e00-xlk-ue-marca.uecdn.es\/files\/article_750_widen_webp\/uploads\/2025\/06\/02\/683de27ec02a7.webp 750w,https:\/\/e00-xlk-ue-marca.uecdn.es\/files\/article_828_widen_webp\/uploads\/2025\/06\/02\/683de27ec02a7.webp 828w,https:\/\/e00-xlk-ue-marca.uecdn.es\/files\/article_1320_widen_webp\/uploads\/2025\/06\/02\/683de27ec02a7.webp 1320w\" type=\"image\/webp\" sizes=\"(min-width: 1010px) 660px, (min-width: 980px) calc(100vw - 350px), (min-width: 740px) calc(100vw - 320px), 100vw\" \/><source srcset=\"https:\/\/e00-xlk-ue-marca.uecdn.es\/files\/article_360_widen\/uploads\/2025\/06\/02\/683de27ec02a7.jpeg 360w,https:\/\/e00-xlk-ue-marca.uecdn.es\/files\/article_375_widen\/uploads\/2025\/06\/02\/683de27ec02a7.jpeg 375w,https:\/\/e00-xlk-ue-marca.uecdn.es\/files\/article_414_widen\/uploads\/2025\/06\/02\/683de27ec02a7.jpeg 414w,https:\/\/e00-xlk-ue-marca.uecdn.es\/files\/article_660_widen\/uploads\/2025\/06\/02\/683de27ec02a7.jpeg 660w,https:\/\/e00-xlk-ue-marca.uecdn.es\/files\/article_720_widen\/uploads\/2025\/06\/02\/683de27ec02a7.jpeg 720w,https:\/\/e00-xlk-ue-marca.uecdn.es\/files\/article_750_widen\/uploads\/2025\/06\/02\/683de27ec02a7.jpeg 750w,https:\/\/e00-xlk-ue-marca.uecdn.es\/files\/article_828_widen\/uploads\/2025\/06\/02\/683de27ec02a7.jpeg 828w,https:\/\/e00-xlk-ue-marca.uecdn.es\/files\/article_1320_widen\/uploads\/2025\/06\/02\/683de27ec02a7.jpeg 1320w\" type=\"image\/jpeg\" sizes=\"(min-width: 1010px) 660px, (min-width: 980px) calc(100vw - 350px), (min-width: 740px) calc(100vw - 320px), 100vw\" \/><img loading=\"lazy\" decoding=\"async\" class=\"ue-c-article__image lazyload\" src=\"https:\/\/e00-xlk-ue-marca.uecdn.es\/uploads\/2025\/06\/02\/683de27ec02a7.jpeg\" alt=\"Las Palmas\" width=\"1320\" height=\"161\" \/><\/picture><\/div><figcaption class=\"ue-c-article__media-caption\">\n<div class=\"ue-c-article__media-caption-inner\"><\/div>\n<\/figcaption><\/figure>\n<p class=\"ue-c-article__paragraph paragraph\" data-mrf-recirculation=\"Links P\u00e1rrafos\"><strong>ALTAS<\/strong>:\u00a0<a href=\"https:\/\/www.marca.com\/futbol\/eibar\/2025\/06\/02\/reaccion-final-premio.html\" data-mrf-link=\"https:\/\/www.marca.com\/futbol\/eibar\/2025\/06\/02\/reaccion-final-premio.html\">Iv\u00e1n Gil<\/a>** (Eibar),\u00a0<a href=\"https:\/\/www.marca.com\/futbol\/las-palmas\/2025\/06\/07\/palmas-oficial-incorporacion-luis-garcia.html\" data-mrf-link=\"https:\/\/www.marca.com\/futbol\/las-palmas\/2025\/06\/07\/palmas-oficial-incorporacion-luis-garcia.html\"><strong>Luis Garc\u00eda<\/strong><\/a>\u00a0(entrenador),\u00a0Sory Kaba y Peji\u00f1o** (Elche),\u00a0Enrique Clemente** (Zaragoza),\u00a0Iv\u00e1n C\u00e9dric** (Bar\u00e7a Atl\u00e9tic),\u00a0<strong><a href=\"https:\/\/www.marca.com\/futbol\/las-palmas\/2025\/06\/16\/palmas-oficial-fichaje-adam-arvelo.html\" data-mrf-link=\"https:\/\/www.marca.com\/futbol\/las-palmas\/2025\/06\/16\/palmas-oficial-fichaje-adam-arvelo.html\">Adam Arvelo<\/a><\/strong>\u00a0(Sporting Portugal),\u00a0<strong><a href=\"https:\/\/www.marca.com\/futbol\/las-palmas\/2025\/06\/12\/portero-adri-suarez-convierte-primer-fichaje-palmas.html\" data-mrf-link=\"https:\/\/www.marca.com\/futbol\/las-palmas\/2025\/06\/12\/portero-adri-suarez-convierte-primer-fichaje-palmas.html\">Adri Su\u00e1rez<\/a><\/strong>\u00a0(Villarreal C),\u00a0<strong><a href=\"https:\/\/www.marca.com\/futbol\/las-palmas\/2025\/07\/02\/palmas-cierra-fichaje-edward-cedeno.html\" data-mrf-link=\"https:\/\/www.marca.com\/futbol\/las-palmas\/2025\/07\/02\/palmas-cierra-fichaje-edward-cedeno.html\">Edward Cede\u00f1o<\/a><\/strong>\u00a0(Potros del Este),\u00a0\u00a0<strong><a href=\"https:\/\/www.marca.com\/futbol\/las-palmas\/2025\/07\/09\/sergio-barcia-llega-varsovia-reforzar-zaga-canaria.html\" data-mrf-link=\"https:\/\/www.marca.com\/futbol\/las-palmas\/2025\/07\/09\/sergio-barcia-llega-varsovia-reforzar-zaga-canaria.html\">Sergio Barcia<\/a><\/strong>\u00a0(Legia de Varsovia),\u00a0<strong><a href=\"https:\/\/www.marca.com\/futbol\/las-palmas\/2025\/07\/12\/jonathan-viera-vuelve-palmas-quinta-vez.html\" data-mrf-link=\"https:\/\/www.marca.com\/futbol\/las-palmas\/2025\/07\/12\/jonathan-viera-vuelve-palmas-quinta-vez.html\">Jonathan Viera<\/a><\/strong>\u00a0(Khor Fakkan Club),\u00a0<strong><a href=\"https:\/\/www.marca.com\/futbol\/las-palmas\/2025\/07\/19\/jeremia-recoba-firma-jugador-palmas-2028.html\" data-mrf-link=\"https:\/\/www.marca.com\/futbol\/las-palmas\/2025\/07\/19\/jeremia-recoba-firma-jugador-palmas-2028.html\">Jerem\u00eda Recoba\u00a0<\/a><\/strong>(Club Nacional de Football),\u00a0<strong><a href=\"https:\/\/www.marca.com\/futbol\/las-palmas\/2025\/07\/20\/palmas-consigue-cesion-lorenzo-amatucci.html\" data-mrf-link=\"https:\/\/www.marca.com\/futbol\/las-palmas\/2025\/07\/20\/palmas-consigue-cesion-lorenzo-amatucci.html\">Lorenzo Amatucci<\/a><\/strong>* (Fiorentina),\u00a0<strong><a href=\"https:\/\/www.marca.com\/futbol\/las-palmas\/2025\/07\/24\/bombazo-segunda-jese-vuelve-palmas.html\" data-mrf-link=\"https:\/\/www.marca.com\/futbol\/las-palmas\/2025\/07\/24\/bombazo-segunda-jese-vuelve-palmas.html\">Jes\u00e9\u00a0<\/a><\/strong>(Johor de Malasia),\u00a0<strong><a href=\"https:\/\/www.marca.com\/futbol\/eibar\/2025\/07\/30\/cristian-gutierrez-traspasado-palmas.html\" data-mrf-link=\"https:\/\/www.marca.com\/futbol\/eibar\/2025\/07\/30\/cristian-gutierrez-traspasado-palmas.html\">Cristian Guti\u00e9rrez<\/a><\/strong>\u00a0(Eibar),\u00a0<strong><a href=\"https:\/\/www.marca.com\/futbol\/las-palmas\/2025\/08\/11\/palmas-firma-jose-antonio-caro.html\" data-mrf-link=\"https:\/\/www.marca.com\/futbol\/las-palmas\/2025\/08\/11\/palmas-firma-jose-antonio-caro.html\">Caro\u00a0<\/a><\/strong>(C\u00e1diz),\u00a0<strong><a href=\"https:\/\/www.marca.com\/futbol\/las-palmas\/2025\/08\/14\/lukovic-convierte-undecimo-fichaje-palmas.html\" data-mrf-link=\"https:\/\/www.marca.com\/futbol\/las-palmas\/2025\/08\/14\/lukovic-convierte-undecimo-fichaje-palmas.html\">Lukovic<\/a><\/strong>* (Estrasburgo)<\/p>\n<p class=\"ue-c-article__paragraph paragraph\" data-mrf-recirculation=\"Links P\u00e1rrafos\"><strong>BAJAS<\/strong>:\u00a0<a href=\"https:\/\/www.marca.com\/futbol\/las-palmas\/2025\/05\/26\/essugo-despide-palmas-pidiendo-respeto-club.html\" data-mrf-link=\"https:\/\/www.marca.com\/futbol\/las-palmas\/2025\/05\/26\/essugo-despide-palmas-pidiendo-respeto-club.html\">Essugo<\/a>,\u00a0<a href=\"https:\/\/www.marca.com\/futbol\/las-palmas\/2025\/05\/23\/mcburnie-desmarca-agente-libre.html\" data-mrf-link=\"https:\/\/www.marca.com\/futbol\/las-palmas\/2025\/05\/23\/mcburnie-desmarca-agente-libre.html\">McBurnie<\/a>,<a href=\"https:\/\/www.marca.com\/futbol\/las-palmas\/2025\/05\/20\/fabio-silva-despide-ud-palmas-alemania-preparan-ofensiva.html\" data-mrf-link=\"https:\/\/www.marca.com\/futbol\/las-palmas\/2025\/05\/20\/fabio-silva-despide-ud-palmas-alemania-preparan-ofensiva.html\">\u00a0Fabio Silva<\/a>,\u00a0 Bajcetic**, Januzaj**,\u00a0Pelmard**, Campa\u00f1a, Benito, \u00c1lex Mu\u00f1oz, Cillessen, McKenna,\u00a0<a href=\"https:\/\/www.marca.com\/futbol\/villarreal\/2025\/06\/17\/villarreal-anuncia-fichaje-moleiro-primer-refuerzo-champions.html\" data-mrf-link=\"https:\/\/www.marca.com\/futbol\/villarreal\/2025\/06\/17\/villarreal-anuncia-fichaje-moleiro-primer-refuerzo-champions.html\">Moleiro<\/a>,\u00a0<a href=\"https:\/\/www.marca.com\/futbol\/las-palmas\/2025\/07\/18\/bassinga-marcha-cedido-ad-ceuta.html\" data-mrf-link=\"https:\/\/www.marca.com\/futbol\/las-palmas\/2025\/07\/18\/bassinga-marcha-cedido-ad-ceuta.html\">Bassinga<\/a>*,\u00a0<a href=\"https:\/\/www.marca.com\/futbol\/las-palmas\/2025\/08\/02\/ivan-cedric-marcha-cedido-vanspor-fk-turco.html\" data-mrf-link=\"https:\/\/www.marca.com\/futbol\/las-palmas\/2025\/08\/02\/ivan-cedric-marcha-cedido-vanspor-fk-turco.html\">Iv\u00e1n Cedric<\/a><\/p>\n<figure class=\"ue-c-article__media ue-c-article__media--image\">\n<div class=\"ue-c-article__media-img-container ue-l-article--expand-edge-right-until-tablet ue-l-article--expand-edge-left-until-tablet\"><picture><source srcset=\"https:\/\/e00-xlk-ue-marca.uecdn.es\/files\/article_360_widen_webp\/uploads\/2025\/06\/02\/683de22ad43f3.webp 360w,https:\/\/e00-xlk-ue-marca.uecdn.es\/files\/article_375_widen_webp\/uploads\/2025\/06\/02\/683de22ad43f3.webp 375w,https:\/\/e00-xlk-ue-marca.uecdn.es\/files\/article_414_widen_webp\/uploads\/2025\/06\/02\/683de22ad43f3.webp 414w,https:\/\/e00-xlk-ue-marca.uecdn.es\/files\/article_660_widen_webp\/uploads\/2025\/06\/02\/683de22ad43f3.webp 660w,https:\/\/e00-xlk-ue-marca.uecdn.es\/files\/article_720_widen_webp\/uploads\/2025\/06\/02\/683de22ad43f3.webp 720w,https:\/\/e00-xlk-ue-marca.uecdn.es\/files\/article_750_widen_webp\/uploads\/2025\/06\/02\/683de22ad43f3.webp 750w,https:\/\/e00-xlk-ue-marca.uecdn.es\/files\/article_828_widen_webp\/uploads\/2025\/06\/02\/683de22ad43f3.webp 828w,https:\/\/e00-xlk-ue-marca.uecdn.es\/files\/article_1320_widen_webp\/uploads\/2025\/06\/02\/683de22ad43f3.webp 1320w\" type=\"image\/webp\" sizes=\"(min-width: 1010px) 660px, (min-width: 980px) calc(100vw - 350px), (min-width: 740px) calc(100vw - 320px), 100vw\" \/><source srcset=\"https:\/\/e00-xlk-ue-marca.uecdn.es\/files\/article_360_widen\/uploads\/2025\/06\/02\/683de22ad43f3.jpeg 360w,https:\/\/e00-xlk-ue-marca.uecdn.es\/files\/article_375_widen\/uploads\/2025\/06\/02\/683de22ad43f3.jpeg 375w,https:\/\/e00-xlk-ue-marca.uecdn.es\/files\/article_414_widen\/uploads\/2025\/06\/02\/683de22ad43f3.jpeg 414w,https:\/\/e00-xlk-ue-marca.uecdn.es\/files\/article_660_widen\/uploads\/2025\/06\/02\/683de22ad43f3.jpeg 660w,https:\/\/e00-xlk-ue-marca.uecdn.es\/files\/article_720_widen\/uploads\/2025\/06\/02\/683de22ad43f3.jpeg 720w,https:\/\/e00-xlk-ue-marca.uecdn.es\/files\/article_750_widen\/uploads\/2025\/06\/02\/683de22ad43f3.jpeg 750w,https:\/\/e00-xlk-ue-marca.uecdn.es\/files\/article_828_widen\/uploads\/2025\/06\/02\/683de22ad43f3.jpeg 828w,https:\/\/e00-xlk-ue-marca.uecdn.es\/files\/article_1320_widen\/uploads\/2025\/06\/02\/683de22ad43f3.jpeg 1320w\" type=\"image\/jpeg\" sizes=\"(min-width: 1010px) 660px, (min-width: 980px) calc(100vw - 350px), (min-width: 740px) calc(100vw - 320px), 100vw\" \/><img loading=\"lazy\" decoding=\"async\" class=\"ue-c-article__image lazyload\" src=\"https:\/\/e00-xlk-ue-marca.uecdn.es\/uploads\/2025\/06\/02\/683de22ad43f3.jpeg\" alt=\"Legan\u00e9s\" width=\"1320\" height=\"161\" \/><\/picture><\/div><figcaption class=\"ue-c-article__media-caption\">\n<div class=\"ue-c-article__media-caption-inner\"><\/div>\n<\/figcaption><\/figure>\n<p class=\"ue-c-article__paragraph paragraph\" data-mrf-recirculation=\"Links P\u00e1rrafos\"><strong>ALTAS<\/strong>:\u00a0<strong><a href=\"https:\/\/www.marca.com\/futbol\/leganes\/2025\/06\/02\/ruben-pulido-primer-fichaje-nuevo-proyecto-leganes.html\" data-mrf-link=\"https:\/\/www.marca.com\/futbol\/leganes\/2025\/06\/02\/ruben-pulido-primer-fichaje-nuevo-proyecto-leganes.html\">Rub\u00e9n Pulido<\/a><\/strong>\u00a0(Huesca), Lalo Aguilar** (Albacete),\u00a0Naim Garc\u00eda** (Racing Ferrol),\u00a0Guirao* (Betis B),\u00a0<strong><a href=\"https:\/\/www.marca.com\/futbol\/leganes\/2025\/06\/10\/paco-lopez-nuevo-entrenador-leganes.html\" data-mrf-link=\"https:\/\/www.marca.com\/futbol\/leganes\/2025\/06\/10\/paco-lopez-nuevo-entrenador-leganes.html\">Paco L\u00f3pez\u00a0<\/a><\/strong>(entrenador),\u00a0<strong><a href=\"https:\/\/www.marca.com\/futbol\/leganes\/2025\/06\/12\/ruben-pena-vuelve-leganes-nueve-temporadas-despues.html\" data-mrf-link=\"https:\/\/www.marca.com\/futbol\/leganes\/2025\/06\/12\/ruben-pena-vuelve-leganes-nueve-temporadas-despues.html\">Rub\u00e9n Pe\u00f1a\u00a0<\/a><\/strong>(Osasuna),\u00a0<strong><a href=\"https:\/\/www.marca.com\/futbol\/leganes\/2025\/06\/26\/andres-campos-cambia-fabrica-butarque.html\" data-mrf-link=\"https:\/\/www.marca.com\/futbol\/leganes\/2025\/06\/26\/andres-campos-cambia-fabrica-butarque.html\">Andr\u00e9s Campos<\/a><\/strong>\u00a0(Real Madrid Castilla),\u00a0<strong><a href=\"https:\/\/www.marca.com\/futbol\/leganes\/2025\/06\/27\/leganes-oficial-llegada-alex-millan.html\" data-mrf-link=\"https:\/\/www.marca.com\/futbol\/leganes\/2025\/06\/27\/leganes-oficial-llegada-alex-millan.html\">\u00c1lex Mill\u00e1n<\/a><\/strong>\u00a0(Cartagena),\u00a0<strong><a href=\"https:\/\/www.marca.com\/futbol\/leganes\/2025\/07\/03\/ignasi-miquel-vuelve-leganes.html\" data-mrf-link=\"https:\/\/www.marca.com\/futbol\/leganes\/2025\/07\/03\/ignasi-miquel-vuelve-leganes.html\">Ignasi Miquel<\/a><\/strong>\u00a0(Levante),\u00a0<strong><a href=\"https:\/\/www.marca.com\/futbol\/leganes\/2025\/07\/14\/leganes-oficializa-llegada-sebastian-figueredo.html\" data-mrf-link=\"https:\/\/www.marca.com\/futbol\/leganes\/2025\/07\/14\/leganes-oficializa-llegada-sebastian-figueredo.html\">Sebasti\u00e1n Figueredo<\/a><\/strong>\u00a0(Montevideo Wanderers),\u00a0<strong><a href=\"https:\/\/www.marca.com\/futbol\/leganes\/2025\/07\/16\/pepineros-fichan-san-roman-meta-dos-ascensos-primera.html\" data-mrf-link=\"https:\/\/www.marca.com\/futbol\/leganes\/2025\/07\/16\/pepineros-fichan-san-roman-meta-dos-ascensos-primera.html\">San Rom\u00e1n<\/a><\/strong>\u00a0(Elche),\u00a0<strong><a href=\"https:\/\/www.marca.com\/futbol\/leganes\/2025\/07\/21\/pauwels-firma-cuatro-temporadas-leganes.html\" data-mrf-link=\"https:\/\/www.marca.com\/futbol\/leganes\/2025\/07\/21\/pauwels-firma-cuatro-temporadas-leganes.html\">Benjamin Pauwels<\/a><\/strong>\u00a0(Cambuur),\u00a0<strong><a href=\"https:\/\/www.marca.com\/futbol\/leganes\/2025\/07\/20\/marvel-entrena-jugador-leganes.html\" data-mrf-link=\"https:\/\/www.marca.com\/futbol\/leganes\/2025\/07\/20\/marvel-entrena-jugador-leganes.html\">Marvel\u00a0<\/a><\/strong>(Real Madrid),\u00a0<strong><a href=\"https:\/\/www.marca.com\/futbol\/leganes\/2025\/07\/30\/amodou-diawara-cerrado-leganes.html\" data-mrf-link=\"https:\/\/www.marca.com\/futbol\/leganes\/2025\/07\/30\/amodou-diawara-cerrado-leganes.html\">Amadou Diawara\u00a0<\/a><\/strong>(Eldense),\u00a0<strong><a href=\"https:\/\/www.marca.com\/futbol\/leganes\/2025\/08\/06\/oscar-plano-refuerza-sorpresa-ataque-leganes.html\" data-mrf-link=\"https:\/\/www.marca.com\/futbol\/leganes\/2025\/08\/06\/oscar-plano-refuerza-sorpresa-ataque-leganes.html\">\u00d3scar Plano<\/a><\/strong>\u00a0(Elche),\u00a0<strong><a href=\"https:\/\/www.marca.com\/futbol\/leganes\/2025\/08\/13\/lega-presenta-fiestas-gonzalo-melero.html\" data-mrf-link=\"https:\/\/www.marca.com\/futbol\/leganes\/2025\/08\/13\/lega-presenta-fiestas-gonzalo-melero.html\">Melero\u00a0<\/a><\/strong>(Almer\u00eda)<\/p>\n<p class=\"ue-c-article__paragraph paragraph\" data-mrf-recirculation=\"Links P\u00e1rrafos\"><strong>BAJAS<\/strong>:\u00a0<a href=\"https:\/\/www.marca.com\/futbol\/leganes\/2025\/05\/29\/sergio-gonzalez-capitan-alma-leganes-deja-club.html\" data-mrf-link=\"https:\/\/www.marca.com\/futbol\/leganes\/2025\/05\/29\/sergio-gonzalez-capitan-alma-leganes-deja-club.html\">Sergio Gonz\u00e1lez<\/a>,\u00a0<a href=\"https:\/\/www.marca.com\/futbol\/mercado-fichajes\/2025\/05\/28\/renato-tapia-firma-wasl-sc-emiratos.html\" data-mrf-link=\"https:\/\/www.marca.com\/futbol\/mercado-fichajes\/2025\/05\/28\/renato-tapia-firma-wasl-sc-emiratos.html\">Renato Tapia<\/a>,\u00a0 Brasanac, Neyou, Chicco,\u00a0<a href=\"https:\/\/www.marca.com\/futbol\/leganes\/2025\/05\/26\/rosier-leganes-ficha-tres-temporadas-osasuna.html\" data-mrf-link=\"https:\/\/www.marca.com\/futbol\/leganes\/2025\/05\/26\/rosier-leganes-ficha-tres-temporadas-osasuna.html\">Rosier<\/a>,\u00a0<a href=\"https:\/\/www.marca.com\/futbol\/leganes\/2025\/06\/06\/dmitrovic-nastasic-oscar-munir-dejaran-leganes.html\" data-mrf-link=\"https:\/\/www.marca.com\/futbol\/leganes\/2025\/06\/06\/dmitrovic-nastasic-oscar-munir-dejaran-leganes.html\">Munir<\/a>,\u00a0<a href=\"https:\/\/www.marca.com\/futbol\/valencia\/2025\/06\/06\/borja-jimenez-disecciona-dani-raba-fichado-valencia-asume-presion-problema.html\" data-mrf-link=\"https:\/\/www.marca.com\/futbol\/valencia\/2025\/06\/06\/borja-jimenez-disecciona-dani-raba-fichado-valencia-asume-presion-problema.html\">Dani Raba<\/a>,\u00a0<a href=\"https:\/\/www.marca.com\/futbol\/leganes\/2025\/06\/06\/dmitrovic-nastasic-oscar-munir-dejaran-leganes.html\" data-mrf-link=\"https:\/\/www.marca.com\/futbol\/leganes\/2025\/06\/06\/dmitrovic-nastasic-oscar-munir-dejaran-leganes.html\">\u00d3scar Rodr\u00edguez<\/a>,\u00a0<a href=\"https:\/\/www.marca.com\/futbol\/leganes\/2025\/06\/06\/dmitrovic-nastasic-oscar-munir-dejaran-leganes.html\" data-mrf-link=\"https:\/\/www.marca.com\/futbol\/leganes\/2025\/06\/06\/dmitrovic-nastasic-oscar-munir-dejaran-leganes.html\">Nastasic<\/a>,\u00a0<a href=\"https:\/\/www.marca.com\/futbol\/espanyol\/2025\/06\/19\/espanyol-sustituto-joan-garcia-marko-dmitrovic.html\" data-mrf-link=\"https:\/\/www.marca.com\/futbol\/espanyol\/2025\/06\/19\/espanyol-sustituto-joan-garcia-marko-dmitrovic.html\">Dmitrovic<\/a>, Adri\u00e1 Altimira**,\u00a0Barisic**, Yan Diomande,\u00a0<a href=\"https:\/\/www.marca.com\/futbol\/leganes\/2025\/08\/05\/javi-hernandez-deja-lega-marcha-qatar.html\" data-mrf-link=\"https:\/\/www.marca.com\/futbol\/leganes\/2025\/08\/05\/javi-hernandez-deja-lega-marcha-qatar.html\">Javi Hern\u00e1ndez<\/a>*,\u00a0<a href=\"https:\/\/www.marca.com\/futbol\/leganes\/2025\/08\/29\/sekou-firma-tres-temporadas-real-murcia.html\" data-mrf-link=\"https:\/\/www.marca.com\/futbol\/leganes\/2025\/08\/29\/sekou-firma-tres-temporadas-real-murcia.html\">S\u00e9kou Djanbou<\/a><\/p>\n<figure class=\"ue-c-article__media ue-c-article__media--image\">\n<div class=\"ue-c-article__media-img-container ue-l-article--expand-edge-right-until-tablet ue-l-article--expand-edge-left-until-tablet\"><picture><source srcset=\"https:\/\/e00-xlk-ue-marca.uecdn.es\/files\/article_360_widen_webp\/uploads\/2025\/06\/02\/683dcb8a66948.webp 360w,https:\/\/e00-xlk-ue-marca.uecdn.es\/files\/article_375_widen_webp\/uploads\/2025\/06\/02\/683dcb8a66948.webp 375w,https:\/\/e00-xlk-ue-marca.uecdn.es\/files\/article_414_widen_webp\/uploads\/2025\/06\/02\/683dcb8a66948.webp 414w,https:\/\/e00-xlk-ue-marca.uecdn.es\/files\/article_660_widen_webp\/uploads\/2025\/06\/02\/683dcb8a66948.webp 660w,https:\/\/e00-xlk-ue-marca.uecdn.es\/files\/article_720_widen_webp\/uploads\/2025\/06\/02\/683dcb8a66948.webp 720w,https:\/\/e00-xlk-ue-marca.uecdn.es\/files\/article_750_widen_webp\/uploads\/2025\/06\/02\/683dcb8a66948.webp 750w,https:\/\/e00-xlk-ue-marca.uecdn.es\/files\/article_828_widen_webp\/uploads\/2025\/06\/02\/683dcb8a66948.webp 828w,https:\/\/e00-xlk-ue-marca.uecdn.es\/files\/article_1320_widen_webp\/uploads\/2025\/06\/02\/683dcb8a66948.webp 1320w\" type=\"image\/webp\" sizes=\"(min-width: 1010px) 660px, (min-width: 980px) calc(100vw - 350px), (min-width: 740px) calc(100vw - 320px), 100vw\" \/><source srcset=\"https:\/\/e00-xlk-ue-marca.uecdn.es\/files\/article_360_widen\/uploads\/2025\/06\/02\/683dcb8a66948.png 360w,https:\/\/e00-xlk-ue-marca.uecdn.es\/files\/article_375_widen\/uploads\/2025\/06\/02\/683dcb8a66948.png 375w,https:\/\/e00-xlk-ue-marca.uecdn.es\/files\/article_414_widen\/uploads\/2025\/06\/02\/683dcb8a66948.png 414w,https:\/\/e00-xlk-ue-marca.uecdn.es\/files\/article_660_widen\/uploads\/2025\/06\/02\/683dcb8a66948.png 660w,https:\/\/e00-xlk-ue-marca.uecdn.es\/files\/article_720_widen\/uploads\/2025\/06\/02\/683dcb8a66948.png 720w,https:\/\/e00-xlk-ue-marca.uecdn.es\/files\/article_750_widen\/uploads\/2025\/06\/02\/683dcb8a66948.png 750w,https:\/\/e00-xlk-ue-marca.uecdn.es\/files\/article_828_widen\/uploads\/2025\/06\/02\/683dcb8a66948.png 828w,https:\/\/e00-xlk-ue-marca.uecdn.es\/files\/article_1320_widen\/uploads\/2025\/06\/02\/683dcb8a66948.png 1320w\" type=\"image\/png\" sizes=\"(min-width: 1010px) 660px, (min-width: 980px) calc(100vw - 350px), (min-width: 740px) calc(100vw - 320px), 100vw\" \/><img loading=\"lazy\" decoding=\"async\" class=\"ue-c-article__image lazyload\" src=\"https:\/\/e00-xlk-ue-marca.uecdn.es\/uploads\/2025\/06\/02\/683dcb8a66948.png\" alt=\"M\u00e1laga\" width=\"1320\" height=\"160\" \/><\/picture><\/div><figcaption class=\"ue-c-article__media-caption\">\n<div class=\"ue-c-article__media-caption-inner\"><\/div>\n<\/figcaption><\/figure>\n<p class=\"ue-c-article__paragraph paragraph\" data-mrf-recirculation=\"Links P\u00e1rrafos\"><strong>ALTAS<\/strong>: Juan Hern\u00e1ndez** (Algeciras), Moussa Diarra** (Marbella),\u00a0<strong><a href=\"https:\/\/www.marca.com\/futbol\/malaga\/2025\/07\/01\/joaquin-munoz-primera-fichaje-malaga-25-26.html\" data-mrf-link=\"https:\/\/www.marca.com\/futbol\/malaga\/2025\/07\/01\/joaquin-munoz-primera-fichaje-malaga-25-26.html\">Joaqu\u00edn Mu\u00f1oz<\/a><\/strong>\u00a0(Huesca),\u00a0<strong><a href=\"https:\/\/www.marca.com\/futbol\/malaga\/2025\/07\/08\/malaga-cierra-cesion-carlos-dotor-opcion-compra.html\" data-mrf-link=\"https:\/\/www.marca.com\/futbol\/malaga\/2025\/07\/08\/malaga-cierra-cesion-carlos-dotor-opcion-compra.html\">Carlos Dotor<\/a><\/strong>* (Celta),\u00a0<strong><a href=\"https:\/\/www.marca.com\/futbol\/malaga\/2025\/07\/14\/malaga-firma-eneko-jauregi-delantera.html\" data-mrf-link=\"https:\/\/www.marca.com\/futbol\/malaga\/2025\/07\/14\/malaga-firma-eneko-jauregi-delantera.html\">Eneko Jauregi<\/a><\/strong>\u00a0(Racing Ferrol),\u00a0<strong><a href=\"https:\/\/www.marca.com\/futbol\/malaga\/2025\/07\/15\/malaga-completa-delantera-llegada-adrian-nino-2029.html\" data-mrf-link=\"https:\/\/www.marca.com\/futbol\/malaga\/2025\/07\/15\/malaga-completa-delantera-llegada-adrian-nino-2029.html\">Adri\u00e1n Ni\u00f1o<\/a><\/strong>\u00a0(Atl\u00e9tico de Madrid),\u00a0<strong><a href=\"https:\/\/www.marca.com\/futbol\/racing-santander\/2025\/08\/04\/montero-racing-separan-caminos-malaga-destino-central.html\" data-mrf-link=\"https:\/\/www.marca.com\/futbol\/racing-santander\/2025\/08\/04\/montero-racing-separan-caminos-malaga-destino-central.html\">Javi Montero\u00a0<\/a><\/strong>(Racing),\u00a0<strong><a href=\"https:\/\/www.marca.com\/futbol\/malaga\/2025\/08\/28\/malaga-ficha-dorrio-ok-laliga.html\" data-mrf-link=\"https:\/\/www.marca.com\/futbol\/malaga\/2025\/08\/28\/malaga-ficha-dorrio-ok-laliga.html\">Dorrio<\/a><\/strong>\u00a0(Racing Ferrol)<\/p>\n<p class=\"ue-c-article__paragraph paragraph\" data-mrf-recirculation=\"Links P\u00e1rrafos\"><strong>BAJAS<\/strong>:\u00a0<a href=\"https:\/\/www.marca.com\/futbol\/malaga\/2025\/06\/02\/malaga-dice-adios-cordero-escueto-comunicado.html\" data-mrf-link=\"https:\/\/www.marca.com\/futbol\/malaga\/2025\/06\/02\/malaga-dice-adios-cordero-escueto-comunicado.html\">Anto\u00f1ito Cordero<\/a>,\u00a0<a href=\"https:\/\/www.marca.com\/futbol\/malaga\/2025\/05\/28\/avecina-tarde-despedidas.html\" data-mrf-link=\"https:\/\/www.marca.com\/futbol\/malaga\/2025\/05\/28\/avecina-tarde-despedidas.html\">Roko Baturina<\/a>,\u00a0<a href=\"https:\/\/www.marca.com\/futbol\/malaga\/2025\/05\/28\/avecina-tarde-despedidas.html\" data-mrf-link=\"https:\/\/www.marca.com\/futbol\/malaga\/2025\/05\/28\/avecina-tarde-despedidas.html\">Yanis Rahmani<\/a>,\u00a0<a href=\"https:\/\/www.marca.com\/futbol\/malaga\/2025\/06\/04\/malaga-anuncia-tacada-salidas-kevin-dioni-manu-molina.html\" data-mrf-link=\"https:\/\/www.marca.com\/futbol\/malaga\/2025\/06\/04\/malaga-anuncia-tacada-salidas-kevin-dioni-manu-molina.html\">Manu Molina<\/a>,\u00a0<a href=\"https:\/\/www.marca.com\/futbol\/cordoba\/2025\/07\/03\/kevin-medina-rosaleda-arcangel.html\" data-mrf-link=\"https:\/\/www.marca.com\/futbol\/cordoba\/2025\/07\/03\/kevin-medina-rosaleda-arcangel.html\">Kevin Medina<\/a>,\u00a0<a href=\"https:\/\/www.marca.com\/futbol\/malaga\/2025\/06\/04\/malaga-anuncia-tacada-salidas-kevin-dioni-manu-molina.html\" data-mrf-link=\"https:\/\/www.marca.com\/futbol\/malaga\/2025\/06\/04\/malaga-anuncia-tacada-salidas-kevin-dioni-manu-molina.html\">Dioni Villalba<\/a>,\u00a0<a href=\"https:\/\/www.marca.com\/futbol\/malaga\/2025\/07\/15\/malaga-completa-delantera-llegada-adrian-nino-2029.html\" data-mrf-link=\"https:\/\/www.marca.com\/futbol\/malaga\/2025\/07\/15\/malaga-completa-delantera-llegada-adrian-nino-2029.html\">Juan Hern\u00e1ndez<\/a>,\u00a0<a href=\"https:\/\/www.marca.com\/futbol\/almeria\/2025\/07\/21\/nelson-monte-marcha-traspasado-almeria.html\" data-mrf-link=\"https:\/\/www.marca.com\/futbol\/almeria\/2025\/07\/21\/nelson-monte-marcha-traspasado-almeria.html\">Nelson Monte<\/a>,\u00a0<a href=\"https:\/\/www.marca.com\/futbol\/malaga\/2025\/07\/28\/sangalli-rescinde-malaga-despide-carta-poco-habitual.html\" data-mrf-link=\"https:\/\/www.marca.com\/futbol\/malaga\/2025\/07\/28\/sangalli-rescinde-malaga-despide-carta-poco-habitual.html\">Luca Sangalli<\/a><\/p>\n<figure class=\"ue-c-article__media ue-c-article__media--image\">\n<div class=\"ue-c-article__media-img-container ue-l-article--expand-edge-right-until-tablet ue-l-article--expand-edge-left-until-tablet\"><picture><source srcset=\"https:\/\/e00-xlk-ue-marca.uecdn.es\/files\/article_360_widen_webp\/uploads\/2025\/06\/02\/683dcc1a48d7d.webp 360w,https:\/\/e00-xlk-ue-marca.uecdn.es\/files\/article_375_widen_webp\/uploads\/2025\/06\/02\/683dcc1a48d7d.webp 375w,https:\/\/e00-xlk-ue-marca.uecdn.es\/files\/article_414_widen_webp\/uploads\/2025\/06\/02\/683dcc1a48d7d.webp 414w,https:\/\/e00-xlk-ue-marca.uecdn.es\/files\/article_660_widen_webp\/uploads\/2025\/06\/02\/683dcc1a48d7d.webp 660w,https:\/\/e00-xlk-ue-marca.uecdn.es\/files\/article_720_widen_webp\/uploads\/2025\/06\/02\/683dcc1a48d7d.webp 720w,https:\/\/e00-xlk-ue-marca.uecdn.es\/files\/article_750_widen_webp\/uploads\/2025\/06\/02\/683dcc1a48d7d.webp 750w,https:\/\/e00-xlk-ue-marca.uecdn.es\/files\/article_828_widen_webp\/uploads\/2025\/06\/02\/683dcc1a48d7d.webp 828w,https:\/\/e00-xlk-ue-marca.uecdn.es\/files\/article_1320_widen_webp\/uploads\/2025\/06\/02\/683dcc1a48d7d.webp 1320w\" type=\"image\/webp\" sizes=\"(min-width: 1010px) 660px, (min-width: 980px) calc(100vw - 350px), (min-width: 740px) calc(100vw - 320px), 100vw\" \/><source srcset=\"https:\/\/e00-xlk-ue-marca.uecdn.es\/files\/article_360_widen\/uploads\/2025\/06\/02\/683dcc1a48d7d.png 360w,https:\/\/e00-xlk-ue-marca.uecdn.es\/files\/article_375_widen\/uploads\/2025\/06\/02\/683dcc1a48d7d.png 375w,https:\/\/e00-xlk-ue-marca.uecdn.es\/files\/article_414_widen\/uploads\/2025\/06\/02\/683dcc1a48d7d.png 414w,https:\/\/e00-xlk-ue-marca.uecdn.es\/files\/article_660_widen\/uploads\/2025\/06\/02\/683dcc1a48d7d.png 660w,https:\/\/e00-xlk-ue-marca.uecdn.es\/files\/article_720_widen\/uploads\/2025\/06\/02\/683dcc1a48d7d.png 720w,https:\/\/e00-xlk-ue-marca.uecdn.es\/files\/article_750_widen\/uploads\/2025\/06\/02\/683dcc1a48d7d.png 750w,https:\/\/e00-xlk-ue-marca.uecdn.es\/files\/article_828_widen\/uploads\/2025\/06\/02\/683dcc1a48d7d.png 828w,https:\/\/e00-xlk-ue-marca.uecdn.es\/files\/article_1320_widen\/uploads\/2025\/06\/02\/683dcc1a48d7d.png 1320w\" type=\"image\/png\" sizes=\"(min-width: 1010px) 660px, (min-width: 980px) calc(100vw - 350px), (min-width: 740px) calc(100vw - 320px), 100vw\" \/><img loading=\"lazy\" decoding=\"async\" class=\"ue-c-article__image lazyload\" src=\"https:\/\/e00-xlk-ue-marca.uecdn.es\/uploads\/2025\/06\/02\/683dcc1a48d7d.png\" alt=\"Mirand\u00e9s\" width=\"1320\" height=\"160\" \/><\/picture><\/div><figcaption class=\"ue-c-article__media-caption\">\n<div class=\"ue-c-article__media-caption-inner\"><\/div>\n<\/figcaption><\/figure>\n<p class=\"ue-c-article__paragraph paragraph\" data-mrf-recirculation=\"Links P\u00e1rrafos\"><strong>ALTAS<\/strong>:\u00a0<strong><a href=\"https:\/\/www.marca.com\/futbol\/mirandes\/2025\/06\/30\/fran-justo-toma-riendas-mirandes.html\" data-mrf-link=\"https:\/\/www.marca.com\/futbol\/mirandes\/2025\/06\/30\/fran-justo-toma-riendas-mirandes.html\">Fran Justo<\/a><\/strong>\u00a0(entrenador),\u00a0<strong><a href=\"https:\/\/www.marca.com\/futbol\/mirandes\/2025\/07\/01\/adrian-pica-convierte-primer-refuerzo-nuevo-mirandes.html\" data-mrf-link=\"https:\/\/www.marca.com\/futbol\/mirandes\/2025\/07\/01\/adrian-pica-convierte-primer-refuerzo-nuevo-mirandes.html\">Adri\u00e1n Pica<\/a><\/strong>* (Alav\u00e9s),\u00a0<strong><a href=\"https:\/\/www.marca.com\/futbol\/mirandes\/2025\/07\/04\/joven-iker-cordoba-segunda-incorporacion-mirandes-temporada-2025-2026.html\" data-mrf-link=\"https:\/\/www.marca.com\/futbol\/mirandes\/2025\/07\/04\/joven-iker-cordoba-segunda-incorporacion-mirandes-temporada-2025-2026.html\">Iker C\u00f3rdoba<\/a><\/strong>* (Valencia),\u00a0<strong><a href=\"https:\/\/www.marca.com\/futbol\/mirandes\/2025\/07\/05\/fernando-medrano-tercer-fichaje-mirandes.html\" data-mrf-link=\"https:\/\/www.marca.com\/futbol\/mirandes\/2025\/07\/05\/fernando-medrano-tercer-fichaje-mirandes.html\">Fernando Medrano<\/a><\/strong>\u00a0(Tenerife),\u00a0<strong><a href=\"https:\/\/www.marca.com\/futbol\/mirandes\/2025\/07\/06\/mirandes-ficha-marino-illescas-son-cinco-jugadores-plantilla.html\" data-mrf-link=\"https:\/\/www.marca.com\/futbol\/mirandes\/2025\/07\/06\/mirandes-ficha-marino-illescas-son-cinco-jugadores-plantilla.html\">Marino Illescas\u00a0<\/a><\/strong>(Algeciras),\u00a0<strong><a href=\"https:\/\/www.marca.com\/futbol\/mirandes\/2025\/07\/10\/juan-palomares-llega-merida-defender-meta-jabata.html\" data-mrf-link=\"https:\/\/www.marca.com\/futbol\/mirandes\/2025\/07\/10\/juan-palomares-llega-merida-defender-meta-jabata.html\">Juan Palomares<\/a>\u00a0<\/strong>(M\u00e9rida),\u00a0<strong><a href=\"https:\/\/www.marca.com\/futbol\/mirandes\/2025\/07\/22\/varela-cachorro-lezama-buscara-salto-mirandes.html\" data-mrf-link=\"https:\/\/www.marca.com\/futbol\/mirandes\/2025\/07\/22\/varela-cachorro-lezama-buscara-salto-mirandes.html\">Iker Varela<\/a><\/strong>* (Athletic),\u00a0<strong><a href=\"https:\/\/www.marca.com\/futbol\/mirandes\/2025\/07\/31\/empieza-baile-cesiones-preferido-mirandes-cerrar-plantilla-3-2-1.html\" data-mrf-link=\"https:\/\/www.marca.com\/futbol\/mirandes\/2025\/07\/31\/empieza-baile-cesiones-preferido-mirandes-cerrar-plantilla-3-2-1.html\">Ismael Barea<\/a><\/strong>* (Betis),\u00a0<strong><a href=\"https:\/\/www.marca.com\/futbol\/mirandes\/2025\/07\/31\/empieza-baile-cesiones-preferido-mirandes-cerrar-plantilla-3-2-1.html\" data-mrf-link=\"https:\/\/www.marca.com\/futbol\/mirandes\/2025\/07\/31\/empieza-baile-cesiones-preferido-mirandes-cerrar-plantilla-3-2-1.html\">Pablo P\u00e9rez<\/a><\/strong>* (Atl\u00e9tico),\u00a0<strong><a href=\"https:\/\/www.marca.com\/futbol\/mirandes\/2025\/08\/04\/fran-justo-futbolista-aaron-martin.html\" data-mrf-link=\"https:\/\/www.marca.com\/futbol\/mirandes\/2025\/08\/04\/fran-justo-futbolista-aaron-martin.html\">Aar\u00f3n Mart\u00edn<\/a><\/strong>* (Al Qadsiah saud\u00ed),\u00a0<strong><a href=\"https:\/\/www.marca.com\/futbol\/betis\/2025\/08\/08\/betis-anuncia-cesion-gonzalo-petit-mirandes.html\" data-mrf-link=\"https:\/\/www.marca.com\/futbol\/betis\/2025\/08\/08\/betis-anuncia-cesion-gonzalo-petit-mirandes.html\">Gonzalo Petit<\/a><\/strong>* (Betis),\u00a0<strong><a href=\"https:\/\/www.marca.com\/futbol\/mirandes\/2025\/08\/12\/anduva-compra-montenegrino-meta-igor-nikic.html\" data-mrf-link=\"https:\/\/www.marca.com\/futbol\/mirandes\/2025\/08\/12\/anduva-compra-montenegrino-meta-igor-nikic.html\">Igor Nikic<\/a><\/strong>\u00a0(FK Decic Tuzi),\u00a0<strong><a href=\"https:\/\/www.marca.com\/futbol\/mirandes\/2025\/08\/14\/cedido-mirandes-tamarit-llega-villarreal.html\" data-mrf-link=\"https:\/\/www.marca.com\/futbol\/mirandes\/2025\/08\/14\/cedido-mirandes-tamarit-llega-villarreal.html\">Tamarit<\/a><\/strong>* (Villarreal),\u00a0<strong><a href=\"https:\/\/www.marca.com\/futbol\/mirandes\/2025\/08\/19\/mirandes-refuerza-ataque-cesion-carlos-fernandez.html\" data-mrf-link=\"https:\/\/www.marca.com\/futbol\/mirandes\/2025\/08\/19\/mirandes-refuerza-ataque-cesion-carlos-fernandez.html\">Carlos Fern\u00e1ndez<\/a><\/strong>* (Real Sociedad),\u00a0<strong><a href=\"https:\/\/www.marca.com\/futbol\/segunda-division\/2025\/06\/25\/todos-movimientos-22-plantillas-segunda-mercado-veraniego-altas-bajas-e-interesan.html\" data-mrf-link=\"https:\/\/www.marca.com\/futbol\/segunda-division\/2025\/06\/25\/todos-movimientos-22-plantillas-segunda-mercado-veraniego-altas-bajas-e-interesan.html\">Mart\u00edn Pascual<\/a><\/strong>(Atl\u00e9tico B),\u00a0<a href=\"https:\/\/www.marca.com\/futbol\/mirandes\/2025\/08\/19\/firma-martin-pascual-propiedad-alex-cardero-cedido-oviedo.html\" data-mrf-link=\"https:\/\/www.marca.com\/futbol\/mirandes\/2025\/08\/19\/firma-martin-pascual-propiedad-alex-cardero-cedido-oviedo.html\"><strong>\u00c1lex Cardero<\/strong><\/a>* (Oviedo),\u00a0<strong><a href=\"https:\/\/www.marca.com\/futbol\/mirandes\/2025\/08\/25\/mirandes-incorpora-rafel-bauza-cedido-espanyol-final-temporada.html\" data-mrf-link=\"https:\/\/www.marca.com\/futbol\/mirandes\/2025\/08\/25\/mirandes-incorpora-rafel-bauza-cedido-espanyol-final-temporada.html\">Rafa Bauz\u00e0<\/a><\/strong>* (Espanyol),\u00a0<strong><a href=\"https:\/\/www.marca.com\/futbol\/mirandes\/2025\/08\/26\/mirandes-incorpora-salim-jebari-cedido-atletico-madrid.html\" data-mrf-link=\"https:\/\/www.marca.com\/futbol\/mirandes\/2025\/08\/26\/mirandes-incorpora-salim-jebari-cedido-atletico-madrid.html\">El Jebari<\/a><\/strong>* (Atl\u00e9tico B),\u00a0<strong><a href=\"https:\/\/www.marca.com\/futbol\/mirandes\/2025\/09\/01\/hugo-novoa-refuerza-zaga-mirandes.html\" data-mrf-link=\"https:\/\/www.marca.com\/futbol\/mirandes\/2025\/09\/01\/hugo-novoa-refuerza-zaga-mirandes.html\">Hugo Novoa<\/a><\/strong>* (Alav\u00e9s),\u00a0<strong><a href=\"https:\/\/www.marca.com\/futbol\/valencia\/2025\/09\/01\/valencia-renueva-alberto-mari-2027-cede-mirandes.html\" data-mrf-link=\"https:\/\/www.marca.com\/futbol\/valencia\/2025\/09\/01\/valencia-renueva-alberto-mari-2027-cede-mirandes.html\">Alberto Mar\u00ed<\/a><\/strong>* (Valencia),\u00a0<strong><a href=\"https:\/\/www.marca.com\/futbol\/rayo\/2025\/09\/01\/etienne-eto-jugara-cedido-mirandes-temporada.html\" data-mrf-link=\"https:\/\/www.marca.com\/futbol\/rayo\/2025\/09\/01\/etienne-eto-jugara-cedido-mirandes-temporada.html\">Etienne Eto&#8217;o<\/a><\/strong>* (Rayo Vallecano),\u00a0<strong><a href=\"https:\/\/www.marca.com\/futbol\/rayo\/2025\/09\/01\/etienne-eto-jugara-cedido-mirandes-temporada.html\" data-mrf-link=\"https:\/\/www.marca.com\/futbol\/rayo\/2025\/09\/01\/etienne-eto-jugara-cedido-mirandes-temporada.html\">Pablo L\u00f3pez<\/a><\/strong>* (Valencia)<\/p>\n<p class=\"ue-c-article__paragraph paragraph\" data-mrf-recirculation=\"Links P\u00e1rrafos\"><strong>BAJAS<\/strong>: Panichelli**, V\u00edctor Parada**,\u00a0Gorrotxa **, Dadie**,\u00a0Hugo Rinc\u00f3n**, Egiluz**, Izeta**, Iker Benito**, \u00c1lex Calvo**, Joel Roca**, Ander Mart\u00edn**, Carlo Adriano**, Butzke**,\u00a0<a href=\"https:\/\/www.marca.com\/futbol\/huesca\/2025\/06\/27\/huesca-anuncia-primer-fichaje-julio-alonso-refuerza-lateral-izquierdo.html\" data-mrf-link=\"https:\/\/www.marca.com\/futbol\/huesca\/2025\/06\/27\/huesca-anuncia-primer-fichaje-julio-alonso-refuerza-lateral-izquierdo.html\">Julio Alonso<\/a>,\u00a0<a href=\"https:\/\/www.marca.com\/futbol\/eibar\/2025\/06\/26\/luis-lopez-apuntala-porteria-eibar.html\" data-mrf-link=\"https:\/\/www.marca.com\/futbol\/eibar\/2025\/06\/26\/luis-lopez-apuntala-porteria-eibar.html\">Luis L\u00f3pez<\/a>,\u00a0<a href=\"https:\/\/www.marca.com\/futbol\/oviedo\/2025\/07\/06\/alberto-reina-ficha-oviedo.html\" data-mrf-link=\"https:\/\/www.marca.com\/futbol\/oviedo\/2025\/07\/06\/alberto-reina-ficha-oviedo.html\">Alberto Reina<\/a>,\u00a0<a href=\"https:\/\/www.marca.com\/futbol\/zaragoza\/2025\/07\/09\/jabato-llega-zaragoza-tachi-firma-dos-temporadas.html\" data-mrf-link=\"https:\/\/www.marca.com\/futbol\/zaragoza\/2025\/07\/09\/jabato-llega-zaragoza-tachi-firma-dos-temporadas.html\">Tachi<\/a>,\u00a0<a href=\"https:\/\/www.marca.com\/futbol\/valladolid\/2025\/08\/30\/lachuer-fichaje-clave-medular-valladolid.html\" data-mrf-link=\"https:\/\/www.marca.com\/futbol\/valladolid\/2025\/08\/30\/lachuer-fichaje-clave-medular-valladolid.html\">Lachuer<\/a><\/p>\n<figure class=\"ue-c-article__media ue-c-article__media--image\">\n<div class=\"ue-c-article__media-img-container ue-l-article--expand-edge-right-until-tablet ue-l-article--expand-edge-left-until-tablet\"><picture><source srcset=\"https:\/\/e00-xlk-ue-marca.uecdn.es\/files\/article_360_widen_webp\/uploads\/2025\/06\/02\/683dcc9216889.webp 360w,https:\/\/e00-xlk-ue-marca.uecdn.es\/files\/article_375_widen_webp\/uploads\/2025\/06\/02\/683dcc9216889.webp 375w,https:\/\/e00-xlk-ue-marca.uecdn.es\/files\/article_414_widen_webp\/uploads\/2025\/06\/02\/683dcc9216889.webp 414w,https:\/\/e00-xlk-ue-marca.uecdn.es\/files\/article_660_widen_webp\/uploads\/2025\/06\/02\/683dcc9216889.webp 660w,https:\/\/e00-xlk-ue-marca.uecdn.es\/files\/article_720_widen_webp\/uploads\/2025\/06\/02\/683dcc9216889.webp 720w,https:\/\/e00-xlk-ue-marca.uecdn.es\/files\/article_750_widen_webp\/uploads\/2025\/06\/02\/683dcc9216889.webp 750w,https:\/\/e00-xlk-ue-marca.uecdn.es\/files\/article_828_widen_webp\/uploads\/2025\/06\/02\/683dcc9216889.webp 828w,https:\/\/e00-xlk-ue-marca.uecdn.es\/files\/article_1320_widen_webp\/uploads\/2025\/06\/02\/683dcc9216889.webp 1320w\" type=\"image\/webp\" sizes=\"(min-width: 1010px) 660px, (min-width: 980px) calc(100vw - 350px), (min-width: 740px) calc(100vw - 320px), 100vw\" \/><source srcset=\"https:\/\/e00-xlk-ue-marca.uecdn.es\/files\/article_360_widen\/uploads\/2025\/06\/02\/683dcc9216889.png 360w,https:\/\/e00-xlk-ue-marca.uecdn.es\/files\/article_375_widen\/uploads\/2025\/06\/02\/683dcc9216889.png 375w,https:\/\/e00-xlk-ue-marca.uecdn.es\/files\/article_414_widen\/uploads\/2025\/06\/02\/683dcc9216889.png 414w,https:\/\/e00-xlk-ue-marca.uecdn.es\/files\/article_660_widen\/uploads\/2025\/06\/02\/683dcc9216889.png 660w,https:\/\/e00-xlk-ue-marca.uecdn.es\/files\/article_720_widen\/uploads\/2025\/06\/02\/683dcc9216889.png 720w,https:\/\/e00-xlk-ue-marca.uecdn.es\/files\/article_750_widen\/uploads\/2025\/06\/02\/683dcc9216889.png 750w,https:\/\/e00-xlk-ue-marca.uecdn.es\/files\/article_828_widen\/uploads\/2025\/06\/02\/683dcc9216889.png 828w,https:\/\/e00-xlk-ue-marca.uecdn.es\/files\/article_1320_widen\/uploads\/2025\/06\/02\/683dcc9216889.png 1320w\" type=\"image\/png\" sizes=\"(min-width: 1010px) 660px, (min-width: 980px) calc(100vw - 350px), (min-width: 740px) calc(100vw - 320px), 100vw\" \/><img loading=\"lazy\" decoding=\"async\" class=\"ue-c-article__image lazyload\" src=\"https:\/\/e00-xlk-ue-marca.uecdn.es\/uploads\/2025\/06\/02\/683dcc9216889.png\" alt=\"Racing\" width=\"1320\" height=\"160\" \/><\/picture><\/div><figcaption class=\"ue-c-article__media-caption\">\n<div class=\"ue-c-article__media-caption-inner\"><\/div>\n<\/figcaption><\/figure>\n<p class=\"ue-c-article__paragraph paragraph\" data-mrf-recirculation=\"Links P\u00e1rrafos\"><strong>ALTAS<\/strong>: Yeray Cabanz\u00f3n** (Ponferradina),\u00a0<strong><a href=\"https:\/\/www.marca.com\/futbol\/racing-santander\/2025\/07\/29\/plamen-andreev-muro-bulgaro-inaugura-nuevo-racing.html\" data-mrf-link=\"https:\/\/www.marca.com\/futbol\/racing-santander\/2025\/07\/29\/plamen-andreev-muro-bulgaro-inaugura-nuevo-racing.html\">Plamen Andreev<\/a><\/strong>* (Feyenoord),\u00a0<strong><a href=\"https:\/\/www.marca.com\/futbol\/racing-santander\/2025\/08\/09\/bufalo-sardinero-asier-villalibre-segundo-fichaje-racing.html\" data-mrf-link=\"https:\/\/www.marca.com\/futbol\/racing-santander\/2025\/08\/09\/bufalo-sardinero-asier-villalibre-segundo-fichaje-racing.html\">Asier Villalibre<\/a><\/strong>* (Alav\u00e9s),\u00a0<strong><a href=\"https:\/\/www.marca.com\/futbol\/athletic\/2025\/08\/15\/peio-canales-cedido-racing-santander.html\" data-mrf-link=\"https:\/\/www.marca.com\/futbol\/athletic\/2025\/08\/15\/peio-canales-cedido-racing-santander.html\">Peio Canales<\/a><\/strong>* (Athletic),\u00a0<strong><a href=\"https:\/\/www.marca.com\/futbol\/racing-santander\/2025\/08\/28\/pablo-ramon-llega-racing-cedido-espanyol.html\" data-mrf-link=\"https:\/\/www.marca.com\/futbol\/racing-santander\/2025\/08\/28\/pablo-ramon-llega-racing-cedido-espanyol.html\">Pablo Ram\u00f3n<\/a><\/strong>* (Espanyol),\u00a0<strong><a href=\"https:\/\/www.marca.com\/futbol\/racing-santander\/2025\/09\/01\/gustavo-puerta-refuerza-centro-campo-racing.html\" data-mrf-link=\"https:\/\/www.marca.com\/futbol\/racing-santander\/2025\/09\/01\/gustavo-puerta-refuerza-centro-campo-racing.html\">Gustavo Puerta<\/a><\/strong>\u00a0(Bayer Leverkusen),\u00a0<strong><a href=\"https:\/\/www.marca.com\/futbol\/racing-santander\/2025\/09\/01\/facu-gonzalez-nuevo-defensa-racing.html\" data-mrf-link=\"https:\/\/www.marca.com\/futbol\/racing-santander\/2025\/09\/01\/facu-gonzalez-nuevo-defensa-racing.html\">Facu Gonz\u00e1lez<\/a><\/strong>* (Juventus)<\/p>\n<p class=\"ue-c-article__paragraph paragraph\" data-mrf-recirculation=\"Links P\u00e1rrafos\"><strong>BAJAS<\/strong>:\u00a0Karrikaburu**, Unai Vencedor**,\u00a0Meseguer**,\u00a0Rober Gonz\u00e1lez**, Pablo Rodr\u00edguez**,\u00a0Pol Moreno, Ekain, Lago Junior,\u00a0<a href=\"https:\/\/www.marca.com\/futbol\/racing-santander\/2025\/07\/29\/plamen-andreev-muro-bulgaro-inaugura-nuevo-racing.html\" data-mrf-link=\"https:\/\/www.marca.com\/futbol\/racing-santander\/2025\/07\/29\/plamen-andreev-muro-bulgaro-inaugura-nuevo-racing.html\">Miguel Parera<\/a>,\u00a0Neco Celorio*,\u00a0<a href=\"https:\/\/www.marca.com\/futbol\/racing-santander\/2025\/07\/29\/plamen-andreev-muro-bulgaro-inaugura-nuevo-racing.html\" data-mrf-link=\"https:\/\/www.marca.com\/futbol\/racing-santander\/2025\/07\/29\/plamen-andreev-muro-bulgaro-inaugura-nuevo-racing.html\">Marco Carrascal<\/a>,\u00a0<a href=\"https:\/\/www.marca.com\/futbol\/racing-santander\/2025\/08\/04\/montero-racing-separan-caminos-malaga-destino-central.html\" data-mrf-link=\"https:\/\/www.marca.com\/futbol\/racing-santander\/2025\/08\/04\/montero-racing-separan-caminos-malaga-destino-central.html\">Montero<\/a>,\u00a0<a href=\"https:\/\/www.marca.com\/futbol\/racing-santander\/2025\/08\/22\/oportuno-aviso-jose-alberto.html\" data-mrf-link=\"https:\/\/www.marca.com\/futbol\/racing-santander\/2025\/08\/22\/oportuno-aviso-jose-alberto.html\">Sa\u00fal Garc\u00eda<\/a><\/p>\n<figure class=\"ue-c-article__media ue-c-article__media--image\">\n<div class=\"ue-c-article__media-img-container ue-l-article--expand-edge-right-until-tablet ue-l-article--expand-edge-left-until-tablet\"><picture><source srcset=\"https:\/\/e00-xlk-ue-marca.uecdn.es\/files\/article_360_widen_webp\/uploads\/2025\/07\/07\/686beacb9417c.webp 360w,https:\/\/e00-xlk-ue-marca.uecdn.es\/files\/article_375_widen_webp\/uploads\/2025\/07\/07\/686beacb9417c.webp 375w,https:\/\/e00-xlk-ue-marca.uecdn.es\/files\/article_414_widen_webp\/uploads\/2025\/07\/07\/686beacb9417c.webp 414w,https:\/\/e00-xlk-ue-marca.uecdn.es\/files\/article_660_widen_webp\/uploads\/2025\/07\/07\/686beacb9417c.webp 660w,https:\/\/e00-xlk-ue-marca.uecdn.es\/files\/article_720_widen_webp\/uploads\/2025\/07\/07\/686beacb9417c.webp 720w,https:\/\/e00-xlk-ue-marca.uecdn.es\/files\/article_750_widen_webp\/uploads\/2025\/07\/07\/686beacb9417c.webp 750w,https:\/\/e00-xlk-ue-marca.uecdn.es\/files\/article_828_widen_webp\/uploads\/2025\/07\/07\/686beacb9417c.webp 828w,https:\/\/e00-xlk-ue-marca.uecdn.es\/files\/article_1320_widen_webp\/uploads\/2025\/07\/07\/686beacb9417c.webp 1320w\" type=\"image\/webp\" sizes=\"(min-width: 1010px) 660px, (min-width: 980px) calc(100vw - 350px), (min-width: 740px) calc(100vw - 320px), 100vw\" \/><source srcset=\"https:\/\/e00-xlk-ue-marca.uecdn.es\/files\/article_360_widen\/uploads\/2025\/07\/07\/686beacb9417c.jpeg 360w,https:\/\/e00-xlk-ue-marca.uecdn.es\/files\/article_375_widen\/uploads\/2025\/07\/07\/686beacb9417c.jpeg 375w,https:\/\/e00-xlk-ue-marca.uecdn.es\/files\/article_414_widen\/uploads\/2025\/07\/07\/686beacb9417c.jpeg 414w,https:\/\/e00-xlk-ue-marca.uecdn.es\/files\/article_660_widen\/uploads\/2025\/07\/07\/686beacb9417c.jpeg 660w,https:\/\/e00-xlk-ue-marca.uecdn.es\/files\/article_720_widen\/uploads\/2025\/07\/07\/686beacb9417c.jpeg 720w,https:\/\/e00-xlk-ue-marca.uecdn.es\/files\/article_750_widen\/uploads\/2025\/07\/07\/686beacb9417c.jpeg 750w,https:\/\/e00-xlk-ue-marca.uecdn.es\/files\/article_828_widen\/uploads\/2025\/07\/07\/686beacb9417c.jpeg 828w,https:\/\/e00-xlk-ue-marca.uecdn.es\/files\/article_1320_widen\/uploads\/2025\/07\/07\/686beacb9417c.jpeg 1320w\" type=\"image\/jpeg\" sizes=\"(min-width: 1010px) 660px, (min-width: 980px) calc(100vw - 350px), (min-width: 740px) calc(100vw - 320px), 100vw\" \/><img loading=\"lazy\" decoding=\"async\" class=\"ue-c-article__image lazyload\" src=\"https:\/\/e00-xlk-ue-marca.uecdn.es\/uploads\/2025\/07\/07\/686beacb9417c.jpeg\" alt=\"Sanse\" width=\"1320\" height=\"161\" \/><\/picture><\/div><figcaption class=\"ue-c-article__media-caption\">\n<div class=\"ue-c-article__media-caption-inner\"><\/div>\n<\/figcaption><\/figure>\n<p class=\"ue-c-article__paragraph paragraph\" data-mrf-recirculation=\"Links P\u00e1rrafos\"><strong>ALTAS<\/strong>:\u00a0Jakes Gorosabel** (Arenas),\u00a0Jon Ansotegi (m\u00edster), Dadie** (Mirand\u00e9s),\u00a0<strong><a href=\"https:\/\/www.marca.com\/futbol\/real-sociedad-b\/2025\/07\/23\/kazunari-kita-posa-txuriurdin.html\" data-mrf-link=\"https:\/\/www.marca.com\/futbol\/real-sociedad-b\/2025\/07\/23\/kazunari-kita-posa-txuriurdin.html\">Kazunari Kita*<\/a><\/strong>\u00a0(Kyoto Sanga)<\/p>\n<p class=\"ue-c-article__paragraph paragraph\" data-mrf-recirculation=\"Links P\u00e1rrafos\"><strong>BAJAS<\/strong>:\u00a0Mikel Goti,\u00a0Jon Merino, Gorrotxa,\u00a0<a href=\"https:\/\/www.marca.com\/futbol\/real-sociedad-b\/2025\/06\/30\/sanse-confirma-bajas-guibelalde-eder-garcia-jugaran-bilbao-athletic.html\" data-mrf-link=\"https:\/\/www.marca.com\/futbol\/real-sociedad-b\/2025\/06\/30\/sanse-confirma-bajas-guibelalde-eder-garcia-jugaran-bilbao-athletic.html\">Eder Garc\u00eda<\/a>,\u00a0<a href=\"https:\/\/www.marca.com\/futbol\/real-sociedad-b\/2025\/06\/30\/sanse-confirma-bajas-guibelalde-eder-garcia-jugaran-bilbao-athletic.html\" data-mrf-link=\"https:\/\/www.marca.com\/futbol\/real-sociedad-b\/2025\/06\/30\/sanse-confirma-bajas-guibelalde-eder-garcia-jugaran-bilbao-athletic.html\">Guibelalde<\/a><\/p>\n<figure class=\"ue-c-article__media ue-c-article__media--image\">\n<div class=\"ue-c-article__media-img-container ue-l-article--expand-edge-right-until-tablet ue-l-article--expand-edge-left-until-tablet\"><picture><source srcset=\"https:\/\/e00-xlk-ue-marca.uecdn.es\/files\/article_360_widen_webp\/uploads\/2025\/06\/02\/683dccd3be7ae.webp 360w,https:\/\/e00-xlk-ue-marca.uecdn.es\/files\/article_375_widen_webp\/uploads\/2025\/06\/02\/683dccd3be7ae.webp 375w,https:\/\/e00-xlk-ue-marca.uecdn.es\/files\/article_414_widen_webp\/uploads\/2025\/06\/02\/683dccd3be7ae.webp 414w,https:\/\/e00-xlk-ue-marca.uecdn.es\/files\/article_660_widen_webp\/uploads\/2025\/06\/02\/683dccd3be7ae.webp 660w,https:\/\/e00-xlk-ue-marca.uecdn.es\/files\/article_720_widen_webp\/uploads\/2025\/06\/02\/683dccd3be7ae.webp 720w,https:\/\/e00-xlk-ue-marca.uecdn.es\/files\/article_750_widen_webp\/uploads\/2025\/06\/02\/683dccd3be7ae.webp 750w,https:\/\/e00-xlk-ue-marca.uecdn.es\/files\/article_828_widen_webp\/uploads\/2025\/06\/02\/683dccd3be7ae.webp 828w,https:\/\/e00-xlk-ue-marca.uecdn.es\/files\/article_1320_widen_webp\/uploads\/2025\/06\/02\/683dccd3be7ae.webp 1320w\" type=\"image\/webp\" sizes=\"(min-width: 1010px) 660px, (min-width: 980px) calc(100vw - 350px), (min-width: 740px) calc(100vw - 320px), 100vw\" \/><source srcset=\"https:\/\/e00-xlk-ue-marca.uecdn.es\/files\/article_360_widen\/uploads\/2025\/06\/02\/683dccd3be7ae.png 360w,https:\/\/e00-xlk-ue-marca.uecdn.es\/files\/article_375_widen\/uploads\/2025\/06\/02\/683dccd3be7ae.png 375w,https:\/\/e00-xlk-ue-marca.uecdn.es\/files\/article_414_widen\/uploads\/2025\/06\/02\/683dccd3be7ae.png 414w,https:\/\/e00-xlk-ue-marca.uecdn.es\/files\/article_660_widen\/uploads\/2025\/06\/02\/683dccd3be7ae.png 660w,https:\/\/e00-xlk-ue-marca.uecdn.es\/files\/article_720_widen\/uploads\/2025\/06\/02\/683dccd3be7ae.png 720w,https:\/\/e00-xlk-ue-marca.uecdn.es\/files\/article_750_widen\/uploads\/2025\/06\/02\/683dccd3be7ae.png 750w,https:\/\/e00-xlk-ue-marca.uecdn.es\/files\/article_828_widen\/uploads\/2025\/06\/02\/683dccd3be7ae.png 828w,https:\/\/e00-xlk-ue-marca.uecdn.es\/files\/article_1320_widen\/uploads\/2025\/06\/02\/683dccd3be7ae.png 1320w\" type=\"image\/png\" sizes=\"(min-width: 1010px) 660px, (min-width: 980px) calc(100vw - 350px), (min-width: 740px) calc(100vw - 320px), 100vw\" \/><img loading=\"lazy\" decoding=\"async\" class=\"ue-c-article__image lazyload\" src=\"https:\/\/e00-xlk-ue-marca.uecdn.es\/uploads\/2025\/06\/02\/683dccd3be7ae.png\" alt=\"Sporting\" width=\"1320\" height=\"160\" \/><\/picture><\/div><figcaption class=\"ue-c-article__media-caption\">\n<div class=\"ue-c-article__media-caption-inner\"><\/div>\n<\/figcaption><\/figure>\n<p class=\"ue-c-article__paragraph paragraph\" data-mrf-recirculation=\"Links P\u00e1rrafos\"><strong>ALTAS<\/strong>: Uros Milovanovic** (Vizela),\u00a0\u00c1lex Lozano** (San Fernando),\u00a0<strong><a href=\"https:\/\/www.marca.com\/futbol\/sporting\/2025\/06\/17\/corredera-llega-gijon-firma-sporting-2028.html\" data-mrf-link=\"https:\/\/www.marca.com\/futbol\/sporting\/2025\/06\/17\/corredera-llega-gijon-firma-sporting-2028.html\">\u00c1lex Corredera<\/a><\/strong>\u00a0(Khimki),\u00a0<strong><a href=\"https:\/\/www.marca.com\/futbol\/sporting\/2025\/07\/07\/lucas-perrin-llega-gijon-desvincularse-hamburgo.html\" data-mrf-link=\"https:\/\/www.marca.com\/futbol\/sporting\/2025\/07\/07\/lucas-perrin-llega-gijon-desvincularse-hamburgo.html\">Perrin<\/a><\/strong>\u00a0(Hamburgo),\u00a0<strong><a href=\"https:\/\/www.marca.com\/futbol\/sporting\/2025\/07\/11\/sporting-ficha-propiedad-pablo-vazquez.html\" data-mrf-link=\"https:\/\/www.marca.com\/futbol\/sporting\/2025\/07\/11\/sporting-ficha-propiedad-pablo-vazquez.html\">Pablo V\u00e1zquez<\/a><\/strong>\u00a0(Deportivo),\u00a0<strong><a href=\"https:\/\/www.marca.com\/futbol\/sporting\/2025\/07\/18\/justin-smith-centrocampista-francocanadiense-sporting.html\" data-mrf-link=\"https:\/\/www.marca.com\/futbol\/sporting\/2025\/07\/18\/justin-smith-centrocampista-francocanadiense-sporting.html\">Justin Smith<\/a><\/strong>* (Espanyol),\u00a0<strong><a href=\"https:\/\/www.marca.com\/futbol\/sporting\/2025\/08\/12\/mamadou-loum-gijon.html\" data-mrf-link=\"https:\/\/www.marca.com\/futbol\/sporting\/2025\/08\/12\/mamadou-loum-gijon.html\">Loum\u00a0<\/a><\/strong>(Arouca),\u00a0<strong><a href=\"https:\/\/www.marca.com\/futbol\/sporting\/2025\/08\/30\/sporting-completa-ataque-colombiano-oscar-cortes.html\" data-mrf-link=\"https:\/\/www.marca.com\/futbol\/sporting\/2025\/08\/30\/sporting-completa-ataque-colombiano-oscar-cortes.html\">\u00d3scar Cort\u00e9s<\/a>*<\/strong>\u00a0(Rangers)<\/p>\n<p class=\"ue-c-article__paragraph paragraph\" data-mrf-recirculation=\"Links P\u00e1rrafos\"><strong>BAJAS<\/strong>:\u00a0<a href=\"https:\/\/www.marca.com\/futbol\/sporting\/2025\/05\/21\/ultimo-baile-cote-salon-casa.html\" data-mrf-link=\"https:\/\/www.marca.com\/futbol\/sporting\/2025\/05\/21\/ultimo-baile-cote-salon-casa.html\">Cote<\/a>,\u00a0<a href=\"https:\/\/www.marca.com\/futbol\/eibar\/2025\/06\/16\/lander-olaetxea-primer-fichaje-eibar.html\" data-mrf-link=\"https:\/\/www.marca.com\/futbol\/eibar\/2025\/06\/16\/lander-olaetxea-primer-fichaje-eibar.html\">Olaetxea<\/a>, Maras**, Dotor**,\u00a0Nico Serrano**,\u00a0<a href=\"https:\/\/www.marca.com\/futbol\/sporting\/2025\/06\/16\/rober-pier-despide-sporting-mexico-fichara-atlas.html\" data-mrf-link=\"https:\/\/www.marca.com\/futbol\/sporting\/2025\/06\/16\/rober-pier-despide-sporting-mexico-fichara-atlas.html\">R\u00f3ber Pier<\/a>,\u00a0<a href=\"https:\/\/www.marca.com\/futbol\/sporting\/2025\/06\/30\/sporting-firma-propiedad-cesar-gelabert.html\" data-mrf-link=\"https:\/\/www.marca.com\/futbol\/sporting\/2025\/06\/30\/sporting-firma-propiedad-cesar-gelabert.html\">Nacho M\u00e9ndez<\/a>,\u00a0<a href=\"https:\/\/www.marca.com\/futbol\/sporting\/2025\/06\/10\/sporting-acelera-fichar-alex-corredera.html\" data-mrf-link=\"https:\/\/www.marca.com\/futbol\/sporting\/2025\/06\/10\/sporting-acelera-fichar-alex-corredera.html\">Campuzano<\/a><\/p>\n<figure class=\"ue-c-article__media ue-c-article__media--image\">\n<div class=\"ue-c-article__media-img-container ue-l-article--expand-edge-right-until-tablet ue-l-article--expand-edge-left-until-tablet\"><picture><source srcset=\"https:\/\/e00-xlk-ue-marca.uecdn.es\/files\/article_360_widen_webp\/uploads\/2025\/06\/02\/683de2be52264.webp 360w,https:\/\/e00-xlk-ue-marca.uecdn.es\/files\/article_375_widen_webp\/uploads\/2025\/06\/02\/683de2be52264.webp 375w,https:\/\/e00-xlk-ue-marca.uecdn.es\/files\/article_414_widen_webp\/uploads\/2025\/06\/02\/683de2be52264.webp 414w,https:\/\/e00-xlk-ue-marca.uecdn.es\/files\/article_660_widen_webp\/uploads\/2025\/06\/02\/683de2be52264.webp 660w,https:\/\/e00-xlk-ue-marca.uecdn.es\/files\/article_720_widen_webp\/uploads\/2025\/06\/02\/683de2be52264.webp 720w,https:\/\/e00-xlk-ue-marca.uecdn.es\/files\/article_750_widen_webp\/uploads\/2025\/06\/02\/683de2be52264.webp 750w,https:\/\/e00-xlk-ue-marca.uecdn.es\/files\/article_828_widen_webp\/uploads\/2025\/06\/02\/683de2be52264.webp 828w,https:\/\/e00-xlk-ue-marca.uecdn.es\/files\/article_1320_widen_webp\/uploads\/2025\/06\/02\/683de2be52264.webp 1320w\" type=\"image\/webp\" sizes=\"(min-width: 1010px) 660px, (min-width: 980px) calc(100vw - 350px), (min-width: 740px) calc(100vw - 320px), 100vw\" \/><source srcset=\"https:\/\/e00-xlk-ue-marca.uecdn.es\/files\/article_360_widen\/uploads\/2025\/06\/02\/683de2be52264.jpeg 360w,https:\/\/e00-xlk-ue-marca.uecdn.es\/files\/article_375_widen\/uploads\/2025\/06\/02\/683de2be52264.jpeg 375w,https:\/\/e00-xlk-ue-marca.uecdn.es\/files\/article_414_widen\/uploads\/2025\/06\/02\/683de2be52264.jpeg 414w,https:\/\/e00-xlk-ue-marca.uecdn.es\/files\/article_660_widen\/uploads\/2025\/06\/02\/683de2be52264.jpeg 660w,https:\/\/e00-xlk-ue-marca.uecdn.es\/files\/article_720_widen\/uploads\/2025\/06\/02\/683de2be52264.jpeg 720w,https:\/\/e00-xlk-ue-marca.uecdn.es\/files\/article_750_widen\/uploads\/2025\/06\/02\/683de2be52264.jpeg 750w,https:\/\/e00-xlk-ue-marca.uecdn.es\/files\/article_828_widen\/uploads\/2025\/06\/02\/683de2be52264.jpeg 828w,https:\/\/e00-xlk-ue-marca.uecdn.es\/files\/article_1320_widen\/uploads\/2025\/06\/02\/683de2be52264.jpeg 1320w\" type=\"image\/jpeg\" sizes=\"(min-width: 1010px) 660px, (min-width: 980px) calc(100vw - 350px), (min-width: 740px) calc(100vw - 320px), 100vw\" \/><img loading=\"lazy\" decoding=\"async\" class=\"ue-c-article__image lazyload\" src=\"https:\/\/e00-xlk-ue-marca.uecdn.es\/uploads\/2025\/06\/02\/683de2be52264.jpeg\" alt=\"Valladolid\" width=\"1320\" height=\"161\" \/><\/picture><\/div><figcaption class=\"ue-c-article__media-caption\">\n<div class=\"ue-c-article__media-caption-inner\"><\/div>\n<\/figcaption><\/figure>\n<p class=\"ue-c-article__paragraph paragraph\" data-mrf-recirculation=\"Links P\u00e1rrafos\"><strong>ALTAS<\/strong>: Biuk** (Hajduk Split),\u00a0Meseguer** (Racing Santander),\u00a0Aceves** (Eldense),\u00a0<strong><a href=\"https:\/\/www.marca.com\/futbol\/valladolid\/2025\/07\/07\/valladolid-apuesta-uruguayo-guillermo-almada-banquillo.html\" data-mrf-link=\"https:\/\/www.marca.com\/futbol\/valladolid\/2025\/07\/07\/valladolid-apuesta-uruguayo-guillermo-almada-banquillo.html\">Guillermo Almada<\/a><\/strong>\u00a0(Pachuca),\u00a0<strong><a href=\"https:\/\/www.marca.com\/futbol\/valladolid\/2025\/07\/09\/alejo-guilherme-primeros-fichajes-nuevo-real-valladolid.html\" data-mrf-link=\"https:\/\/www.marca.com\/futbol\/valladolid\/2025\/07\/09\/alejo-guilherme-primeros-fichajes-nuevo-real-valladolid.html\">Iv\u00e1n Alejo\u00a0<\/a><\/strong>(Apoel Nicosia),\u00a0<strong><a href=\"https:\/\/www.marca.com\/futbol\/valladolid\/2025\/07\/09\/alejo-guilherme-primeros-fichajes-nuevo-real-valladolid.html\" data-mrf-link=\"https:\/\/www.marca.com\/futbol\/valladolid\/2025\/07\/09\/alejo-guilherme-primeros-fichajes-nuevo-real-valladolid.html\">Guilherme<\/a><\/strong>* (Betis),\u00a0<strong><a href=\"https:\/\/www.marca.com\/futbol\/valladolid\/2025\/07\/16\/tomeo-inicia-cambio-ciclo-defensa-real-valladolid.html\" data-mrf-link=\"https:\/\/www.marca.com\/futbol\/valladolid\/2025\/07\/16\/tomeo-inicia-cambio-ciclo-defensa-real-valladolid.html\">Tomeo<\/a><\/strong>\u00a0(Mirand\u00e9s),\u00a0<strong><a href=\"https:\/\/www.marca.com\/futbol\/valladolid\/2025\/07\/18\/barcelona-vende-trilli-valladolid.html\" data-mrf-link=\"https:\/\/www.marca.com\/futbol\/valladolid\/2025\/07\/18\/barcelona-vende-trilli-valladolid.html\">Trilli<\/a><\/strong>\u00a0(Bar\u00e7a),\u00a0<strong><a href=\"https:\/\/www.marca.com\/futbol\/valladolid\/2025\/07\/20\/bueno-valladolid-lateral-firma-2028.html\" data-mrf-link=\"https:\/\/www.marca.com\/futbol\/valladolid\/2025\/07\/20\/bueno-valladolid-lateral-firma-2028.html\">Guille Bueno<\/a><\/strong>\u00a0(Borussia Dortmund),\u00a0<strong><a href=\"https:\/\/www.marca.com\/futbol\/valladolid\/2025\/07\/19\/valladolid-ficha-ponceau-llega-libre-ascender-ligue-1.html\" data-mrf-link=\"https:\/\/www.marca.com\/futbol\/valladolid\/2025\/07\/19\/valladolid-ficha-ponceau-llega-libre-ascender-ligue-1.html\">Ponceau<\/a><\/strong>\u00a0(Lorient),\u00a0<strong><a href=\"https:\/\/www.marca.com\/futbol\/valladolid\/2025\/08\/01\/siguiente-fichaje-valladolid-sera-marroqui-jaouab.html\" data-mrf-link=\"https:\/\/www.marca.com\/futbol\/valladolid\/2025\/08\/01\/siguiente-fichaje-valladolid-sera-marroqui-jaouab.html\">Mohamed Jaouab<\/a><\/strong>\u00a0(Stade Rennes),\u00a0<strong><a href=\"https:\/\/www.marca.com\/futbol\/valladolid\/2025\/08\/30\/lachuer-fichaje-clave-medular-valladolid.html\" data-mrf-link=\"https:\/\/www.marca.com\/futbol\/valladolid\/2025\/08\/30\/lachuer-fichaje-clave-medular-valladolid.html\">Lachuer\u00a0<\/a><\/strong>(Mirand\u00e9s),\u00a0<strong><a href=\"https:\/\/www.marca.com\/futbol\/valladolid\/2025\/09\/01\/llegan-peter-federico-sergi-canos-marchan-amallah-nikitscher.html\" data-mrf-link=\"https:\/\/www.marca.com\/futbol\/valladolid\/2025\/09\/01\/llegan-peter-federico-sergi-canos-marchan-amallah-nikitscher.html\">Peter Federico<\/a><\/strong>* (Getafe),\u00a0<strong><a href=\"https:\/\/www.marca.com\/futbol\/valladolid\/2025\/09\/01\/llegan-peter-federico-sergi-canos-marchan-amallah-nikitscher.html\" data-mrf-link=\"https:\/\/www.marca.com\/futbol\/valladolid\/2025\/09\/01\/llegan-peter-federico-sergi-canos-marchan-amallah-nikitscher.html\">Sergi Can\u00f3s<\/a><\/strong>* (Valencia)<\/p>\n<p class=\"ue-c-article__paragraph paragraph\" data-mrf-recirculation=\"Links P\u00e1rrafos\"><strong>BAJAS<\/strong>:\u00a0<a href=\"https:\/\/www.marca.com\/futbol\/valladolid\/2025\/05\/20\/real-valladolid-cede-kenedy-pachuca.html\" data-mrf-link=\"https:\/\/www.marca.com\/futbol\/valladolid\/2025\/05\/20\/real-valladolid-cede-kenedy-pachuca.html\">Robert Kenedy<\/a>*,\u00a0Aznou**,\u00a0<a href=\"https:\/\/www.marca.com\/futbol\/ceuta\/2025\/06\/27\/anuar-acepta-reto-liderara-ceuta-regreso-segunda-division.html\" data-mrf-link=\"https:\/\/www.marca.com\/futbol\/ceuta\/2025\/06\/27\/anuar-acepta-reto-liderara-ceuta-regreso-segunda-division.html\">Anuar<\/a>, Luis P\u00e9rez,\u00a0<a href=\"https:\/\/www.marca.com\/futbol\/valladolid\/2025\/07\/21\/andre-ferreira-valladolid.html\" data-mrf-link=\"https:\/\/www.marca.com\/futbol\/valladolid\/2025\/07\/21\/andre-ferreira-valladolid.html\">Iv\u00e1n S\u00e1nchez<\/a>, Candela**, Florian Grillitsch**, Cenk \u00d6zkacar** y\u00a0C\u00f6mert**,\u00a0Karl Hein**,\u00a0Mario Mart\u00edn**,\u00a0Aidoo**, Arnau Raf\u00fas, Darwin Machis, Ra\u00fal Moro,\u00a0<a href=\"https:\/\/www.marca.com\/futbol\/valladolid\/2025\/07\/21\/andre-ferreira-valladolid.html\" data-mrf-link=\"https:\/\/www.marca.com\/futbol\/valladolid\/2025\/07\/21\/andre-ferreira-valladolid.html\">Andr\u00e9 Ferreira<\/a>,\u00a0<a href=\"https:\/\/www.marca.com\/futbol\/valladolid\/2025\/08\/22\/sylla-jugador-valladolid-pone-rumbo-arabia-saudi.html\" data-mrf-link=\"https:\/\/www.marca.com\/futbol\/valladolid\/2025\/08\/22\/sylla-jugador-valladolid-pone-rumbo-arabia-saudi.html\">Mamadou Sylla<\/a>,\u00a0<a href=\"https:\/\/www.marca.com\/futbol\/valladolid\/2025\/09\/01\/llegan-peter-federico-sergi-canos-marchan-amallah-nikitscher.html\" data-mrf-link=\"https:\/\/www.marca.com\/futbol\/valladolid\/2025\/09\/01\/llegan-peter-federico-sergi-canos-marchan-amallah-nikitscher.html\">Selim Amallah<\/a>,\u00a0<a href=\"https:\/\/www.marca.com\/futbol\/valladolid\/2025\/09\/01\/llegan-peter-federico-sergi-canos-marchan-amallah-nikitscher.html\" data-mrf-link=\"https:\/\/www.marca.com\/futbol\/valladolid\/2025\/09\/01\/llegan-peter-federico-sergi-canos-marchan-amallah-nikitscher.html\">Nikitscher<\/a><\/p>\n<figure class=\"ue-c-article__media ue-c-article__media--image\"><\/figure>\n<div class=\"midwidget-taboola\">\n<div id=\"taboola-mid-article-mca-oc-1756794985547\" class=\"taboola-mid-article-widget trc_related_container tbl-trecs-container trc_spotlight_widget trc_elastic trc_elastic_organic-thumbnails-d-2x1\" data-placement-name=\"Mid Article-MCA-OC\" data-mrf-recirculation=\"Taboola Mid Article Widget\">\n<div class=\"trc_rbox_container\">\n<div id=\"trc_wrapper_9311994241\" class=\"trc_rbox organic-thumbnails-d-2x1 trc-content-hybrid\">\n<div id=\"outer_9311994241\" class=\"trc_rbox_outer\">\n<div id=\"rbox-t2m\" class=\"trc_rbox_div trc_rbox_border_elm\">\n<div id=\"internal_trc_9311994241\">\n<div class=\"videoCube trc_spotlight_item origin-default videoItem thumbnail_start videoCube_2_child inNetworkItem syndicatedItem trc_excludable\" data-item-id=\"~~V1~~-5821420570713349380~~6G9_MSf1jkAaw_JlO6R8LXPJlkKgGRush2gQVxojyhXdqiiCa0jSfyJ1ij032HIM2l81nNL2NvgeTfpKH5DC_IWqKndcsC_a-45qhVD73qkpks9H3ygNcqp2LcpSHXmkePmhU-KFLrqIwkhJBL8JLk0vDGrsdo1gtYEVN58eQO6-E6nBD0rvURdYUAnX-nzRYLG_4h4jAEerZGeh5yfIehT63HmpbmEh9wHSwSZtGA0\" data-item-title=\"Laura Encina, experta en finanzas: &quot;Uno de los mitos m\u00e1s comunes es que &quot;el dinero es la ra\u00edz de todos los males&quot;, esta idea nos hace sentir culpa por desear prosperar&quot;\" data-item-thumb=\"https:\/\/e00-telva.uecdn.es\/assets\/multimedia\/imagenes\/2025\/08\/28\/17563776994713.jpg\" data-item-syndicated=\"true\" data-et-tbl-visible=\"true\" data-et-tbl-click=\"true\">\n<div class=\"trc_exclude_overlay trc_fade\"><\/div>\n<div class=\"trc_exclude_undo_btn\"><strong>BAJAS<\/strong>: Alberto Mar\u00ed**,\u00a0Enrique Clemente**,\u00a0Kervin Arriaga**,\u00a0Adu Ares**, Alberto Vaquero,\u00a0<a href=\"https:\/\/www.marca.com\/futbol\/zaragoza\/2025\/06\/18\/femenias-primera-rescision-contrato-zaragoza.html\" data-mrf-link=\"https:\/\/www.marca.com\/futbol\/zaragoza\/2025\/06\/18\/femenias-primera-rescision-contrato-zaragoza.html\">Joan Femen\u00edas<\/a>,\u00a0<a href=\"https:\/\/www.marca.com\/futbol\/zaragoza\/2025\/06\/20\/zaragoza-anuncia-renovara-jair-amador.html\" data-mrf-link=\"https:\/\/www.marca.com\/futbol\/zaragoza\/2025\/06\/20\/zaragoza-anuncia-renovara-jair-amador.html\">Jair Amador<\/a>,\u00a0<a href=\"https:\/\/www.marca.com\/futbol\/zaragoza\/2025\/06\/20\/liso-despide-zaragoza-emotiva-carta-pone-rumbo-getafe.html\" data-mrf-link=\"https:\/\/www.marca.com\/futbol\/zaragoza\/2025\/06\/20\/liso-despide-zaragoza-emotiva-carta-pone-rumbo-getafe.html\">Liso<\/a>,\u00a0<a href=\"https:\/\/www.marca.com\/futbol\/zaragoza\/2025\/06\/27\/zaragoza-confirma-adios-nieto.html\" data-mrf-link=\"https:\/\/www.marca.com\/futbol\/zaragoza\/2025\/06\/27\/zaragoza-confirma-adios-nieto.html\">Carlos Nieto<\/a>,\u00a0<a href=\"https:\/\/www.marca.com\/futbol\/zaragoza\/2025\/07\/03\/bernardo-vital-traspasado-jagiellonia-polaco.html\" data-mrf-link=\"https:\/\/www.marca.com\/futbol\/zaragoza\/2025\/07\/03\/bernardo-vital-traspasado-jagiellonia-polaco.html\">Bernardo Vital<\/a>,\u00a0Sergi Enrich,\u00a0<a href=\"https:\/\/www.marca.com\/futbol\/almeria\/2025\/07\/10\/marcos-luna-nuevo-jugador-almeria.html\" data-mrf-link=\"https:\/\/www.marca.com\/futbol\/almeria\/2025\/07\/10\/marcos-luna-nuevo-jugador-almeria.html\">Luna<\/a>, Llu\u00eds L\u00f3pez,\u00a0<a href=\"https:\/\/www.marca.com\/futbol\/zaragoza\/2025\/08\/05\/gori-gracia-deja-zaragoza-debutar-liga.html\" data-mrf-link=\"https:\/\/www.marca.com\/futbol\/zaragoza\/2025\/08\/05\/gori-gracia-deja-zaragoza-debutar-liga.html\">Gori Gracia<\/a>,\u00a0<a href=\"https:\/\/www.marca.com\/futbol\/zaragoza\/2025\/08\/16\/poussin-regresa-traspasado-pais-jugara-red-star-segunda.html\" data-mrf-link=\"https:\/\/www.marca.com\/futbol\/zaragoza\/2025\/08\/16\/poussin-regresa-traspasado-pais-jugara-red-star-segunda.html\">Gaetan Poussin<\/a>,\u00a0<a href=\"https:\/\/www.marca.com\/futbol\/zaragoza\/2025\/08\/20\/zaragoza-rompe-borge.html\" data-mrf-link=\"https:\/\/www.marca.com\/futbol\/zaragoza\/2025\/08\/20\/zaragoza-rompe-borge.html\">Borge<\/a>,\u00a0<a href=\"https:\/\/www.marca.com\/futbol\/cultural-leonesa\/2025\/08\/31\/ivan-calero-refuerza-defensa-cultural-leonesa.html\" data-mrf-link=\"https:\/\/www.marca.com\/futbol\/cultural-leonesa\/2025\/08\/31\/ivan-calero-refuerza-defensa-cultural-leonesa.html\">Iv\u00e1n Calero<\/a>,\u00a0<a href=\"https:\/\/www.marca.com\/futbol\/zaragoza\/2025\/08\/31\/zaragoza-traspasa-aketxe-marcha-jugar-malasia.html\" data-mrf-link=\"https:\/\/www.marca.com\/futbol\/zaragoza\/2025\/08\/31\/zaragoza-traspasa-aketxe-marcha-jugar-malasia.html\">Aketxe<\/a><\/div>\n<\/div>\n<\/div>\n<\/div>\n<\/div>\n<\/div>\n<\/div>\n<\/div>\n<\/div>\n<\/div>\n<\/figure>\n<\/div>\n<figure class=\"ue-c-article__media ue-c-article__media--image\"><\/figure>\n<\/div>\n<\/figure>\n<p class=\"ue-c-article__paragraph paragraph\" data-mrf-recirculation=\"Links P\u00e1rrafos\">Fuente: Marca<\/p>\n<\/div>\n<\/figure>\n<\/div>\n<\/figure>\n<\/div>\n<\/figure>\n<\/div>\n<\/figure>\n","protected":false},"excerpt":{"rendered":"<p>El Real Zaragoza baja la persiana con un docena de incorporaciones: Sebas Moyano, extremo Cordob\u00e9s que ha jugado las dos \u00faltimas temporadas en el Real Oviedo, Tachi, excentral del Mirand\u00e9s, el central serbio Radovanovic , el lateral zurdo Carlos Pomares, el extremo Paulino (Oviedo), Valery Fern\u00e1ndez (Girona), el guardameta cedido <a class=\"read-more\" href=\"https:\/\/principesdeparis.es\/principes\/asi-el-mercado-de-segunda\/\">Sigue leyendo<\/a><\/p>\n","protected":false},"author":2,"featured_media":20150,"comment_status":"open","ping_status":"open","sticky":false,"template":"","format":"standard","meta":{"footnotes":""},"categories":[13,1],"tags":[],"class_list":["post-19616","post","type-post","status-publish","format-standard","has-post-thumbnail","hentry","category-publicidad","category-real-zaragoza"],"_links":{"self":[{"href":"https:\/\/principesdeparis.es\/principes\/wp-json\/wp\/v2\/posts\/19616","targetHints":{"allow":["GET"]}}],"collection":[{"href":"https:\/\/principesdeparis.es\/principes\/wp-json\/wp\/v2\/posts"}],"about":[{"href":"https:\/\/principesdeparis.es\/principes\/wp-json\/wp\/v2\/types\/post"}],"author":[{"embeddable":true,"href":"https:\/\/principesdeparis.es\/principes\/wp-json\/wp\/v2\/users\/2"}],"replies":[{"embeddable":true,"href":"https:\/\/principesdeparis.es\/principes\/wp-json\/wp\/v2\/comments?post=19616"}],"version-history":[{"count":35,"href":"https:\/\/principesdeparis.es\/principes\/wp-json\/wp\/v2\/posts\/19616\/revisions"}],"predecessor-version":[{"id":20149,"href":"https:\/\/principesdeparis.es\/principes\/wp-json\/wp\/v2\/posts\/19616\/revisions\/20149"}],"wp:featuredmedia":[{"embeddable":true,"href":"https:\/\/principesdeparis.es\/principes\/wp-json\/wp\/v2\/media\/20150"}],"wp:attachment":[{"href":"https:\/\/principesdeparis.es\/principes\/wp-json\/wp\/v2\/media?parent=19616"}],"wp:term":[{"taxonomy":"category","embeddable":true,"href":"https:\/\/principesdeparis.es\/principes\/wp-json\/wp\/v2\/categories?post=19616"},{"taxonomy":"post_tag","embeddable":true,"href":"https:\/\/principesdeparis.es\/principes\/wp-json\/wp\/v2\/tags?post=19616"}],"curies":[{"name":"wp","href":"https:\/\/api.w.org\/{rel}","templated":true}]}}