{"id":19628,"date":"2025-07-05T11:30:56","date_gmt":"2025-07-05T11:30:56","guid":{"rendered":"https:\/\/principesdeparis.es\/principes\/?p=19628"},"modified":"2025-07-05T11:30:56","modified_gmt":"2025-07-05T11:30:56","slug":"la-mala-lectura-de-los-centrales","status":"publish","type":"post","link":"https:\/\/principesdeparis.es\/principes\/la-mala-lectura-de-los-centrales\/","title":{"rendered":"La mala lectura de los centrales"},"content":{"rendered":"<p style=\"text-align: center;\"><strong>El Real Zaragoza necesita muchos y buenos jugadores para esa zona defensiva, pero es un equipo con enormes vaci\u00f3 en la medular y en ataque, algo que parece haber quedado en segundo plano<\/strong><\/p>\n<p>Txema Indias ha atacado la enfermedad yendo al centro neur\u00e1lgico del problema, una defensa y sobre todo un eje central de la misma que hizo aguas durante la temporada completa. Todo el mundo est\u00e1 de acuerdo y encantado con el cambio global de protagonistas, con las salidas de Jair, Vital, Clemente y la casi segura de Kosa, sin que se entienda muy bien para qu\u00e9 se otorga una pr\u00f3rroga a Llu\u00eds L\u00f3pez, de igual o peor nivel que sus compa\u00f1eros. Quiz\u00e1s esa carta en la manga sea de previsi\u00f3n, por si el mercado se pone tenso y la falta de recursos econ\u00f3micos obliga a seguir contando con el catal\u00e1n, una opci\u00f3n que hace sospechar que hay l\u00edmites para la reconstrucci\u00f3n de la zona cero del Real Zaragoza. El foco se ha puesto en el lugar correcto; la luz, est\u00e1 por ver cuando empiecen a llegar los fichajes. Sin embargo, el conjunto aragon\u00e9s es un paciente con muchas m\u00e1s patolog\u00edas, entre ellas las pocas condiciones defensivas de los que siguen con contrato, acentuadas por la imposibilidad de contratar a Arriaga, un futbolista cicl\u00f3peo que echaba cemento entre tanta grieta.<\/p>\n<p>El Real Zaragoza de este futuro que comienza el 11 de julio con la pretemporada necesita bastante m\u00e1s que la concentraci\u00f3n de esfuerzos para solucionar los desarreglos del n\u00facleo de su zaga. Sea para alcanzar los 50 puntos cuanto antes o para entrar de chiripa entre los seis mejores. Los laterales tambi\u00e9n hay que atenderlos y no con menos inter\u00e9s. Por la derecha, Gabi no se f\u00eda de Calero ni de Luna, este \u00faltimo camino del Almer\u00eda, con el prometedor Juan Sebasti\u00e1n pujando por la titularidad a poco que se esmere. En la izquierda se ha ido Nieto, testimonial el pasado curso, y se ha quedado s\u00f3lo Tasende, a\u00fan resolviendo en su personalidad deportiva si es lateral, carrilero o extremo, con evidentes lagunas en la que deber\u00eda ser su funci\u00f3n principal a favor de un buen asistente. Indias y el entrenador tienen faena para sembrar en un jard\u00edn con considerable maleza.<\/p>\n<p>As\u00ed, el centro del campo y la delantera han quedado en un aparente segundo plano cuando resulta que muestra enormes vac\u00edos y una cantidad considerable de futbolistas bajo sospecha a los que se espera reanimar en gran parte con actos de fe y, por supuesto, porque est\u00e1n en n\u00f3mina y no se puede soportar una purga con indemnizaciones de por medio. Se creen recuperables por ejemplo Toni Moya y Ager Aketxe, dos futbolistas que nunca han sido la alegr\u00eda de la huerta, que campan por el campo sin el temperamento adecuado y sin los registros que exige adem\u00e1s la Segunda Divisi\u00f3n. Ni a bal\u00f3n parado, sus fuertes, son constantes. En Kedi Bare y Ra\u00fal Guti se comprende la confianza, si bien, \u00bfhasta d\u00f3nde les dar\u00e1 sus f\u00edsicos, precisamente su mejor argumento? Es una duda razonable a despejar con el tiempo. Queda Francho, a quien se le ha entregado la bandera sentimental y la de un liderazgo que por car\u00e1cter no tiene. Es un profesional encomiable y un esforzado de las rutas. Tambi\u00e9n el nexo de uni\u00f3n con la tierra, cada vez menos representada en la plantilla. De ah\u00ed a ponerle al frente de la tropa&#8230; A la medular le falta masa \u00f3sea.<\/p>\n<p>En ataque hay gente de sobra. \u00bfCu\u00e1nta fiable? La inexplicable cesi\u00f3n de Liso al Getafe ha acabado con la casta de los extremos naturales, al menos con los que disponen de registros para actuar muy por fuera. La pieza ofensiva m\u00e1s valiosa es Mario Sober\u00f3n, m\u00e1rtir de las lesiones que se convirti\u00f3 el pichichi con diez goles. Dani G\u00f3mez s\u00f3lo es un punta de acompa\u00f1amiento, y Pau Sans sin duda representa la esperanza. De Bazdar, con el talento en el refrigerador, se espera que en su segunda experiencia en el Real Zaragoza muestre una mayor adaptaci\u00f3n y una actitud menos adolescente, un doble reto que genera dudas porque su talante no parece precisamente evolutivo. O madura o continuar\u00e1 dejando s\u00f3lo una perla cada veinte jornadas. Se echan de menos un par de atacantes: uno que aporte velocidad y desborde y otro que colabore con Sober\u00f3n con id\u00e9ntica o superior puntualidad realizadora. La lectura de los centrales es buena por cierta y mala porque restringe una perspectiva m\u00e1s universal de los conflictos generales del equipo.<\/p>\n","protected":false},"excerpt":{"rendered":"<p>El Real Zaragoza necesita muchos y buenos jugadores para esa zona defensiva, pero es un equipo con enormes vaci\u00f3 en la medular y en ataque, algo que parece haber quedado en segundo plano Txema Indias ha atacado la enfermedad yendo al centro neur\u00e1lgico del problema, una defensa y sobre todo <a class=\"read-more\" href=\"https:\/\/principesdeparis.es\/principes\/la-mala-lectura-de-los-centrales\/\">Sigue leyendo<\/a><\/p>\n","protected":false},"author":2,"featured_media":19630,"comment_status":"open","ping_status":"open","sticky":false,"template":"","format":"standard","meta":{"footnotes":""},"categories":[13,1],"tags":[],"class_list":["post-19628","post","type-post","status-publish","format-standard","has-post-thumbnail","hentry","category-publicidad","category-real-zaragoza"],"_links":{"self":[{"href":"https:\/\/principesdeparis.es\/principes\/wp-json\/wp\/v2\/posts\/19628","targetHints":{"allow":["GET"]}}],"collection":[{"href":"https:\/\/principesdeparis.es\/principes\/wp-json\/wp\/v2\/posts"}],"about":[{"href":"https:\/\/principesdeparis.es\/principes\/wp-json\/wp\/v2\/types\/post"}],"author":[{"embeddable":true,"href":"https:\/\/principesdeparis.es\/principes\/wp-json\/wp\/v2\/users\/2"}],"replies":[{"embeddable":true,"href":"https:\/\/principesdeparis.es\/principes\/wp-json\/wp\/v2\/comments?post=19628"}],"version-history":[{"count":1,"href":"https:\/\/principesdeparis.es\/principes\/wp-json\/wp\/v2\/posts\/19628\/revisions"}],"predecessor-version":[{"id":19629,"href":"https:\/\/principesdeparis.es\/principes\/wp-json\/wp\/v2\/posts\/19628\/revisions\/19629"}],"wp:featuredmedia":[{"embeddable":true,"href":"https:\/\/principesdeparis.es\/principes\/wp-json\/wp\/v2\/media\/19630"}],"wp:attachment":[{"href":"https:\/\/principesdeparis.es\/principes\/wp-json\/wp\/v2\/media?parent=19628"}],"wp:term":[{"taxonomy":"category","embeddable":true,"href":"https:\/\/principesdeparis.es\/principes\/wp-json\/wp\/v2\/categories?post=19628"},{"taxonomy":"post_tag","embeddable":true,"href":"https:\/\/principesdeparis.es\/principes\/wp-json\/wp\/v2\/tags?post=19628"}],"curies":[{"name":"wp","href":"https:\/\/api.w.org\/{rel}","templated":true}]}}