{"id":19804,"date":"2025-07-31T12:41:56","date_gmt":"2025-07-31T12:41:56","guid":{"rendered":"https:\/\/principesdeparis.es\/principes\/?p=19804"},"modified":"2025-07-31T13:36:28","modified_gmt":"2025-07-31T13:36:28","slug":"pomares-un-jornalero-para-el-lateral-izquierdo","status":"publish","type":"post","link":"https:\/\/principesdeparis.es\/principes\/pomares-un-jornalero-para-el-lateral-izquierdo\/","title":{"rendered":"Pomares, un jornalero para el lateral izquierdo"},"content":{"rendered":"<p style=\"text-align: center;\"><strong>El defensa, de 32 a\u00f1os, llega al Real Zaragoza desde el Oviedo por una temporada despu\u00e9s de una carrera de constante trabajo para ser titular a trav\u00e9s de su fe en la preparaci\u00f3n f\u00edsica<\/strong><\/p>\n<p>Dani Tasende ya tiene con qui\u00e9n competir por una lateral izquierdo que fue un quebradero de cabeza durante la pasada temporada y que ya no cuenta con Carlos Nieto, a quien no se le renov\u00f3 y que apenas contaba para el equipo por sus problemas con las lesiones. El Real Zaragoza ha fichado a Carlos Pomares, un defensa valenciano de 32 a\u00f1os que firma por un a\u00f1o y que ha militado durante los tres \u00faltimos cursos en el Real Oviedo sin haber tenido un gran protagonismo. Se convierte as\u00ed en la cuarta adquisici\u00f3n del actual proyecto tras el tambi\u00e9n exazul\u00f3n Sebas Moyano, Tachi y Radonavovic, un futbolista que se ajusta por edad, coste, experiencia, nivel competitivo y recorrido en la categor\u00eda al perfil que persigue Txema Indias en la construcci\u00f3n de una plantilla curtida.<\/p>\n<p>Pomares es un jornalero en el amplio sentido de la palabra. Cada cent\u00edmetro de su carrera se lo ha tenido que ganar con trabajo y una dedicaci\u00f3n casi obsesiva por la preparaci\u00f3n f\u00edsica, aspecto que le seduce y al que tiene previsto dedicarse una vez cuelga las botas. Su camino comenz\u00f3 en Segunda B con el Hurac\u00e1n Valencia, el Barakaldo y el Lorca, club con el que ascendi\u00f3 a Segunda, territorio en el que se desenvolvi\u00f3 con el propio conjunto murciano, el Alcorc\u00f3n, el Tenerife y por \u00faltimo el Oviedo antes de desligarse de la entidad asturiana y firmar hoy con el equipo que entrena Gabi Fern\u00e1ndez.<\/p>\n<p class=\"txt\">Su vida deportiva, sin embargo, tuvo un episodio muy temprano que le marc\u00f3 en todos los aspectos, sobre todo en la forma de entender este mundo.\u00a0 Jugaba de cadete en el Alboraya, un equipo de Valencia. cuando el director deportivo del Sheffield United le vio en un entrenamiento y se lo llev\u00f3 a a Inglaterra en tres ocasiones. Al final se qued\u00f3 pero no pudo firmar por una cuesti\u00f3n de edad por el club de \u00a0Yorkshire del Sur hasta que cumpli\u00f3 los 16 a\u00f1os. Se entren\u00f3 con el primer equipo y particip\u00f3 en la final de la FA Cup Juvenil contra el Manchester United, con nada menos que Pogba como rival. De aquella cultura se qued\u00f3 sobre todo con la dedicaci\u00f3n a la parcela f\u00edsica.<\/p>\n<p class=\"txt\">\u00abPara m\u00ed, trabajar as\u00ed es el camino de rendir y estar al 100% en todo. \u00bfQue hay temporadas en las que parece que no va bien el tema? Pues s\u00ed. \u00bfQue hay d\u00edas en los que salgo a entrenar y me pesan las piernas diez kilos m\u00e1s que a mis compa\u00f1eros? Pues tambi\u00e9n\u00bb, reconoci\u00f3 en una entrevista en la que dec\u00eda que entrena m\u00e1s ahora que cuando ten\u00eda 21 a\u00f1os. A los 19 regres\u00f3 a Espa\u00f1a tras esa experiencia juvenil para labrarse un futuro ligado a la constancia, a no darse nunca por rendido como en el pulso que mantuvo por el puesto con \u00c1lex Mu\u00f1oz en\u00a0 el Tenerife, reparti\u00e9ndose ambos la titularidad casi a partes iguales. En la campa\u00f1a 2021-2022, la vista de los isle\u00f1os a La Romareda se sald\u00f3 con un 0-2 favorable al equipo que entrenaba Ramis. Pomares, un futbolista t\u00e1ctico y fiable con una t\u00e9cnica correcta, dio las dos asistencias, una a Elady y otra a Mollejo.<\/p>\n<article class=\"article-min art-min-thumb art-min-thumb-dk thumb-square\">\n<div class=\"figure a-min-media\">\n<div class=\"media ratio16-9\"><\/div>\n<\/div>\n<\/article>\n<blockquote class=\"twitter-tweet\"><p>\u270d \u00a1Principio de acuerdo con Carlos Pomares para la pr\u00f3xima temporada! <a href=\"https:\/\/t.co\/x7enMMrxtg\">pic.twitter.com\/x7enMMrxtg<\/a><\/p>\n<p>\u2014 Real Zaragoza (@RealZaragoza) <a href=\"https:\/\/twitter.com\/RealZaragoza\/status\/1950902513076404591?ref_src=twsrc%5Etfw\">July 31, 2025<\/a><\/p><\/blockquote>\n<p><script async src=\"https:\/\/platform.twitter.com\/widgets.js\" charset=\"utf-8\"><\/script><\/p>\n","protected":false},"excerpt":{"rendered":"<p>El defensa, de 32 a\u00f1os, llega al Real Zaragoza desde el Oviedo por una temporada despu\u00e9s de una carrera de constante trabajo para ser titular a trav\u00e9s de su fe en la preparaci\u00f3n f\u00edsica Dani Tasende ya tiene con qui\u00e9n competir por una lateral izquierdo que fue un quebradero de <a class=\"read-more\" href=\"https:\/\/principesdeparis.es\/principes\/pomares-un-jornalero-para-el-lateral-izquierdo\/\">Sigue leyendo<\/a><\/p>\n","protected":false},"author":2,"featured_media":19805,"comment_status":"open","ping_status":"open","sticky":false,"template":"","format":"standard","meta":{"footnotes":""},"categories":[13,1],"tags":[],"class_list":["post-19804","post","type-post","status-publish","format-standard","has-post-thumbnail","hentry","category-publicidad","category-real-zaragoza"],"_links":{"self":[{"href":"https:\/\/principesdeparis.es\/principes\/wp-json\/wp\/v2\/posts\/19804","targetHints":{"allow":["GET"]}}],"collection":[{"href":"https:\/\/principesdeparis.es\/principes\/wp-json\/wp\/v2\/posts"}],"about":[{"href":"https:\/\/principesdeparis.es\/principes\/wp-json\/wp\/v2\/types\/post"}],"author":[{"embeddable":true,"href":"https:\/\/principesdeparis.es\/principes\/wp-json\/wp\/v2\/users\/2"}],"replies":[{"embeddable":true,"href":"https:\/\/principesdeparis.es\/principes\/wp-json\/wp\/v2\/comments?post=19804"}],"version-history":[{"count":13,"href":"https:\/\/principesdeparis.es\/principes\/wp-json\/wp\/v2\/posts\/19804\/revisions"}],"predecessor-version":[{"id":19819,"href":"https:\/\/principesdeparis.es\/principes\/wp-json\/wp\/v2\/posts\/19804\/revisions\/19819"}],"wp:featuredmedia":[{"embeddable":true,"href":"https:\/\/principesdeparis.es\/principes\/wp-json\/wp\/v2\/media\/19805"}],"wp:attachment":[{"href":"https:\/\/principesdeparis.es\/principes\/wp-json\/wp\/v2\/media?parent=19804"}],"wp:term":[{"taxonomy":"category","embeddable":true,"href":"https:\/\/principesdeparis.es\/principes\/wp-json\/wp\/v2\/categories?post=19804"},{"taxonomy":"post_tag","embeddable":true,"href":"https:\/\/principesdeparis.es\/principes\/wp-json\/wp\/v2\/tags?post=19804"}],"curies":[{"name":"wp","href":"https:\/\/api.w.org\/{rel}","templated":true}]}}