{"id":19831,"date":"2025-08-02T18:25:45","date_gmt":"2025-08-02T18:25:45","guid":{"rendered":"https:\/\/principesdeparis.es\/principes\/?p=19831"},"modified":"2025-08-02T18:44:57","modified_gmt":"2025-08-02T18:44:57","slug":"radovanovic-debuta-en-un-once-competitivo","status":"publish","type":"post","link":"https:\/\/principesdeparis.es\/principes\/radovanovic-debuta-en-un-once-competitivo\/","title":{"rendered":"Radovanovic debuta en un once competitivo"},"content":{"rendered":"<p>El central serbio Radovanovic se estrena por fin con el Real Zaragoza en el amistoso de Tarazona despu\u00e9s de no haber ingresado en las citaciones contra el Deportivo Arag\u00f3n y el Mir\u00e1nd\u00e9s.\u00a0 El defensa debuta en una alineaci\u00f3n que, a estas alturas de la pretemporada, se puede considerar de lo m\u00e1s competitiva, con los tambi\u00e9n reci\u00e9n fichados Tachi, con quien formar\u00e1 pareja en el eje de la zaga, y Sebas Moyano, de nuevo de la partida en una l\u00ednea ofensiva liderada por Pau Sans, Bazdar y Sober\u00f3n. Calero y Tasende se ocupar\u00e1n los carriles mientras que el centro del campo lo comandan Moya y Keidi Bare. Dani G\u00f3mez se ha quedado fuera por por molestias en el cu\u00e1driceps, al igual que Kosa, reci\u00e9n operado de menisco, Juan Sebasti\u00e1n, Gori, Carbonell.<\/p>\n<p>Gabi Fern\u00e1ndez se toma muy en serio el tercer encuentro de preparaci\u00f3n contra un rival de 1\u00aa RFEF del que se espera bastante oposici\u00f3n y exigencia en el Municipal. El t\u00e9cnico, que ha dejado fuera de la convocatoria al lateral Carlos Pomares y que esta tarde ha recibido la noticia del quinto fichaje del nuevo proyecto, el c\u00e1ntabro Paulino de la Fuente, intentar\u00e1 que sus jugadores conserven la intensidad y la concentraci\u00f3n que les ha permitido ya no s\u00f3lo\u00a0 vencer en un par de compromisos accesibles sino, sobre todo, dejar inmaculada la porter\u00eda de Poussin.<\/p>\n<blockquote class=\"twitter-tweet\">\n<p dir=\"ltr\" lang=\"es\">1\ufe0f\u20e31\ufe0f\u20e3 Aqu\u00ed est\u00e1 el de hoy <a href=\"https:\/\/t.co\/WFUWJQTEkX\">pic.twitter.com\/WFUWJQTEkX<\/a><\/p>\n<p>\u2014 Real Zaragoza (@RealZaragoza) <a href=\"https:\/\/twitter.com\/RealZaragoza\/status\/1951707852374245402?ref_src=twsrc%5Etfw\">August 2, 2025<\/a><\/p><\/blockquote>\n<p><script async src=\"https:\/\/platform.twitter.com\/widgets.js\" charset=\"utf-8\"><\/script><\/p>\n<p>La alineaci\u00f3n del Tarazona<\/p>\n<blockquote class=\"twitter-tweet\">\n<p dir=\"ltr\" lang=\"es\">ALINEACI\u00d3N | Estos son los once futbolistas elegidos por Juanma Barrero ante el <a href=\"https:\/\/twitter.com\/RealZaragoza?ref_src=twsrc%5Etfw\">@RealZaragoza<\/a> <a href=\"https:\/\/t.co\/A9bssM7MOp\">pic.twitter.com\/A9bssM7MOp<\/a><\/p>\n<p>\u2014 S.D. Tarazona (@SDTarazona) <a href=\"https:\/\/twitter.com\/SDTarazona\/status\/1951708346354221072?ref_src=twsrc%5Etfw\">August 2, 2025<\/a><\/p><\/blockquote>\n<p><script async src=\"https:\/\/platform.twitter.com\/widgets.js\" charset=\"utf-8\"><\/script><\/p>\n","protected":false},"excerpt":{"rendered":"<p>El central serbio Radovanovic se estrena por fin con el Real Zaragoza en el amistoso de Tarazona despu\u00e9s de no haber ingresado en las citaciones contra el Deportivo Arag\u00f3n y el Mir\u00e1nd\u00e9s.\u00a0 El defensa debuta en una alineaci\u00f3n que, a estas alturas de la pretemporada, se puede considerar de lo <a class=\"read-more\" href=\"https:\/\/principesdeparis.es\/principes\/radovanovic-debuta-en-un-once-competitivo\/\">Sigue leyendo<\/a><\/p>\n","protected":false},"author":2,"featured_media":19833,"comment_status":"open","ping_status":"open","sticky":false,"template":"","format":"standard","meta":{"footnotes":""},"categories":[13,1],"tags":[],"class_list":["post-19831","post","type-post","status-publish","format-standard","has-post-thumbnail","hentry","category-publicidad","category-real-zaragoza"],"_links":{"self":[{"href":"https:\/\/principesdeparis.es\/principes\/wp-json\/wp\/v2\/posts\/19831","targetHints":{"allow":["GET"]}}],"collection":[{"href":"https:\/\/principesdeparis.es\/principes\/wp-json\/wp\/v2\/posts"}],"about":[{"href":"https:\/\/principesdeparis.es\/principes\/wp-json\/wp\/v2\/types\/post"}],"author":[{"embeddable":true,"href":"https:\/\/principesdeparis.es\/principes\/wp-json\/wp\/v2\/users\/2"}],"replies":[{"embeddable":true,"href":"https:\/\/principesdeparis.es\/principes\/wp-json\/wp\/v2\/comments?post=19831"}],"version-history":[{"count":9,"href":"https:\/\/principesdeparis.es\/principes\/wp-json\/wp\/v2\/posts\/19831\/revisions"}],"predecessor-version":[{"id":19842,"href":"https:\/\/principesdeparis.es\/principes\/wp-json\/wp\/v2\/posts\/19831\/revisions\/19842"}],"wp:featuredmedia":[{"embeddable":true,"href":"https:\/\/principesdeparis.es\/principes\/wp-json\/wp\/v2\/media\/19833"}],"wp:attachment":[{"href":"https:\/\/principesdeparis.es\/principes\/wp-json\/wp\/v2\/media?parent=19831"}],"wp:term":[{"taxonomy":"category","embeddable":true,"href":"https:\/\/principesdeparis.es\/principes\/wp-json\/wp\/v2\/categories?post=19831"},{"taxonomy":"post_tag","embeddable":true,"href":"https:\/\/principesdeparis.es\/principes\/wp-json\/wp\/v2\/tags?post=19831"}],"curies":[{"name":"wp","href":"https:\/\/api.w.org\/{rel}","templated":true}]}}