{"id":19853,"date":"2025-08-05T12:18:29","date_gmt":"2025-08-05T12:18:29","guid":{"rendered":"https:\/\/principesdeparis.es\/principes\/?p=19853"},"modified":"2025-08-05T13:09:26","modified_gmt":"2025-08-05T13:09:26","slug":"pomares-y-paulino-abogan-por-un-vestuario-unido","status":"publish","type":"post","link":"https:\/\/principesdeparis.es\/principes\/pomares-y-paulino-abogan-por-un-vestuario-unido\/","title":{"rendered":"Pomares y Paulino abogan por un vestuario unido"},"content":{"rendered":"<p><strong>CARLOS POMARES<\/strong><\/p>\n<p><strong>Un lateral polivalente:<\/strong> \u00abManejo bien casi todas las situaciones del f\u00fatbol. He hecho muchos papeles y me encuentro c\u00f3modo en todos ellos. Estoy a disposici\u00f3n de lo que quiera el m\u00edster dentro de este Real Zaragoza\u00bb.<\/p>\n<p><strong>Charla con Gabi:<\/strong> \u00abNo he tenido mucho tiempo para hablar nada profundo con \u00e9l. Ahora me enfoco en ponerme a tono f\u00edsico de los compa\u00f1eros, que han hecho un trabajo muy duro, e ir adquiriendo sus premisas\u00bb.<\/p>\n<p><strong>Qu\u00e9 ha visto para decidirse:<\/strong> \u00abLo que se ve desde fuera es que no ha tenido las gestiones indicadas para como avanza el f\u00fatbol en este \u00e9poca.\u00a0 La llegada de Indias ha demostrado que se van a dar pasos hacia delante porque, por referencia de jugadores que han negociado con \u00e9l, es un gran profesional. Eso lo valoro mucho, su forma de gestionar, ha sido uno de los motivos por los que he venido a este club que poco a poco dando los pasos correctos\u00bb.<\/p>\n<p><strong>Sebas Moyano:<\/strong> \u00abHa influido bastante porque es buena persona y en Oviedo le cog\u00ed cari\u00f1o porque jugaba delante m\u00edo y por su car\u00e1cter. Tiene cosas muy especiales para esta categor\u00eda. Con su alegr\u00eda para jugar, te da muchas cosas diferentes. Es un gran fichaje\u00bb.<\/p>\n<p><strong>El m\u00e1s veterano:<\/strong> \u00abNo tengo problema por meterme en ese rol de ayudar a lo m\u00e1s j\u00f3venes y ponerles en preaviso de lo que es esta categor\u00eda\u00bb.<\/p>\n<p><strong>Claves para estar arriba:<\/strong> \u00abLo primero, un buen vestuario. La palara ascender no me gusta porque muchos clubes lo persiguen. Luego debe haber una transmisi\u00f3n entre lo que dice el m\u00edster y lo que hagamos nosotros. Y que, sobre en ciudades de este tipo e historia, todo el mundo en la misma direcci\u00f3n\u00bb.<\/p>\n<p><strong>Objetivo:<\/strong> \u00abConseguir algo es consecuencia de otras muchas cosas. Lo primero es sentar las bases que te acercan a lo que todos quedemos. Dando palos de ciego no se llega a ning\u00fan lado\u00bb.<\/p>\n<p><strong>S\u00f3lo un a\u00f1o de contrato:<\/strong> \u00abTe lo marca el mercado. Ojal\u00e1 me quede mucho tiempo porque se necesita ese tiempo para conocer un club. Voy a a acelerar para ayudar lo m\u00e1ximo posible\u00bb.<\/p>\n<p><strong>Objetivos personales:<\/strong> \u00abTransmitir mi experiencia. A partir de ah\u00ed rendir lo m\u00e1ximo posible. Me gustar\u00eda que la aficion viniera a ayudarnos porque puede marcar el devenir de muchos partidos. Que se sientan part\u00edcipes de este a\u00f1o, que intentaremos que sea bonito\u00bb.<\/p>\n<p><strong>PAULINO<\/strong><\/p>\n<p><strong>Por qu\u00e9 el Real Zaragoza:<\/strong> \u00abFue muy r\u00e1pido. Desde que empezamos a hablar ha sido cuesti\u00f3n de pocos d\u00edas. Lo ten\u00eda muy claro al hablar por primera vez con el director deportivo. Era el sitio adecuado para m\u00ed.\u00a0 Es dif\u00edcil decir a un club como este que no. La confianza de Indias fue primordial. Cada segundo que pasa, estoy m\u00e1s convencido de que estoy en el lugar adecuado.\u00bb.<\/p>\n<p><strong>Excompa\u00f1eros:<\/strong> \u00abHa sido una parte muy importante el saber que hab\u00eda excompa\u00f1eros como Sebas y Pomares. Coincid\u00ed con Tachi, con Sober\u00f3n, con Moya y ese conocimiento de futbolistas se agradece cuando llegar a un lugar nuevo\u00bb.<\/p>\n<p><strong>Carrera irregular:<\/strong> \u00abEl ser importante o no depende de lo que hagas en el campo. En unos clubes lo he sido y en otros no. Ojal\u00e1 pueda demostrar aqu\u00ed esa regularidad que he tenido en otros equipos\u00bb.<\/p>\n<p><strong>Buen cabeceador:<\/strong> \u00abM di cuenta tarde. Me faltaba la ambici\u00f3n de querer llegar y con mucho empuje de los entrenadores he encontrado esa faceta que intento explotar\u00bb.<\/p>\n<p><strong>Ambiente:<\/strong> \u00abVeo un vestuario muy unido. Si eso funciona, adem\u00e1s de lo que aporta Gabi Fern\u00e1ndez, todo fluye mucho mejor\u00bb.<\/p>\n<p><strong>Posici\u00f3n:<\/strong> \u00abSiendo sincero, el mejor rendimiento ha sido al perfil derecho. Me gusta moverme mucho, soy muy inquieto, y puedo actuar incluso de 10\u00bb.<\/p>\n<p><strong>Claves para la temporada:<\/strong> \u00abEl grupo. Los dos venimos de coincidir con buenos jugadores y personas. Las ganas de competir, la rivalidad en los entrenamientos con batalla sana ayuda bastante. Eso te va a marcar mucho a lo largo de la competici\u00f3n\u00bb.<\/p>\n","protected":false},"excerpt":{"rendered":"<p>CARLOS POMARES Un lateral polivalente: \u00abManejo bien casi todas las situaciones del f\u00fatbol. He hecho muchos papeles y me encuentro c\u00f3modo en todos ellos. Estoy a disposici\u00f3n de lo que quiera el m\u00edster dentro de este Real Zaragoza\u00bb. Charla con Gabi: \u00abNo he tenido mucho tiempo para hablar nada profundo <a class=\"read-more\" href=\"https:\/\/principesdeparis.es\/principes\/pomares-y-paulino-abogan-por-un-vestuario-unido\/\">Sigue leyendo<\/a><\/p>\n","protected":false},"author":2,"featured_media":19859,"comment_status":"open","ping_status":"open","sticky":false,"template":"","format":"standard","meta":{"footnotes":""},"categories":[13,1],"tags":[],"class_list":["post-19853","post","type-post","status-publish","format-standard","has-post-thumbnail","hentry","category-publicidad","category-real-zaragoza"],"_links":{"self":[{"href":"https:\/\/principesdeparis.es\/principes\/wp-json\/wp\/v2\/posts\/19853","targetHints":{"allow":["GET"]}}],"collection":[{"href":"https:\/\/principesdeparis.es\/principes\/wp-json\/wp\/v2\/posts"}],"about":[{"href":"https:\/\/principesdeparis.es\/principes\/wp-json\/wp\/v2\/types\/post"}],"author":[{"embeddable":true,"href":"https:\/\/principesdeparis.es\/principes\/wp-json\/wp\/v2\/users\/2"}],"replies":[{"embeddable":true,"href":"https:\/\/principesdeparis.es\/principes\/wp-json\/wp\/v2\/comments?post=19853"}],"version-history":[{"count":2,"href":"https:\/\/principesdeparis.es\/principes\/wp-json\/wp\/v2\/posts\/19853\/revisions"}],"predecessor-version":[{"id":19860,"href":"https:\/\/principesdeparis.es\/principes\/wp-json\/wp\/v2\/posts\/19853\/revisions\/19860"}],"wp:featuredmedia":[{"embeddable":true,"href":"https:\/\/principesdeparis.es\/principes\/wp-json\/wp\/v2\/media\/19859"}],"wp:attachment":[{"href":"https:\/\/principesdeparis.es\/principes\/wp-json\/wp\/v2\/media?parent=19853"}],"wp:term":[{"taxonomy":"category","embeddable":true,"href":"https:\/\/principesdeparis.es\/principes\/wp-json\/wp\/v2\/categories?post=19853"},{"taxonomy":"post_tag","embeddable":true,"href":"https:\/\/principesdeparis.es\/principes\/wp-json\/wp\/v2\/tags?post=19853"}],"curies":[{"name":"wp","href":"https:\/\/api.w.org\/{rel}","templated":true}]}}