{"id":19862,"date":"2025-08-06T17:51:03","date_gmt":"2025-08-06T17:51:03","guid":{"rendered":"https:\/\/principesdeparis.es\/principes\/?p=19862"},"modified":"2025-08-06T18:26:09","modified_gmt":"2025-08-06T18:26:09","slug":"saidu-se-afianza-de-central","status":"publish","type":"post","link":"https:\/\/principesdeparis.es\/principes\/saidu-se-afianza-de-central\/","title":{"rendered":"Saidu se afianza de central"},"content":{"rendered":"<p>Sin los tocados Radovanovic y Keidi Bare y con Paulino de la Fuente a\u00fan deshaciendo las maletas tras su reciente llegada al Real Zaragoza, la gran novedad en la alineaci\u00f3n del conjunto aragon\u00e9s en su cuarto amistoso de la temporada es la de Saidu, que se afianza en los planes de Gabi Fern\u00e1ndez en esta fase de preparaci\u00f3n. El mediocentro, frente a la ausencia de jugadores en esa zona y por su notable rendimiento cuando ha sido requerido, repite de central en compa\u00f1\u00eda de Tachi (que ha sido siempre de la partida) contra el N\u00e1stic, otro rival de inferior categor\u00eda en esta pretemporada sin excesivas exigencias, mientras Txema Indias sigue inmerso en la construcci\u00f3n de una plantilla a la que a\u00fan la faltan piezas fundamentales. El equipo, en sus anteriores compromisos estivales, todos resueltos con victorias, juega todav\u00eda pendiente de cambiar su fisonom\u00eda y, sobre todo, de establecer un sello identidad reconocible que todav\u00eda no ha logrado.<\/p>\n<blockquote class=\"twitter-tweet\">\n<p dir=\"ltr\" lang=\"et\">Saidu, titular <a href=\"https:\/\/t.co\/0uDJB29gbw\">pic.twitter.com\/0uDJB29gbw<\/a><\/p>\n<p>\u2014 Real Zaragoza (@RealZaragoza) <a href=\"https:\/\/twitter.com\/RealZaragoza\/status\/1953152279869308995?ref_src=twsrc%5Etfw\">August 6, 2025<\/a><\/p><\/blockquote>\n<p><script async src=\"https:\/\/platform.twitter.com\/widgets.js\" charset=\"utf-8\"><\/script><\/p>\n<p>Poussin se ha recuperado de la brecha que sufri\u00f3 en Tarazona, y se ocupa de la porter\u00eda, donde se le busca compa\u00f1\u00eda en el mercado pero, por el momento, con cartel de indiscutible para el t\u00e9cnico. Regresa Juan Sebasti\u00e1n al lateral derecho, con Tasende en el otro costado, y descansa Moya para dejar su lugar a Francho en una medular con\u00a0 sabor aragon\u00e9s donde Ra\u00fal Guti tambi\u00e9n entra. Sebas Moyano. intocable para Gabi,\u00a0 y Aketxe por la derecha completan en centro del campo. Arriba repiten Sober\u00f3n y Bazdar, una sociedad que va cogiendo fuerza en la alineaci\u00f3n.<\/p>\n<blockquote class=\"twitter-tweet\">\n<p dir=\"ltr\" lang=\"en\">Nuestro<\/p>\n<p>1\ufe0f\u20e31\ufe0f\u20e3 <a href=\"https:\/\/t.co\/WiO1DFOtvM\">pic.twitter.com\/WiO1DFOtvM<\/a><\/p>\n<p>\u2014 Real Zaragoza (@RealZaragoza) <a href=\"https:\/\/twitter.com\/RealZaragoza\/status\/1953150375134958065?ref_src=twsrc%5Etfw\">August 6, 2025<\/a><\/p><\/blockquote>\n<p><script async src=\"https:\/\/platform.twitter.com\/widgets.js\" charset=\"utf-8\"><\/script><\/p>\n<p>La lineaci\u00f3n del N\u00e1stic<\/p>\n<blockquote class=\"twitter-tweet\">\n<p dir=\"ltr\" lang=\"ca\">\u26aa\ufe0f XI del N\u00e0stic pel XVI Trofeu Ciutat de Tarragona<a href=\"https:\/\/twitter.com\/hashtag\/N%C3%A0sticRealZaragoza?src=hash&amp;ref_src=twsrc%5Etfw\">#N\u00e0sticRealZaragoza<\/a><a href=\"https:\/\/twitter.com\/hashtag\/PretemporadaGrana?src=hash&amp;ref_src=twsrc%5Etfw\">#PretemporadaGrana<\/a> <a href=\"https:\/\/t.co\/ZL14WBkVgU\">pic.twitter.com\/ZL14WBkVgU<\/a><\/p>\n<p>\u2014 N\u00c0STIC DE TARRAGONA (@NASTICTARRAGONA) <a href=\"https:\/\/twitter.com\/NASTICTARRAGONA\/status\/1953148130922242413?ref_src=twsrc%5Etfw\">August 6, 2025<\/a><\/p><\/blockquote>\n<p><script async src=\"https:\/\/platform.twitter.com\/widgets.js\" charset=\"utf-8\"><\/script><\/p>\n","protected":false},"excerpt":{"rendered":"<p>Sin los tocados Radovanovic y Keidi Bare y con Paulino de la Fuente a\u00fan deshaciendo las maletas tras su reciente llegada al Real Zaragoza, la gran novedad en la alineaci\u00f3n del conjunto aragon\u00e9s en su cuarto amistoso de la temporada es la de Saidu, que se afianza en los planes <a class=\"read-more\" href=\"https:\/\/principesdeparis.es\/principes\/saidu-se-afianza-de-central\/\">Sigue leyendo<\/a><\/p>\n","protected":false},"author":2,"featured_media":19865,"comment_status":"open","ping_status":"open","sticky":false,"template":"","format":"standard","meta":{"footnotes":""},"categories":[13,1],"tags":[],"class_list":["post-19862","post","type-post","status-publish","format-standard","has-post-thumbnail","hentry","category-publicidad","category-real-zaragoza"],"_links":{"self":[{"href":"https:\/\/principesdeparis.es\/principes\/wp-json\/wp\/v2\/posts\/19862","targetHints":{"allow":["GET"]}}],"collection":[{"href":"https:\/\/principesdeparis.es\/principes\/wp-json\/wp\/v2\/posts"}],"about":[{"href":"https:\/\/principesdeparis.es\/principes\/wp-json\/wp\/v2\/types\/post"}],"author":[{"embeddable":true,"href":"https:\/\/principesdeparis.es\/principes\/wp-json\/wp\/v2\/users\/2"}],"replies":[{"embeddable":true,"href":"https:\/\/principesdeparis.es\/principes\/wp-json\/wp\/v2\/comments?post=19862"}],"version-history":[{"count":7,"href":"https:\/\/principesdeparis.es\/principes\/wp-json\/wp\/v2\/posts\/19862\/revisions"}],"predecessor-version":[{"id":19870,"href":"https:\/\/principesdeparis.es\/principes\/wp-json\/wp\/v2\/posts\/19862\/revisions\/19870"}],"wp:featuredmedia":[{"embeddable":true,"href":"https:\/\/principesdeparis.es\/principes\/wp-json\/wp\/v2\/media\/19865"}],"wp:attachment":[{"href":"https:\/\/principesdeparis.es\/principes\/wp-json\/wp\/v2\/media?parent=19862"}],"wp:term":[{"taxonomy":"category","embeddable":true,"href":"https:\/\/principesdeparis.es\/principes\/wp-json\/wp\/v2\/categories?post=19862"},{"taxonomy":"post_tag","embeddable":true,"href":"https:\/\/principesdeparis.es\/principes\/wp-json\/wp\/v2\/tags?post=19862"}],"curies":[{"name":"wp","href":"https:\/\/api.w.org\/{rel}","templated":true}]}}