{"id":19882,"date":"2025-08-07T09:57:09","date_gmt":"2025-08-07T09:57:09","guid":{"rendered":"https:\/\/principesdeparis.es\/principes\/?p=19882"},"modified":"2025-08-08T09:21:23","modified_gmt":"2025-08-08T09:21:23","slug":"valery-un-proyectil-por-explotar","status":"publish","type":"post","link":"https:\/\/principesdeparis.es\/principes\/valery-un-proyectil-por-explotar\/","title":{"rendered":"Valery, un proyectil por explotar"},"content":{"rendered":"<p><!--StartFragment --><\/p>\n<p style=\"text-align: center;\"><strong><span class=\"cf0\">El sexto fichaje del Real Zaragoza, un velocista de banda que ha hecho su carrera en el Girona como tercer hombre, viene tras rescindir su contrato para reivindicarse en un perfil de equipo que favorece sus virtudes<\/span><\/strong><\/p>\n<p><span class=\"cf0\">La temporada pasada fue cedido al Mallorca, en Primera, y jug\u00f3 dos partidos de titular de los 19 en que particip\u00f3, la mayor\u00eda saliendo en los minutos finales de los encuentros. Hab\u00eda una opci\u00f3n de compra que no se activ\u00f3 desde la entidad <\/span><span class=\"cf0\">bermellona<\/span><span class=\"cf0\">. No es casualidad que Valery Fern\u00e1ndez, el sexto fichaje del Real Zaragoza, para las <\/span><span class=\"cf0\">pr\u00f3ximas<\/span><span class=\"cf0\"> tres emporadas tuviera un paso testimonial por la isla despu\u00e9s de haber renunciado a jugar la Champions con su club de origen para hallar su lugar lejos de casa. En realidad ese es su sino desde que apareciera por <\/span><span class=\"cf0\">Montilivi<\/span><span class=\"cf0\"> en 2018. El pu\u00f1ado de entrenadores que ha tenido, el \u00faltimo <\/span><span class=\"cf0\">Arrasate<\/span><span class=\"cf0\">, lo han utilizado como pieza de recambio y no siempre la primera. S\u00f3lo <\/span><span class=\"cf0\">M\u00edchel<\/span><span class=\"cf0\"> le dio algo de confianza. <\/span><\/p>\n<p><span class=\"cf0\">Es un velocista de banda que ha hecho su carrera en el Girona, del que se ha desvinculado por primera vez para explotar en el Real Zaragoza, en Segunda, en un ecosistema que sin duda favorecer\u00e1 las virtudes que en su club natal apenas ha dejado ver con cuentagotas. A sus 25 a\u00f1os, cuenta con experiencia en la \u00e9lite, un mundo para el que parec\u00eda pertenecer pero en el que le ha sido imposible establecerse con <\/span><span class=\"cf0\">asiduidad. En parte, en ese frenazo a su evoluci\u00f3n ha tenido mucho que ver la lesi\u00f3n que sufri\u00f3 frente al Derby County a finales de junio de 2019, rompi\u00e9ndose el ligamento cruzado anterior de su rodilla con afectaci\u00f3n en el menisco que le oblig\u00f3 a pasar por el quir\u00f3fano. Cuatro meses despu\u00e9s, en noviembre de 2020, tumb\u00f3 que ser operado tambi\u00e9n de una ruptura del menisco interno de la rodilla izquierda.<\/span><\/p>\n<p><span class=\"cf0\">El conjunto aragon\u00e9s desembolsar\u00e1700.000 euros por de salario por este delantero de orillas que suele aparecer por dentro y que ha actuado de lateral en momentos muy concretos, el mayor gasto en lo que va de mercado. El gol no es su fuerte, pero s\u00ed la velocidad punta, la ruptura de l\u00edneas por cuenta propia, un don que encaja en el ideario de Gabi Fern\u00e1ndez, quien est\u00e1 elaborando poco a poco un equipo de largo y medio contragolpe, con las m\u00ednimas paradas intermedias para alcanzar el \u00e1rea rival. Nervio, mirada al frente y esfuerzo a tiempo completo. Txema Indias le entrega al t\u00e9cnico madrile\u00f1o un futbolista ideal para su concepto de este deporte, estrechamente relacionado con el esp\u00edritu del Atl\u00e9tico, con mucho matices, que quiere implementar en este Real Zaragoza a\u00fan en construcci\u00f3n y con considerables frentes abiertos.<\/span><\/p>\n<blockquote class=\"twitter-tweet\">\n<p lang=\"und\" dir=\"ltr\">   <a href=\"https:\/\/t.co\/cvi2vGQiH3\">pic.twitter.com\/cvi2vGQiH3<\/a><\/p>\n<p>&mdash; Real Zaragoza (@RealZaragoza) <a href=\"https:\/\/twitter.com\/RealZaragoza\/status\/1953745689722179772?ref_src=twsrc%5Etfw\">August 8, 2025<\/a><\/p><\/blockquote>\n<p> <script async src=\"https:\/\/platform.twitter.com\/widgets.js\" charset=\"utf-8\"><\/script><\/p>\n","protected":false},"excerpt":{"rendered":"<p>El sexto fichaje del Real Zaragoza, un velocista de banda que ha hecho su carrera en el Girona como tercer hombre, viene tras rescindir su contrato para reivindicarse en un perfil de equipo que favorece sus virtudes La temporada pasada fue cedido al Mallorca, en Primera, y jug\u00f3 dos partidos <a class=\"read-more\" href=\"https:\/\/principesdeparis.es\/principes\/valery-un-proyectil-por-explotar\/\">Sigue leyendo<\/a><\/p>\n","protected":false},"author":2,"featured_media":19883,"comment_status":"open","ping_status":"open","sticky":false,"template":"","format":"standard","meta":{"footnotes":""},"categories":[13,1],"tags":[],"class_list":["post-19882","post","type-post","status-publish","format-standard","has-post-thumbnail","hentry","category-publicidad","category-real-zaragoza"],"_links":{"self":[{"href":"https:\/\/principesdeparis.es\/principes\/wp-json\/wp\/v2\/posts\/19882","targetHints":{"allow":["GET"]}}],"collection":[{"href":"https:\/\/principesdeparis.es\/principes\/wp-json\/wp\/v2\/posts"}],"about":[{"href":"https:\/\/principesdeparis.es\/principes\/wp-json\/wp\/v2\/types\/post"}],"author":[{"embeddable":true,"href":"https:\/\/principesdeparis.es\/principes\/wp-json\/wp\/v2\/users\/2"}],"replies":[{"embeddable":true,"href":"https:\/\/principesdeparis.es\/principes\/wp-json\/wp\/v2\/comments?post=19882"}],"version-history":[{"count":7,"href":"https:\/\/principesdeparis.es\/principes\/wp-json\/wp\/v2\/posts\/19882\/revisions"}],"predecessor-version":[{"id":19892,"href":"https:\/\/principesdeparis.es\/principes\/wp-json\/wp\/v2\/posts\/19882\/revisions\/19892"}],"wp:featuredmedia":[{"embeddable":true,"href":"https:\/\/principesdeparis.es\/principes\/wp-json\/wp\/v2\/media\/19883"}],"wp:attachment":[{"href":"https:\/\/principesdeparis.es\/principes\/wp-json\/wp\/v2\/media?parent=19882"}],"wp:term":[{"taxonomy":"category","embeddable":true,"href":"https:\/\/principesdeparis.es\/principes\/wp-json\/wp\/v2\/categories?post=19882"},{"taxonomy":"post_tag","embeddable":true,"href":"https:\/\/principesdeparis.es\/principes\/wp-json\/wp\/v2\/tags?post=19882"}],"curies":[{"name":"wp","href":"https:\/\/api.w.org\/{rel}","templated":true}]}}