{"id":19900,"date":"2025-08-09T18:48:12","date_gmt":"2025-08-09T18:48:12","guid":{"rendered":"https:\/\/principesdeparis.es\/principes\/?p=19900"},"modified":"2025-08-09T19:21:33","modified_gmt":"2025-08-09T19:21:33","slug":"obon-pomares-y-paulino-de-estreno-en-el-carlos-lapetra","status":"publish","type":"post","link":"https:\/\/principesdeparis.es\/principes\/obon-pomares-y-paulino-de-estreno-en-el-carlos-lapetra\/","title":{"rendered":"Ob\u00f3n, Pomares y Paulino, de estreno en el Carlos Lapetra"},"content":{"rendered":"<p>Por primera vez en lo que va de temporada, la porter\u00eda tendr\u00e1 un propietario distinto. Ser\u00e1 Ob\u00f3n, \u00a0que debuta como titular contra el Huesca en el Memorial Carlos Lapetra. El guardameta del filial ya tuvo minutos, casi todos, tras lesionarse Poussin en Tarazona al principio del encuentro, pero esta noche lo hace en el once junto a otras novedades, Pomares, que jugar\u00e1 de central al lado de Saidu por las ausencias por problemas f\u00edsicos de Tachi (rotura de cu\u00e1driceps) y Radonovacic, y Paulino, que se ocupar\u00e1 de la banda derecha del ataque local para que Sebas Moyano, el mejor futbolista hasta el momento de esta fase de preparaci\u00f3n estival, se desenvuelva por la izquierda. En la sala de m\u00e1quinas repiten Guti y Francho. Se quedan fuera la convocatoria Rado por precauci\u00f3n, Keidi Bare, lesionado, Aketxe, con molestias, y Valery. reci\u00e9n llegado y con un solo entrenamiento de por medio con sus nuevos compa\u00f1eros.<\/p>\n<p>El otro movimiento destacable en la formaci\u00f3n inicial, con Sebasti\u00e1n y Tasende de laterales, se produce en ataque, donde Gabi Fern\u00e1ndez cambia los nombres de los dos delanteros. Sober\u00f3n y Bazdar, que han contado con la mayor confianza del t\u00e9cnico como sociedad ofensiva, dejan sus lugares a Dani G\u00f3mez y un Pau Sans, autor de dos goles este verano, que esta ocasi\u00f3n estar\u00e1 m\u00e1s cerca del \u00e1rea.<\/p>\n<p>Este partido, el de m\u00e1xima exigencia para el Real Zaragoza, re\u00fane a dos equipos en plena construcci\u00f3n, sobre todo el blanquillo, a las puertas del inicio de la Liga la semana pr\u00f3xima. El Huesca, de la mano de Mart\u00edn Gonz\u00e1lez y de Sergi Guill\u00f3 en el banquillo, ofrece un perfil muy similar al del curso pasado, estupendo para los altoaragoneses. Aparente un bloque compacto, serio y eficaz, el formato y la conducta que persigue para su equipo Gabi Fern\u00e1ndez.<\/p>\n<p>La m\u00e1xima rivalidad es otro de los alicientes del trofeo que va a disputarse en Ibercaja Estadio, que presentar\u00e1 bastante mejor aspecto que en su estreno con p\u00fablico en la cita contra el Mirand\u00e9s. El Real Zaragoza se examina por \u00faltima vez antes de visitar Anoeta ya con puntos en juego frente al Sanse sin cerrar el c\u00edrculo de su plantilla y sin una personalidad definida que no sea la de renunciar al bal\u00f3n en beneficio del orden posicional, todo lo contrario que su rival, listo ya para entrar en acci\u00f3n seg\u00fan asegur\u00f3 su director deportivo. Hoy, de momento, la base del Huesca est\u00e1 formada por un nutrido grupo de titulares.<\/p>\n<blockquote class=\"twitter-tweet\">\n<p dir=\"ltr\" lang=\"es\">1\ufe0f\u20e31\ufe0f\u20e3 Nuestro once para el Ciudad de Zaragoza &#8211; Memorial Carlos Lapetra <a href=\"https:\/\/t.co\/NkFWRwyxV8\">pic.twitter.com\/NkFWRwyxV8<\/a><\/p>\n<p>\u2014 Real Zaragoza (@RealZaragoza) <a href=\"https:\/\/twitter.com\/RealZaragoza\/status\/1954251612999786943?ref_src=twsrc%5Etfw\">August 9, 2025<\/a><\/p><\/blockquote>\n<p><script async src=\"https:\/\/platform.twitter.com\/widgets.js\" charset=\"utf-8\"><\/script><\/p>\n<blockquote class=\"twitter-tweet\">\n<p dir=\"ltr\" lang=\"es\">ALINEACI\u00d3N | Nuestro once.<\/p>\n<p>\u2694\ufe0f As\u00ed jugamos en el Ibercaja Estadio.<a href=\"https:\/\/twitter.com\/hashtag\/ZaragozaHuesca?src=hash&amp;ref_src=twsrc%5Etfw\">#ZaragozaHuesca<\/a> <a href=\"https:\/\/twitter.com\/hashtag\/PretemporadaSDH?src=hash&amp;ref_src=twsrc%5Etfw\">#PretemporadaSDH<\/a> <a href=\"https:\/\/t.co\/AMYSBkooB5\">pic.twitter.com\/AMYSBkooB5<\/a><\/p>\n<p>\u2014 SD Huesca (@SDHuesca) <a href=\"https:\/\/twitter.com\/SDHuesca\/status\/1954256400882016587?ref_src=twsrc%5Etfw\">August 9, 2025<\/a><\/p><\/blockquote>\n<p><script async src=\"https:\/\/platform.twitter.com\/widgets.js\" charset=\"utf-8\"><\/script><\/p>\n","protected":false},"excerpt":{"rendered":"<p>Por primera vez en lo que va de temporada, la porter\u00eda tendr\u00e1 un propietario distinto. Ser\u00e1 Ob\u00f3n, \u00a0que debuta como titular contra el Huesca en el Memorial Carlos Lapetra. El guardameta del filial ya tuvo minutos, casi todos, tras lesionarse Poussin en Tarazona al principio del encuentro, pero esta noche <a class=\"read-more\" href=\"https:\/\/principesdeparis.es\/principes\/obon-pomares-y-paulino-de-estreno-en-el-carlos-lapetra\/\">Sigue leyendo<\/a><\/p>\n","protected":false},"author":2,"featured_media":19901,"comment_status":"open","ping_status":"open","sticky":false,"template":"","format":"standard","meta":{"footnotes":""},"categories":[13,1],"tags":[],"class_list":["post-19900","post","type-post","status-publish","format-standard","has-post-thumbnail","hentry","category-publicidad","category-real-zaragoza"],"_links":{"self":[{"href":"https:\/\/principesdeparis.es\/principes\/wp-json\/wp\/v2\/posts\/19900","targetHints":{"allow":["GET"]}}],"collection":[{"href":"https:\/\/principesdeparis.es\/principes\/wp-json\/wp\/v2\/posts"}],"about":[{"href":"https:\/\/principesdeparis.es\/principes\/wp-json\/wp\/v2\/types\/post"}],"author":[{"embeddable":true,"href":"https:\/\/principesdeparis.es\/principes\/wp-json\/wp\/v2\/users\/2"}],"replies":[{"embeddable":true,"href":"https:\/\/principesdeparis.es\/principes\/wp-json\/wp\/v2\/comments?post=19900"}],"version-history":[{"count":14,"href":"https:\/\/principesdeparis.es\/principes\/wp-json\/wp\/v2\/posts\/19900\/revisions"}],"predecessor-version":[{"id":19915,"href":"https:\/\/principesdeparis.es\/principes\/wp-json\/wp\/v2\/posts\/19900\/revisions\/19915"}],"wp:featuredmedia":[{"embeddable":true,"href":"https:\/\/principesdeparis.es\/principes\/wp-json\/wp\/v2\/media\/19901"}],"wp:attachment":[{"href":"https:\/\/principesdeparis.es\/principes\/wp-json\/wp\/v2\/media?parent=19900"}],"wp:term":[{"taxonomy":"category","embeddable":true,"href":"https:\/\/principesdeparis.es\/principes\/wp-json\/wp\/v2\/categories?post=19900"},{"taxonomy":"post_tag","embeddable":true,"href":"https:\/\/principesdeparis.es\/principes\/wp-json\/wp\/v2\/tags?post=19900"}],"curies":[{"name":"wp","href":"https:\/\/api.w.org\/{rel}","templated":true}]}}