{"id":19927,"date":"2025-08-10T11:47:01","date_gmt":"2025-08-10T11:47:01","guid":{"rendered":"https:\/\/principesdeparis.es\/principes\/?p=19927"},"modified":"2025-08-10T14:07:56","modified_gmt":"2025-08-10T14:07:56","slug":"las-notas-de-la-pretemporada-y-el-once-de-anoeta","status":"publish","type":"post","link":"https:\/\/principesdeparis.es\/principes\/las-notas-de-la-pretemporada-y-el-once-de-anoeta\/","title":{"rendered":"Las notas de la pretemporada y el once de Anoeta"},"content":{"rendered":"<p>La pretemporada lleg\u00f3 a su fin ayer con la victoria en los penaltis sobre el Huesca en el Memorial Carlos Lapetra, en la prueba m\u00e1s rigurosa del verano donde el Real Zaragoza, sobre todo en la primera parte bajo la direcci\u00f3n de Guti, apret\u00f3 los dientes como le gusta a Gabi Fern\u00e1ndez. En esos 45 minutos se vio la mejor versi\u00f3n de un grupo cuyo calendario de amistosos da muy poco para extraer conclusiones, en cualquier caso que estamos frente a un conjunto muy verde que ha aumentado su grado de pelea, una comunidad a la que se van sumando efectivos sin saber toda cu\u00e1l es el nivel real de los mismos y al que le falta material de primer orden en posiciones clave. De las seis incorporaciones, Sebas Moyano es el mejor sensaciones ha ofrecido, con los detalles de Paulino en su debut y la correcci\u00f3n de Pomares de central interino. A la espera del estreno de Valery Fern\u00e1ndez, que deber\u00eda aportar entidad a las bandas, Radovanovic sembr\u00f3 dudas en Tarazona y Tachi se ha desenvuelto como un defensa rompedor por naturaleza y por exigencias del gui\u00f3n. De los futbolistas con contrato que figuran en el listado de mejorables, apenas Tasende ha subido escalones con pie firme. Se podr\u00eda incluir a un Dani G\u00f3mez mucho m\u00e1s participativo. Calero, Keidi Bare, Moya, Aketxe y Bazdar siguen instalados en la intrascendencia, y Poussin, en su residencia que unos partidos parece de lujo y otras la caseta del perro. El franc\u00e9s no radia confianza y su suplencia frente al Huesca lleva mensaje.<\/p>\n<p>Todo hay que ponerlo en cuarentena hasta bien entrada septiembre, incluso las buenas vibraciones de jugadores que han estado por encima de sus compa\u00f1eros, algunos reclamados por el estado de interinidad del vestuario. En este fase de preparaci\u00f3n, Sober\u00f3n sigue siendo Sober\u00f3n y Pau Sans ha confirmado que es el mismo al margen de qui\u00e9n tenga enfrente. Descarado y con olfato para irse y rematar, mientras que Saidu ha aprovechado el solar que es por ahora el eje defensivo para ganarse al p\u00fablico por un \u00edmpetu que bajo fuego real no le ser\u00e1 suficiente en ese puesto (el Huesca ya descubri\u00f3 alg\u00fan d\u00e9ficit del mediocentro), y Juan Sebasti\u00e1n ha dejado un buen sabor de boca con su manejo de las situaciones y de la pelota. La destacada actuaci\u00f3n de Ob\u00f3n en el Carlos Lapetra le da nota, y tambi\u00e9n a un Ra\u00fal Guti que hasta este compromiso, donde brillo por encima del resto, hab\u00eda vagado por la medular sin jerarqu\u00eda. Cuenca ha estado aseado, pero no as\u00ed Francho, bastante confuso, ni Borge, cuya polivalencia le ha perjudicado, movi\u00e9ndose por la l\u00ednea sin hallar el tono adecuado. Lo de Bakis es una tragedia deportiva y econ\u00f3mica.<\/p>\n<p>A una semana de arrancar la Liga, el pr\u00f3ximo domingo 17 de agosto a las 17.00 horas en Anoeta contra la Real Sociedad B, la confecci\u00f3n del once se ver\u00e1 afectada por muchos factores. Centrales que no est\u00e1n por lesi\u00f3n, caso de Tachi con una rotura de cu\u00e1driceps, o que generan sospechas como Radovanovic, tambi\u00e9n afectado todav\u00eda de su tobillo; un centro del campo en el que habr\u00e1 que decidirse por lo t\u00e1ctico o por lo f\u00edsico, con Aketxe como cu\u00f1a entre ambas decisiones y Sebas Moyano con el cartel de titular, y una delantera con muchos aspirantes en laque tan s\u00f3lo Sober\u00f3n parece fijo. Aun as\u00ed, el estado de las cosas apunta a que Gabi Fern\u00e1ndez podr\u00eda formar en la primera jornada con Poussin, Sebasti\u00e1n, Saidu, Pomares, Tasende, Guti, Francho, Pau Sans, Sebas Moyano, Bazdar o Dani G\u00f3mez y Sober\u00f3n, un 4-4-2 innegociable para el entrenador. Para el banco le quedar\u00edan las opciones de Paulino, Valery, Rado si se recupera por completo esta semana, Ob\u00f3n, Aketxe, Calero, Moya, Borge&#8230; No deja de ser un Real Zaragoza de muchas circunstancias hasta que se complete la reestructuraci\u00f3n y los que ha llegado y llegar\u00e1n encuentren la tonalidad para ganarse la presencia fija en las alineaciones.<\/p>\n<p style=\"text-align: center;\"><strong>Puntuaciones de la pretemporada<\/strong><\/p>\n<p style=\"text-align: center;\">(Se punt\u00faa de 0 a 10)<\/p>\n<p style=\"text-align: center;\">Poussin 4<br \/>\nOb\u00f3n 7<br \/>\nCalero 4<br \/>\nSebasti\u00e1n 5<br \/>\nRadovanovic 3<br \/>\nTachi 5<br \/>\nSaidu 6<br \/>\nGuti 6<br \/>\nFrancho 4<br \/>\nMoyano 7<br \/>\nPaulino 6<br \/>\nDani G\u00f3mez 5<br \/>\nBazdar 4<br \/>\nSober\u00f3n 6<br \/>\nTasende 6<br \/>\nPomares 5<br \/>\nAketxe 4<br \/>\nPau Sans 6<br \/>\nCuenca 5<br \/>\nBorge 4<br \/>\nBakis 2<br \/>\nMoya 4<br \/>\nKeidi Bare 3<\/p>\n","protected":false},"excerpt":{"rendered":"<p>La pretemporada lleg\u00f3 a su fin ayer con la victoria en los penaltis sobre el Huesca en el Memorial Carlos Lapetra, en la prueba m\u00e1s rigurosa del verano donde el Real Zaragoza, sobre todo en la primera parte bajo la direcci\u00f3n de Guti, apret\u00f3 los dientes como le gusta a <a class=\"read-more\" href=\"https:\/\/principesdeparis.es\/principes\/las-notas-de-la-pretemporada-y-el-once-de-anoeta\/\">Sigue leyendo<\/a><\/p>\n","protected":false},"author":2,"featured_media":19928,"comment_status":"open","ping_status":"open","sticky":false,"template":"","format":"standard","meta":{"footnotes":""},"categories":[13,1],"tags":[],"class_list":["post-19927","post","type-post","status-publish","format-standard","has-post-thumbnail","hentry","category-publicidad","category-real-zaragoza"],"_links":{"self":[{"href":"https:\/\/principesdeparis.es\/principes\/wp-json\/wp\/v2\/posts\/19927","targetHints":{"allow":["GET"]}}],"collection":[{"href":"https:\/\/principesdeparis.es\/principes\/wp-json\/wp\/v2\/posts"}],"about":[{"href":"https:\/\/principesdeparis.es\/principes\/wp-json\/wp\/v2\/types\/post"}],"author":[{"embeddable":true,"href":"https:\/\/principesdeparis.es\/principes\/wp-json\/wp\/v2\/users\/2"}],"replies":[{"embeddable":true,"href":"https:\/\/principesdeparis.es\/principes\/wp-json\/wp\/v2\/comments?post=19927"}],"version-history":[{"count":4,"href":"https:\/\/principesdeparis.es\/principes\/wp-json\/wp\/v2\/posts\/19927\/revisions"}],"predecessor-version":[{"id":19932,"href":"https:\/\/principesdeparis.es\/principes\/wp-json\/wp\/v2\/posts\/19927\/revisions\/19932"}],"wp:featuredmedia":[{"embeddable":true,"href":"https:\/\/principesdeparis.es\/principes\/wp-json\/wp\/v2\/media\/19928"}],"wp:attachment":[{"href":"https:\/\/principesdeparis.es\/principes\/wp-json\/wp\/v2\/media?parent=19927"}],"wp:term":[{"taxonomy":"category","embeddable":true,"href":"https:\/\/principesdeparis.es\/principes\/wp-json\/wp\/v2\/categories?post=19927"},{"taxonomy":"post_tag","embeddable":true,"href":"https:\/\/principesdeparis.es\/principes\/wp-json\/wp\/v2\/tags?post=19927"}],"curies":[{"name":"wp","href":"https:\/\/api.w.org\/{rel}","templated":true}]}}