{"id":19936,"date":"2025-08-10T16:58:44","date_gmt":"2025-08-10T16:58:44","guid":{"rendered":"https:\/\/principesdeparis.es\/principes\/?p=19936"},"modified":"2025-08-18T15:02:21","modified_gmt":"2025-08-18T15:02:21","slug":"adrian-rodriguez-llega-a-la-porteria-del-real-zaragoza","status":"publish","type":"post","link":"https:\/\/principesdeparis.es\/principes\/adrian-rodriguez-llega-a-la-porteria-del-real-zaragoza\/","title":{"rendered":"Adri\u00e1n Rodr\u00edguez llega a la porter\u00eda del Real Zaragoza"},"content":{"rendered":"<p>La suplencia de Gaetan Poussin en el Memorial Carlos Lapetra ten\u00eda un mensaje encriptado: sin porteros que competir con el franc\u00e9s y con su m\u00e1s que posible salida del club antes del final del mercado, Txema Indias estaba cerrando de urgencia la cesi\u00f3n de Adri\u00e1n Rodr\u00edguez, tercer cancerbero del Alav\u00e9s que a sus 24 a\u00f1os y despu\u00e9s de cinco lustros en el equipo bazorro con s\u00f3lo una titularidad en su carrera &#8211;contra el Las Palmas en Primera por sanci\u00f3n de Sivera y lesi\u00f3n de Owono &#8212; se convertir\u00e1 en guardameta del Real Zaragoza para jugar, en principio, un papel secundario. Con 1,95 metros de altura y doble nacionalidad argentina y espa\u00f1ola, este espigado arquero que ya ha tenido presencia en la sub 20 albiceleste, busca la relevancia que no ha tenido en Vitoria, donde se perdi\u00f3 el \u00faltimo tramo del ejercicio pasado por una lesi\u00f3n de rodilla<\/p>\n<p>Hijo de Ernesto Rodr\u00edguez, exvoleibolista internacional con Espa\u00f1a en los Juegos Ol\u00edmpicos de Barcelona 1992 y S\u00eddney 2000, Adri\u00e1n, nacido en Palma de Mallorca y con diez a\u00f1os entr\u00f3 en la cantera del Mallorca. A los 13 ya estaba con el Real Madrid para ascender con el filial e irse de pr\u00e9stamo una temporada al Albacete B. Desligado del Madrid, el Alav\u00e9s \u00a0apost\u00f3 por \u00e9l en 2020. Los dos \u00faltimos cursos fue el arquero titular del filial -antes, en Tercera, lleg\u00f3 a marcar un gol- mientras alternaba convocatorias con el primer equipo, presencia en las pretemporadas y algunos amistosos. Sin peso deportivo en el vestuario como actor principal, desde \u00e9l lider\u00f3 una recaudaci\u00f3n de fondos solidaria para ayudar con 10.000 euros a la reconstrucci\u00f3n de Valencia, la tierra de su pareja, tras la dana. Jug\u00f3 al voley, como su padre, y prob\u00f3 con el baloncesto y el tenis antes de elegir el f\u00fatbol, que en esta ocasi\u00f3n le trae como s\u00e9ptimo fichaje de la pretemporada a un Real Zaragoza con la porter\u00eda muy necesitada.<\/p>\n<p style=\"text-align: center;\"><strong>Adri\u00e1n el d\u00eda que debut\u00f3 en Primera con el Alav\u00e9s por expulsi\u00f3n de Sivera<\/strong><\/p>\n<p>&nbsp;<\/p>\n<blockquote class=\"tiktok-embed\" style=\"max-width: 605px; min-width: 325px;\" cite=\"https:\/\/www.tiktok.com\/@dsports\/video\/7479561908241075462\" data-video-id=\"7479561908241075462\">\n<section><a title=\"@dsports\" href=\"https:\/\/www.tiktok.com\/@dsports?refer=embed\" target=\"_blank\" rel=\"noopener\">@dsports<\/a> \u00a1LAS L\u00c1GRIMAS BROTAN CUANDO CUMPLES EL SUE\u00d1O DE TU VIDA! Adri\u00e1n Rodr\u00edguez se emocion\u00f3 tras hacer su debut en la victoria de <a title=\"alav\u00e9s\" href=\"https:\/\/www.tiktok.com\/tag\/alav%C3%A9s?refer=embed\" target=\"_blank\" rel=\"noopener\">#Alav\u00e9s<\/a> ante <a title=\"villarreal\" href=\"https:\/\/www.tiktok.com\/tag\/villarreal?refer=embed\" target=\"_blank\" rel=\"noopener\">#Villarreal<\/a> por la <a title=\"laligaendsports.\" href=\"https:\/\/www.tiktok.com\/tag\/laligaendsports.?refer=embed\" target=\"_blank\" rel=\"noopener\">#LaLigaEnDSPORTS.<\/a> El arquero de 24 a\u00f1os reemplaz\u00f3 a Sivera, quien fue expulsado a los 58&#8242;. D. Alav\u00e9s <a title=\"tiktokdeportes\" href=\"https:\/\/www.tiktok.com\/tag\/tiktokdeportes?refer=embed\" target=\"_blank\" rel=\"noopener\">#TikTokDeportes<\/a> <a title=\"futbol\" href=\"https:\/\/www.tiktok.com\/tag\/futbol?refer=embed\" target=\"_blank\" rel=\"noopener\">#Futbol<\/a> <a title=\"\u266c sonido original - DSports\" href=\"https:\/\/www.tiktok.com\/music\/sonido-original-7479561919234984759?refer=embed\" target=\"_blank\" rel=\"noopener\">\u266c sonido original &#8211; DSports<\/a><\/section>\n<\/blockquote>\n<p><script async src=\"https:\/\/www.tiktok.com\/embed.js\"><\/script><\/p>\n","protected":false},"excerpt":{"rendered":"<p>La suplencia de Gaetan Poussin en el Memorial Carlos Lapetra ten\u00eda un mensaje encriptado: sin porteros que competir con el franc\u00e9s y con su m\u00e1s que posible salida del club antes del final del mercado, Txema Indias estaba cerrando de urgencia la cesi\u00f3n de Adri\u00e1n Rodr\u00edguez, tercer cancerbero del Alav\u00e9s <a class=\"read-more\" href=\"https:\/\/principesdeparis.es\/principes\/adrian-rodriguez-llega-a-la-porteria-del-real-zaragoza\/\">Sigue leyendo<\/a><\/p>\n","protected":false},"author":2,"featured_media":19937,"comment_status":"open","ping_status":"open","sticky":false,"template":"","format":"standard","meta":{"footnotes":""},"categories":[13,1],"tags":[],"class_list":["post-19936","post","type-post","status-publish","format-standard","has-post-thumbnail","hentry","category-publicidad","category-real-zaragoza"],"_links":{"self":[{"href":"https:\/\/principesdeparis.es\/principes\/wp-json\/wp\/v2\/posts\/19936","targetHints":{"allow":["GET"]}}],"collection":[{"href":"https:\/\/principesdeparis.es\/principes\/wp-json\/wp\/v2\/posts"}],"about":[{"href":"https:\/\/principesdeparis.es\/principes\/wp-json\/wp\/v2\/types\/post"}],"author":[{"embeddable":true,"href":"https:\/\/principesdeparis.es\/principes\/wp-json\/wp\/v2\/users\/2"}],"replies":[{"embeddable":true,"href":"https:\/\/principesdeparis.es\/principes\/wp-json\/wp\/v2\/comments?post=19936"}],"version-history":[{"count":6,"href":"https:\/\/principesdeparis.es\/principes\/wp-json\/wp\/v2\/posts\/19936\/revisions"}],"predecessor-version":[{"id":19945,"href":"https:\/\/principesdeparis.es\/principes\/wp-json\/wp\/v2\/posts\/19936\/revisions\/19945"}],"wp:featuredmedia":[{"embeddable":true,"href":"https:\/\/principesdeparis.es\/principes\/wp-json\/wp\/v2\/media\/19937"}],"wp:attachment":[{"href":"https:\/\/principesdeparis.es\/principes\/wp-json\/wp\/v2\/media?parent=19936"}],"wp:term":[{"taxonomy":"category","embeddable":true,"href":"https:\/\/principesdeparis.es\/principes\/wp-json\/wp\/v2\/categories?post=19936"},{"taxonomy":"post_tag","embeddable":true,"href":"https:\/\/principesdeparis.es\/principes\/wp-json\/wp\/v2\/tags?post=19936"}],"curies":[{"name":"wp","href":"https:\/\/api.w.org\/{rel}","templated":true}]}}