{"id":19957,"date":"2025-08-14T11:51:58","date_gmt":"2025-08-14T11:51:58","guid":{"rendered":"https:\/\/principesdeparis.es\/principes\/?p=19957"},"modified":"2025-08-14T11:59:19","modified_gmt":"2025-08-14T11:59:19","slug":"indias-reduce-el-resto-del-mercado-a-un-portero-un-central-y-un-mediocentro","status":"publish","type":"post","link":"https:\/\/principesdeparis.es\/principes\/indias-reduce-el-resto-del-mercado-a-un-portero-un-central-y-un-mediocentro\/","title":{"rendered":"Indias reduce el resto del mercado a un portero, un central y un mediocentro"},"content":{"rendered":"<p><strong>Situaci\u00f3n:<\/strong> \u00abHay situaciones abiertas, no s\u00e9 cu\u00e1nto est\u00e1n de abiertas. Algunas son interesantes\u00bb.<\/p>\n<p><strong>Centrales:<\/strong> \u00abLa l\u00ednea de atr\u00e1s est\u00e1 siendo m\u00e1s complicado porque hemos tenido inconvenientes, porque hemos sufrido las lesiones de Kosa, Rado y Tachi. A d\u00eda de hoy nos faltar\u00eda uno\u00bb.<\/p>\n<p><strong>Salidas:<\/strong> \u00abTodo tiene que ir de la mano. Las salidas con las entradas. Debemos ir trabajando estos d\u00edas en esas dos direcciones\u00bb.<\/p>\n<p><strong>Los tiempos:<\/strong> \u00abTranquilo no estoy porque uno no domina el mercado. No s\u00e9 si estoy arriesgando. Pod\u00edamos tener la plantilla cerrada, pero no para la jornada 1. El objetivo es dar las mejores herramientas al entrenador\u00bb.<\/p>\n<p><strong>El debut con el Sanse:<\/strong> \u00abEstas primeras jornadas son de incertidumbre. Los entrenadores van con lo que tienen o pueden. La Real Sociedad B no ha podido tener una pretemporada normal, pero va a ser un filial que dar\u00e1 guerra m\u00e1s adelante\u00bb.<\/p>\n<p><strong>Poussin y relevo:<\/strong> \u00abSe tiene que dar la salida de Poussin ya que en las \u00faltimas semanas nos ha expresado su incomodidad y nos ha pedido permiso para cerrar su fichaje por otro equipo. Si todo transcurre como esperamos activaremos esa faceta de los porteros\u00bb.<\/p>\n<p><strong>Centro del campo:<\/strong> \u00abEstamos contentos con los cuatro. No estoy pensando en dar salida a nadie, pero habr\u00e1 que saber su opini\u00f3n. Estamos buscando un jugador distinto para esa parcela\u00bb.<\/p>\n<p><strong>En ataque:<\/strong> \u00abMe gusta tener las mejores plantillas posibles. Ahora estoy contento con los cuatro delanteros. En el global necesitamos tres futbolistas\u00bb.<\/p>\n<p><strong>\u00daltimas horas:<\/strong> \u00abYo no quer\u00eda que saliera el portero. No lo he forzado yo. Escucharemos a quien llame a nuestra puerta. Tenemos que ser fuertes en el vestuario y para ello hemos de contar con gente comprometida con este equipo. Nos quedan tres fichas libres m\u00e1s un dorsal de portero. Intento que estas circunstancias no me lleven a las prisas. Con agon\u00eda te equivocas seguro\u00bb.\u00bb.<\/p>\n<p><strong>Keidi Bare:<\/strong> \u00abEl inconveniente es que el m\u00edster no lo pueda tener este fin de semana. Nada m\u00e1s\u00bb.<\/p>\n<p><strong>Bakis:<\/strong> \u00abNo ser\u00eda respetuoso la conversaci\u00f3n que hemos tenido con \u00e9l. Veremos qu\u00e9 pasa en estos 16 d\u00edas\u00bb<\/p>\n","protected":false},"excerpt":{"rendered":"<p>Situaci\u00f3n: \u00abHay situaciones abiertas, no s\u00e9 cu\u00e1nto est\u00e1n de abiertas. Algunas son interesantes\u00bb. Centrales: \u00abLa l\u00ednea de atr\u00e1s est\u00e1 siendo m\u00e1s complicado porque hemos tenido inconvenientes, porque hemos sufrido las lesiones de Kosa, Rado y Tachi. A d\u00eda de hoy nos faltar\u00eda uno\u00bb. Salidas: \u00abTodo tiene que ir de la <a class=\"read-more\" href=\"https:\/\/principesdeparis.es\/principes\/indias-reduce-el-resto-del-mercado-a-un-portero-un-central-y-un-mediocentro\/\">Sigue leyendo<\/a><\/p>\n","protected":false},"author":2,"featured_media":19958,"comment_status":"open","ping_status":"open","sticky":false,"template":"","format":"standard","meta":{"footnotes":""},"categories":[13,1],"tags":[],"class_list":["post-19957","post","type-post","status-publish","format-standard","has-post-thumbnail","hentry","category-publicidad","category-real-zaragoza"],"_links":{"self":[{"href":"https:\/\/principesdeparis.es\/principes\/wp-json\/wp\/v2\/posts\/19957","targetHints":{"allow":["GET"]}}],"collection":[{"href":"https:\/\/principesdeparis.es\/principes\/wp-json\/wp\/v2\/posts"}],"about":[{"href":"https:\/\/principesdeparis.es\/principes\/wp-json\/wp\/v2\/types\/post"}],"author":[{"embeddable":true,"href":"https:\/\/principesdeparis.es\/principes\/wp-json\/wp\/v2\/users\/2"}],"replies":[{"embeddable":true,"href":"https:\/\/principesdeparis.es\/principes\/wp-json\/wp\/v2\/comments?post=19957"}],"version-history":[{"count":4,"href":"https:\/\/principesdeparis.es\/principes\/wp-json\/wp\/v2\/posts\/19957\/revisions"}],"predecessor-version":[{"id":19962,"href":"https:\/\/principesdeparis.es\/principes\/wp-json\/wp\/v2\/posts\/19957\/revisions\/19962"}],"wp:featuredmedia":[{"embeddable":true,"href":"https:\/\/principesdeparis.es\/principes\/wp-json\/wp\/v2\/media\/19958"}],"wp:attachment":[{"href":"https:\/\/principesdeparis.es\/principes\/wp-json\/wp\/v2\/media?parent=19957"}],"wp:term":[{"taxonomy":"category","embeddable":true,"href":"https:\/\/principesdeparis.es\/principes\/wp-json\/wp\/v2\/categories?post=19957"},{"taxonomy":"post_tag","embeddable":true,"href":"https:\/\/principesdeparis.es\/principes\/wp-json\/wp\/v2\/tags?post=19957"}],"curies":[{"name":"wp","href":"https:\/\/api.w.org\/{rel}","templated":true}]}}