{"id":19963,"date":"2025-08-14T12:03:01","date_gmt":"2025-08-14T12:03:01","guid":{"rendered":"https:\/\/principesdeparis.es\/principes\/?p=19963"},"modified":"2025-08-14T17:40:44","modified_gmt":"2025-08-14T17:40:44","slug":"adrian-esta-para-jugar-y-valery-se-muestra-mas-cauto","status":"publish","type":"post","link":"https:\/\/principesdeparis.es\/principes\/adrian-esta-para-jugar-y-valery-se-muestra-mas-cauto\/","title":{"rendered":"Adri\u00e1n est\u00e1 para jugar y Valery se muestra mas cauto"},"content":{"rendered":"<p><strong>Valery<\/strong><\/p>\n<p><strong>Polivalencia:<\/strong> \u00abLe coment\u00e9 a Gabi que donde mejor me siento es en banda izquierda aunque pueda hacerlo en otras posiciones. Puedo sentirme c\u00f3modo en cualquier posici\u00f3n\u00bb.<\/p>\n<p><strong>Nivel f\u00edsico actual:<\/strong> \u00abVengo de una lesi\u00f3n de hombro y la llevo una semana entrenando con el equipo. No he tenido pretemporada a nivel grupal y no s\u00e9 si para este fin de semana voy a estar al cien por cien. Vine a Zaragoza vi la magnitud del club y de la afici\u00f3n y desde que me llamaron sent\u00ed la confianza en mi persona y en el proyecto. En Primera no he tenido continuidad y me gustar\u00eda darlo aqu\u00ed para hacer cosas grandes\u00bb.<\/p>\n<p><strong>C\u00f3mo se define:<\/strong> \u00abAdem\u00e1s tengo un buen f\u00edsico. Soy r\u00e1pido potente y tengo un buen regate. Tambi\u00e9n tengo car\u00e1cter e ilusi\u00f3n por vestir esta camiseta\u00bb.<\/p>\n<p><strong>La oferta de Qatar:<\/strong> \u00abHubo inter\u00e9s y son decisiones que deb\u00eda tomar con calma. Yo quer\u00eda seguir en el f\u00fatbol profesional al m\u00e1s alto nivel, y este era el sitio perfecto. La confianza que me dieron va por encima de lo econ\u00f3mico. No me arrepiento nada de esa decisi\u00f3n\u00bb.<\/p>\n<p><strong>Objetivo:<\/strong> \u00abEspero construir las bases del equipo, y es bueno por lo que he visto. La Segunda es dif\u00edcil, con sus etapas. Podemos hacer cosas bonitas sin decir ahora que vamos a lucha por subir aunque tengamos esas ganas\u00bb.<\/p>\n<p><strong>Nivel de Segunda:<\/strong> \u00abLo m\u00e1s importante es el grupo humano. Respeto y dar el cien por cien. Es m\u00e1s el bloque que las individualidades. Asegurar los puntos en casa tambi\u00e9n es importante\u00bb.<\/p>\n<p><strong>Adri\u00e1n Rodr\u00edguez<\/strong><\/p>\n<p><strong>Por qu\u00e9 el Real Zaragoza:<\/strong> \u00abPorque es un equipo hist\u00f3rico y una gran afici\u00f3n\u00bb.<\/p>\n<p><strong>Se define:<\/strong> \u00abUn portero con buen juego a\u00e9reo y buen uno contra uno. Transmito bastante confianza al equipo\u00bb.<\/p>\n<p><strong>Preparado para jugar:<\/strong> \u00abS\u00ed, en Primera demostr\u00e9 que estoy preparado. Vengo de un vestuario de Primera. Hace falta otro portero, pero eso no depende de m\u00ed\u00bb.<\/p>\n<p><strong>Compenetraci\u00f3n:<\/strong> \u00abEs importante haber entrenado algunos d\u00edas con el equipo. No es mucho pero lo llevar\u00e9 con tranquilidad. Conozco a varios compa\u00f1eros y pueden estar seguros de m\u00ed\u00bb.<\/p>\n<p><strong>La porter\u00eda del Real Zaragoza:<\/strong> \u00abCristian ha sido un portero incre\u00edble. S\u00e9 que existe esa presi\u00f3n, pero es normal y hay que saberlo llevar. Si lo damos todo, la afici\u00f3n responder\u00e1\u00bb.<\/p>\n<blockquote class=\"twitter-tweet\">\n<p lang=\"es\" dir=\"ltr\">\ufe0f Adri\u00e1n y Valery, en su presentaci\u00f3n<\/p>\n<p>&mdash; Real Zaragoza (@RealZaragoza) <a href=\"https:\/\/twitter.com\/RealZaragoza\/status\/1956000544243507244?ref_src=twsrc%5Etfw\">August 14, 2025<\/a><\/p><\/blockquote>\n<p> <script async src=\"https:\/\/platform.twitter.com\/widgets.js\" charset=\"utf-8\"><\/script><\/p>\n","protected":false},"excerpt":{"rendered":"<p>Valery Polivalencia: \u00abLe coment\u00e9 a Gabi que donde mejor me siento es en banda izquierda aunque pueda hacerlo en otras posiciones. Puedo sentirme c\u00f3modo en cualquier posici\u00f3n\u00bb. Nivel f\u00edsico actual: \u00abVengo de una lesi\u00f3n de hombro y la llevo una semana entrenando con el equipo. No he tenido pretemporada a <a class=\"read-more\" href=\"https:\/\/principesdeparis.es\/principes\/adrian-esta-para-jugar-y-valery-se-muestra-mas-cauto\/\">Sigue leyendo<\/a><\/p>\n","protected":false},"author":2,"featured_media":19966,"comment_status":"open","ping_status":"open","sticky":false,"template":"","format":"standard","meta":{"footnotes":""},"categories":[13,1],"tags":[],"class_list":["post-19963","post","type-post","status-publish","format-standard","has-post-thumbnail","hentry","category-publicidad","category-real-zaragoza"],"_links":{"self":[{"href":"https:\/\/principesdeparis.es\/principes\/wp-json\/wp\/v2\/posts\/19963","targetHints":{"allow":["GET"]}}],"collection":[{"href":"https:\/\/principesdeparis.es\/principes\/wp-json\/wp\/v2\/posts"}],"about":[{"href":"https:\/\/principesdeparis.es\/principes\/wp-json\/wp\/v2\/types\/post"}],"author":[{"embeddable":true,"href":"https:\/\/principesdeparis.es\/principes\/wp-json\/wp\/v2\/users\/2"}],"replies":[{"embeddable":true,"href":"https:\/\/principesdeparis.es\/principes\/wp-json\/wp\/v2\/comments?post=19963"}],"version-history":[{"count":2,"href":"https:\/\/principesdeparis.es\/principes\/wp-json\/wp\/v2\/posts\/19963\/revisions"}],"predecessor-version":[{"id":19967,"href":"https:\/\/principesdeparis.es\/principes\/wp-json\/wp\/v2\/posts\/19963\/revisions\/19967"}],"wp:featuredmedia":[{"embeddable":true,"href":"https:\/\/principesdeparis.es\/principes\/wp-json\/wp\/v2\/media\/19966"}],"wp:attachment":[{"href":"https:\/\/principesdeparis.es\/principes\/wp-json\/wp\/v2\/media?parent=19963"}],"wp:term":[{"taxonomy":"category","embeddable":true,"href":"https:\/\/principesdeparis.es\/principes\/wp-json\/wp\/v2\/categories?post=19963"},{"taxonomy":"post_tag","embeddable":true,"href":"https:\/\/principesdeparis.es\/principes\/wp-json\/wp\/v2\/tags?post=19963"}],"curies":[{"name":"wp","href":"https:\/\/api.w.org\/{rel}","templated":true}]}}