{"id":19977,"date":"2025-08-16T10:32:30","date_gmt":"2025-08-16T10:32:30","guid":{"rendered":"https:\/\/principesdeparis.es\/principes\/?p=19977"},"modified":"2025-08-18T15:01:37","modified_gmt":"2025-08-18T15:01:37","slug":"poussin-el-portero-que-solo-fue-feliz-de-delantero","status":"publish","type":"post","link":"https:\/\/principesdeparis.es\/principes\/poussin-el-portero-que-solo-fue-feliz-de-delantero\/","title":{"rendered":"Poussin, el portero que s\u00f3lo fue feliz de delantero"},"content":{"rendered":"<p style=\"text-align: center;\"><strong>El irregular guardameta franc\u00e9s regresa a Francia, traspasado al Red Star Football Club de la Ligue 2, tras dos a\u00f1os de tormento y sospechar que su destino ser\u00eda el banquillo en la actual<\/strong><\/p>\n<p>Gaetan Poussin no ha sido un portero feliz en el Real Zaragoza. Todo lo contrario. Su momento cumbre, de satisfacci\u00f3n personal, lo encontr\u00f3 en el \u00e1rea contraria, como delantero de emergencias en la \u00faltima jugada del encuentro contra el \u00c9ibar en La Romareda, cuando se sum\u00f3 al alboroto en busca del empate. Despu\u00e9s de un 0-2, con dos tantos de Bautista, Jair hab\u00eda acortado distancias y la clasificaci\u00f3n indicaba un punto de distancia con el descenso en la jornada 35. El franc\u00e9s pidi\u00f3 permiso para subir a rematar el c\u00f3rner en el minuto 93 y atac\u00f3 el bal\u00f3n como un pose\u00eddo para establecer el empate y evitar la tragedia. Fue h\u00e9roe por un d\u00eda. S\u00f3lo Cristian \u00c1lvarez, en Lugo, hab\u00eda protagonizado algo similar en la historia del club.<\/p>\n<p>El resto de sus dos temporadas han sido un tormento en funci\u00f3n de su irregularidad, de errores bochornosos de los que no logr\u00f3 desprenderse contra el Sporting en El Molin\u00f3n y en Copa ante el Atzeneta, y de la desconfianza de casi todos los entrenadores con los que coincidi\u00f3 salvo Ram\u00edrez y Gabi Fern\u00e1ndez. Con este \u00faltimo tuvo una conversaci\u00f3n en la pretemporada consciente de que se buscaba, de nuevo, un primer espada para el puesto y el t\u00e9cnico no se le asegur\u00f3 la titularidad que reclamaba. El guardameta franc\u00e9s regresa traspasado a Francia, al Red Star Football Club de la Ligue 2, en su particular ruta de la paz que nunca atrap\u00f3 en sus manos en esta experiencia.<\/p>\n<p>En su primer a\u00f1o, un Cristian en su ocaso f\u00edsico le cerr\u00f3 la puerta en la alineaci\u00f3n hasta que se rompi\u00f3 en Andorra y Poussin, que hab\u00eda llegado del Girondins de Burdeos, tom\u00f3 el relevo. Un 0-2 con el Alcorc\u00f3n en casa en el que no sali\u00f3 bien parado y el despiste en Gij\u00f3n en el gol de la igualada de Ins\u00faa al solatar el bal\u00f3n sin percatarse de que el central estaba a sus espaldas, sembraron una pesadilla que provoc\u00f3 la apuesta por Dani Rebollo despu\u00e9s de una reaparici\u00f3n fugaz y accidentada de Cristian contra el Eibar. En la Copa volvi\u00f3 al once y otra tremendo fallo le instalaron bajo la carpa de la sospecha. El se\u00edsmo en la porter\u00eda hizo que se solicitar\u00e1 la cesi\u00f3n al Elche de Edgar Bad\u00eda, que cumpli\u00f3 con nota pese que V\u00edctor Fern\u00e1ndez hizo un \u00faltimo intento con Cristian, quien no soport\u00f3 la exigencia f\u00edsica m\u00e1s all\u00e1 de tres jornadas.<\/p>\n<p>La direcci\u00f3n deportiva se descant\u00f3 el pasado verano por Joan Femen\u00edas, quien result\u00f3 un aut\u00e9ntico fiasco, y un Poussin algo m\u00e1s centrado, ganador de puntos en algunas acciones y acertado en los penaltis hizo que recuperara el cari\u00f1o de la gente, que no su absoluta bendici\u00f3n. En un v\u00eddeo realizado por el club, se present\u00f3 su figura redimida, la superaci\u00f3n de un calvario que en realidad nunca super\u00f3. La certeza de esa atm\u00f3sfera de recelos hacia su figura y las informaciones de que iba a ser desplazado una vez m\u00e1s de su puesto le han animado a salir hacia Paris. En l ciudad del gol de Nayim, Poussin pasear\u00e1 con el gol que marc\u00f3 al \u00c9ibar c\u00f3mo gran recuerdo de un portero que no quedar\u00e1 por mucho tiempo en la memoria del Real Zaragoza.<\/p>\n","protected":false},"excerpt":{"rendered":"<p>El irregular guardameta franc\u00e9s regresa a Francia, traspasado al Red Star Football Club de la Ligue 2, tras dos a\u00f1os de tormento y sospechar que su destino ser\u00eda el banquillo en la actual Gaetan Poussin no ha sido un portero feliz en el Real Zaragoza. Todo lo contrario. Su momento <a class=\"read-more\" href=\"https:\/\/principesdeparis.es\/principes\/poussin-el-portero-que-solo-fue-feliz-de-delantero\/\">Sigue leyendo<\/a><\/p>\n","protected":false},"author":2,"featured_media":19978,"comment_status":"open","ping_status":"open","sticky":false,"template":"","format":"standard","meta":{"footnotes":""},"categories":[13,1],"tags":[],"class_list":["post-19977","post","type-post","status-publish","format-standard","has-post-thumbnail","hentry","category-publicidad","category-real-zaragoza"],"_links":{"self":[{"href":"https:\/\/principesdeparis.es\/principes\/wp-json\/wp\/v2\/posts\/19977","targetHints":{"allow":["GET"]}}],"collection":[{"href":"https:\/\/principesdeparis.es\/principes\/wp-json\/wp\/v2\/posts"}],"about":[{"href":"https:\/\/principesdeparis.es\/principes\/wp-json\/wp\/v2\/types\/post"}],"author":[{"embeddable":true,"href":"https:\/\/principesdeparis.es\/principes\/wp-json\/wp\/v2\/users\/2"}],"replies":[{"embeddable":true,"href":"https:\/\/principesdeparis.es\/principes\/wp-json\/wp\/v2\/comments?post=19977"}],"version-history":[{"count":1,"href":"https:\/\/principesdeparis.es\/principes\/wp-json\/wp\/v2\/posts\/19977\/revisions"}],"predecessor-version":[{"id":19979,"href":"https:\/\/principesdeparis.es\/principes\/wp-json\/wp\/v2\/posts\/19977\/revisions\/19979"}],"wp:featuredmedia":[{"embeddable":true,"href":"https:\/\/principesdeparis.es\/principes\/wp-json\/wp\/v2\/media\/19978"}],"wp:attachment":[{"href":"https:\/\/principesdeparis.es\/principes\/wp-json\/wp\/v2\/media?parent=19977"}],"wp:term":[{"taxonomy":"category","embeddable":true,"href":"https:\/\/principesdeparis.es\/principes\/wp-json\/wp\/v2\/categories?post=19977"},{"taxonomy":"post_tag","embeddable":true,"href":"https:\/\/principesdeparis.es\/principes\/wp-json\/wp\/v2\/tags?post=19977"}],"curies":[{"name":"wp","href":"https:\/\/api.w.org\/{rel}","templated":true}]}}