{"id":19987,"date":"2025-08-17T14:12:39","date_gmt":"2025-08-17T14:12:39","guid":{"rendered":"https:\/\/principesdeparis.es\/principes\/?p=19987"},"modified":"2025-08-17T14:24:03","modified_gmt":"2025-08-17T14:24:03","slug":"pomares-y-rado-de-centrales-y-aketxe-junto-a-dani-gomez","status":"publish","type":"post","link":"https:\/\/principesdeparis.es\/principes\/pomares-y-rado-de-centrales-y-aketxe-junto-a-dani-gomez\/","title":{"rendered":"Pomares y Rado de centrales y Aketxe junto a Dani G\u00f3mez"},"content":{"rendered":"<p>Gabi Fern\u00e1ndez ha elegido a la pareja de centrales del estreno en la Liga y ser\u00e1 la compuesta por Radovanovic y Pomares. El t\u00e9cnico ha preferido la experiencia del veterano lateral valenciano a Saidu. La otra gran novedad en la alineaci\u00f3n para visitar a la Real Sociedad B se localiza en ataque, con la presencia de Aketxe como mediapunta por detr\u00e1s de Dani G\u00f3mez como m\u00e1xima referencia ofensiva. Ni Sober\u00f3n ni Bazdar, la apuesta del t\u00e9cnico en la pretemporada y en su sistema de 1-4-4-2, salen en el once. Adri\u00e1n Rodr\u00edguez llega y besa el santo en la porter\u00eda, mientras que Sebasti\u00e1n y Tasende se encargan de los laterales. La l\u00ednea del centro del campo la ocupan Guti y Francho en el epicentro y Sebas Moyano y Paulino en los costados. El Real Zaragoza arranca con un solo punta en el estadio de Anoeta y con\u00a0 la intenci\u00f3n de ocupar el mayor n\u00famero de espacios, lo que indica que quiere tener el bal\u00f3n m\u00e1s de lo de costumbre frente a un rival que puede crearle problemas si le entrega la iniciativa del encuentro.<\/p>\n<blockquote class=\"twitter-tweet\">\n<p dir=\"ltr\" lang=\"es\">Nuestro para la Jornada 1 <a href=\"https:\/\/t.co\/YDj4p1JrI2\">pic.twitter.com\/YDj4p1JrI2<\/a><\/p>\n<p>\u2014 Real Zaragoza (@RealZaragoza) <a href=\"https:\/\/twitter.com\/RealZaragoza\/status\/1957080542962163970?ref_src=twsrc%5Etfw\">August 17, 2025<\/a><\/p><\/blockquote>\n<p><script async src=\"https:\/\/platform.twitter.com\/widgets.js\" charset=\"utf-8\"><\/script><\/p>\n<p>&nbsp;<\/p>\n<p>as de Dani G\u00f3mez<\/p>\n<p>La alineaci\u00f3n de la Real Sociedad B<\/p>\n<blockquote class=\"twitter-tweet\">\n<p dir=\"ltr\" lang=\"eu\">| Sanseren denboraldiko lehen hamaikakoa.<a href=\"https:\/\/twitter.com\/hashtag\/RealSociedadBRealZaragoza?src=hash&amp;ref_src=twsrc%5Etfw\">#RealSociedadBRealZaragoza<\/a> <a href=\"https:\/\/t.co\/bEyUiCFKB2\">pic.twitter.com\/bEyUiCFKB2<\/a><\/p>\n<p>\u2014 RS Zubieta (@RSZubieta_) <a href=\"https:\/\/twitter.com\/RSZubieta_\/status\/1957079407895404739?ref_src=twsrc%5Etfw\">August 17, 2025<\/a><\/p><\/blockquote>\n<p><script async src=\"https:\/\/platform.twitter.com\/widgets.js\" charset=\"utf-8\"><\/script><\/p>\n","protected":false},"excerpt":{"rendered":"<p>Gabi Fern\u00e1ndez ha elegido a la pareja de centrales del estreno en la Liga y ser\u00e1 la compuesta por Radovanovic y Pomares. El t\u00e9cnico ha preferido la experiencia del veterano lateral valenciano a Saidu. La otra gran novedad en la alineaci\u00f3n para visitar a la Real Sociedad B se localiza <a class=\"read-more\" href=\"https:\/\/principesdeparis.es\/principes\/pomares-y-rado-de-centrales-y-aketxe-junto-a-dani-gomez\/\">Sigue leyendo<\/a><\/p>\n","protected":false},"author":2,"featured_media":19989,"comment_status":"open","ping_status":"open","sticky":false,"template":"","format":"standard","meta":{"footnotes":""},"categories":[13,1],"tags":[],"class_list":["post-19987","post","type-post","status-publish","format-standard","has-post-thumbnail","hentry","category-publicidad","category-real-zaragoza"],"_links":{"self":[{"href":"https:\/\/principesdeparis.es\/principes\/wp-json\/wp\/v2\/posts\/19987","targetHints":{"allow":["GET"]}}],"collection":[{"href":"https:\/\/principesdeparis.es\/principes\/wp-json\/wp\/v2\/posts"}],"about":[{"href":"https:\/\/principesdeparis.es\/principes\/wp-json\/wp\/v2\/types\/post"}],"author":[{"embeddable":true,"href":"https:\/\/principesdeparis.es\/principes\/wp-json\/wp\/v2\/users\/2"}],"replies":[{"embeddable":true,"href":"https:\/\/principesdeparis.es\/principes\/wp-json\/wp\/v2\/comments?post=19987"}],"version-history":[{"count":6,"href":"https:\/\/principesdeparis.es\/principes\/wp-json\/wp\/v2\/posts\/19987\/revisions"}],"predecessor-version":[{"id":19994,"href":"https:\/\/principesdeparis.es\/principes\/wp-json\/wp\/v2\/posts\/19987\/revisions\/19994"}],"wp:featuredmedia":[{"embeddable":true,"href":"https:\/\/principesdeparis.es\/principes\/wp-json\/wp\/v2\/media\/19989"}],"wp:attachment":[{"href":"https:\/\/principesdeparis.es\/principes\/wp-json\/wp\/v2\/media?parent=19987"}],"wp:term":[{"taxonomy":"category","embeddable":true,"href":"https:\/\/principesdeparis.es\/principes\/wp-json\/wp\/v2\/categories?post=19987"},{"taxonomy":"post_tag","embeddable":true,"href":"https:\/\/principesdeparis.es\/principes\/wp-json\/wp\/v2\/tags?post=19987"}],"curies":[{"name":"wp","href":"https:\/\/api.w.org\/{rel}","templated":true}]}}