{"id":20044,"date":"2025-08-23T18:37:06","date_gmt":"2025-08-23T18:37:06","guid":{"rendered":"https:\/\/principesdeparis.es\/principes\/?p=20044"},"modified":"2025-08-23T19:20:31","modified_gmt":"2025-08-23T19:20:31","slug":"soberon-y-pau-sans-se-unen-a-un-ataque-sin-paulino","status":"publish","type":"post","link":"https:\/\/principesdeparis.es\/principes\/soberon-y-pau-sans-se-unen-a-un-ataque-sin-paulino\/","title":{"rendered":"Sober\u00f3n y Pau Sans se unen a un ataque sin Paulino"},"content":{"rendered":"<p>Gabi Fern\u00e1ndez regresa sobre sus pasos para el estreno oficial en casa ante el Andorra y recupera su sistema de dos delanteros, con lo que saca de sus planes a Aketxe. Repite con Dani G\u00f3mez arriba y suma a Sober\u00f3n, mientras que incluye en la alineaci\u00f3n a Pau Sans como segunda novedad en el once en lugar de Paulino, que esta vez se ha quedao fuera al no hallarse al cien por cien f\u00edsicamente. El resto del equipo inicial es el que comenz\u00f3 el encuentro de la primera jornada contra la Real Sociedad. Se mantiene el eje defensivo con Radovanovic y Pomares y el doble pivote aragon\u00e9s Guti-Francho, y aparece en la convocatoria, como ya avis\u00f3 el entrenador, Valery.<\/p>\n<p>El Real Zaragoza, al menos en apariencia, quiere aumentar su pegada en el debut oficial en Ibercaja Estadio frente a un rival confeccionado para tener la pelota y labrar su juego en base al juego interior. Necesita los tres puntos mientras desde los despachos se va cerrando la plantilla, una victoria que tras la derrota en Donostia gana en urgencia pese a que la competici\u00f3n acaba de arrancar . Aunque el entrenador sali\u00f3 muy satisfecho del tropiezo contra la Real Sociedad B, lo cierto es que el conjunto aragon\u00e9s est\u00e1 a\u00fan en pa\u00f1ales y ganar tendr\u00eda un valor psicol\u00f3gico importante mientras se construye.<\/p>\n<p>La baja de Paulino, el mejor en ese encuentro y que estaba tocado dese el pasado jueves, es lo m\u00e1s llamativo, pero Gabi ha dispuesto que Pau Sans ocupe su puesto en lo que es una alternativa ofensiva tambi\u00e9n v\u00e1lida. El Andorra de Ibai G\u00f3mez, que empat\u00f3 en Las Palmas yendo de menos a m\u00e1s, se planta con un solo atacante, Lautaro, en un dibujo que persigue el gobierno posicional del encuentro con la poblaci\u00f3n de futbolistas por zonas interiores. S\u00f3lo el coreano Minsu, por la izquierda, tiene cierta capacidad de desborde individual en un conjunto joven y sin miedo alguno con la pelota. Jastin es otra de la piezas clave del equipo del Principado, pero como en el Gran Canaria, parte de reserva.<\/p>\n<p>La noche comenzar\u00e1 con un reconocimiento a la selecci\u00f3n de Arag\u00f3n campeona de la Copa de Regiones UEFA, que har\u00e1 el saque inicial para, en el descanso, dedica un sentido homenaje al exjugador y exentrenador de la casa Manolo Villanova, una de las figuras m\u00e1s representativas del zaragocismo desde el coraz\u00f3n del club.<\/p>\n<blockquote class=\"twitter-tweet\">\n<p dir=\"ltr\" lang=\"en\">Nuestro <a href=\"https:\/\/t.co\/FSBt3LDecy\">pic.twitter.com\/FSBt3LDecy<\/a><\/p>\n<p>\u2014 Real Zaragoza (@RealZaragoza) <a href=\"https:\/\/twitter.com\/RealZaragoza\/status\/1959321501444001998?ref_src=twsrc%5Etfw\">August 23, 2025<\/a><\/p><\/blockquote>\n<p><script async src=\"https:\/\/platform.twitter.com\/widgets.js\" charset=\"utf-8\"><\/script><\/p>\n<p>La alineaci\u00f3n del Andorra<\/p>\n<blockquote class=\"twitter-tweet\">\n<p dir=\"ltr\" lang=\"ca\">\u00d3 | Aquest \u00e9s l\u20191\ufe0f\u20e31\ufe0f\u20e3 d\u2019<a href=\"https:\/\/twitter.com\/ibaigomez?ref_src=twsrc%5Etfw\">@ibaigomez<\/a> pel partit d\u2019avui <a href=\"https:\/\/twitter.com\/RealZaragoza?ref_src=twsrc%5Etfw\">@RealZaragoza<\/a> <a href=\"https:\/\/twitter.com\/hashtag\/RealZaragozaAndorra?src=hash&amp;ref_src=twsrc%5Etfw\">#RealZaragozaAndorra<\/a> <a href=\"https:\/\/t.co\/nx06ixA5qf\">pic.twitter.com\/nx06ixA5qf<\/a><\/p>\n<p>\u2014 FC Andorra (@fcandorra) <a href=\"https:\/\/twitter.com\/fcandorra\/status\/1959321687796904046?ref_src=twsrc%5Etfw\">August 23, 2025<\/a><\/p><\/blockquote>\n<p><script async src=\"https:\/\/platform.twitter.com\/widgets.js\" charset=\"utf-8\"><\/script><\/p>\n","protected":false},"excerpt":{"rendered":"<p>Gabi Fern\u00e1ndez regresa sobre sus pasos para el estreno oficial en casa ante el Andorra y recupera su sistema de dos delanteros, con lo que saca de sus planes a Aketxe. Repite con Dani G\u00f3mez arriba y suma a Sober\u00f3n, mientras que incluye en la alineaci\u00f3n a Pau Sans como <a class=\"read-more\" href=\"https:\/\/principesdeparis.es\/principes\/soberon-y-pau-sans-se-unen-a-un-ataque-sin-paulino\/\">Sigue leyendo<\/a><\/p>\n","protected":false},"author":2,"featured_media":20047,"comment_status":"open","ping_status":"open","sticky":false,"template":"","format":"standard","meta":{"footnotes":""},"categories":[13,1],"tags":[],"class_list":["post-20044","post","type-post","status-publish","format-standard","has-post-thumbnail","hentry","category-publicidad","category-real-zaragoza"],"_links":{"self":[{"href":"https:\/\/principesdeparis.es\/principes\/wp-json\/wp\/v2\/posts\/20044","targetHints":{"allow":["GET"]}}],"collection":[{"href":"https:\/\/principesdeparis.es\/principes\/wp-json\/wp\/v2\/posts"}],"about":[{"href":"https:\/\/principesdeparis.es\/principes\/wp-json\/wp\/v2\/types\/post"}],"author":[{"embeddable":true,"href":"https:\/\/principesdeparis.es\/principes\/wp-json\/wp\/v2\/users\/2"}],"replies":[{"embeddable":true,"href":"https:\/\/principesdeparis.es\/principes\/wp-json\/wp\/v2\/comments?post=20044"}],"version-history":[{"count":14,"href":"https:\/\/principesdeparis.es\/principes\/wp-json\/wp\/v2\/posts\/20044\/revisions"}],"predecessor-version":[{"id":20059,"href":"https:\/\/principesdeparis.es\/principes\/wp-json\/wp\/v2\/posts\/20044\/revisions\/20059"}],"wp:featuredmedia":[{"embeddable":true,"href":"https:\/\/principesdeparis.es\/principes\/wp-json\/wp\/v2\/media\/20047"}],"wp:attachment":[{"href":"https:\/\/principesdeparis.es\/principes\/wp-json\/wp\/v2\/media?parent=20044"}],"wp:term":[{"taxonomy":"category","embeddable":true,"href":"https:\/\/principesdeparis.es\/principes\/wp-json\/wp\/v2\/categories?post=20044"},{"taxonomy":"post_tag","embeddable":true,"href":"https:\/\/principesdeparis.es\/principes\/wp-json\/wp\/v2\/tags?post=20044"}],"curies":[{"name":"wp","href":"https:\/\/api.w.org\/{rel}","templated":true}]}}