{"id":20177,"date":"2025-09-06T15:35:26","date_gmt":"2025-09-06T15:35:26","guid":{"rendered":"https:\/\/principesdeparis.es\/principes\/?p=20177"},"modified":"2025-09-06T16:31:45","modified_gmt":"2025-09-06T16:31:45","slug":"entran-pomares-paulino-y-sans-y-sigue-saidu-de-centrocampista","status":"publish","type":"post","link":"https:\/\/principesdeparis.es\/principes\/entran-pomares-paulino-y-sans-y-sigue-saidu-de-centrocampista\/","title":{"rendered":"Entran Pomares, Paulino, Sans y Dani G\u00f3mez y sigue Saidu de centrocampista"},"content":{"rendered":"<p>El Real Zaragoza buscar\u00e1 su primera victoria de la temporada frente al Real Valladolid con una alineaci\u00f3n que presenta cuatro novedades con respecto al encuentro de Castell\u00f3n. Pomares se instala de lateral izquierdo, Paulino vuelve al carril derecho, Pau Sans, quien se ocupa del lugar de Bazdar (con su selecci\u00f3n), se instala de segundo delantero por detr\u00e1s de Dani G\u00f3mez, el cuarto cambio. Saidu contin\u00faa en el once, pero en esta ocasi\u00f3n lo har\u00e1 de centrocampista, en su posici\u00f3n natural, para acompa\u00f1ar a Guti en el doble pivote. El joven futbolista confirma as\u00ed la dependencia del conjunto aragon\u00e9s de su esplendor f\u00edsico, que se traslada a la medular para dejar la defensa en cuatro despu\u00e9s de la apuesta de tres centrales en Castalia.<\/p>\n<p>Los cuatro incorporaciones de \u00faltima hora del mercado estival. Andrada, Aguirregabiria, Akouokou y Kodro se quedan de salida en el banquillo a la espera de, sobre todo los jugadores de campo, ir entrando progresivamente en el equipo. Se mantienen en el once Adri\u00e1n, Insua y Radovanovic, centrales en los que Gabi Fern\u00e1ndez deposita su confianza mientras Tachi se recupera de su lesi\u00f3n, Juan Sebasti\u00e1n, que vuelve al lateral derecho, Guti, y Sebas Moyano.<\/p>\n<p>El equipo de Jorge <span class=\"font-weight-bold mr-2 float-left\">Almada supone el primer\u00a0 reto de altura de esta temporada, que se resume en tan s\u00f3lo un punto de nueve para un Real Zaragoza que necesita el triunfo como trampol\u00edn an\u00edmico despu\u00e9s de dos derrotas y un empate. El Pucela, reci\u00e9n descendido de la \u00e9lite, es el \u00fanico conjunto que a\u00fan no ha encajado un gol en el f\u00fatbol profesional espa\u00f1ol, lo que refleja cu\u00e1les son sus prioridades en base a un bloque muy fuerte t\u00e1ctica f\u00edsicamente. La afici\u00f3n, de vuelta al Ibercaja Estadio, espera descubrir de una vez qu\u00e9 es lo que quiere Gabi y si su mensaje cala entre sus futbolistas, por el momento expuestos a sistemas distintos y a la negaci\u00f3n del bal\u00f3n.<\/span><\/p>\n<p>Los puntos fuertes del Real Valladolid, a parte de su solidez competitiva, residen en su portero Guilherme, cedido por el Betis, el central Pablo Tomeo, exMirand\u00e9s, el extremo croata Biuk, un jugador con capacidades para el desborde y la asistencia, y el punta Juan Latasa, un tallo que sin un historial deslumbrante de cara a puerta destaca por su notable lectura de las diferentes propuestas ofensivas ofensivas con especial dominio del juego a\u00e9reo. Aldama repite alineaci\u00f3n por curta jornada consecutiva, todav\u00eda con sus refuerzos del cierre de mercado en la rec\u00e1mara.<\/p>\n<blockquote class=\"twitter-tweet\">\n<p dir=\"ltr\" lang=\"es\">\u26bd\ufe0f Nuestro en Ibercaja Estadio <a href=\"https:\/\/t.co\/qNgdx6crmB\">pic.twitter.com\/qNgdx6crmB<\/a><\/p>\n<p>\u2014 Real Zaragoza (@RealZaragoza) <a href=\"https:\/\/twitter.com\/RealZaragoza\/status\/1964349350697406962?ref_src=twsrc%5Etfw\">September 6, 2025<\/a><\/p><\/blockquote>\n<p><script async src=\"https:\/\/platform.twitter.com\/widgets.js\" charset=\"utf-8\"><\/script><\/p>\n<p>&nbsp;<\/p>\n<p>La alineaci\u00f3n del Real Valladolid<\/p>\n<blockquote class=\"twitter-tweet\">\n<p dir=\"ltr\" lang=\"es\">ONCE \u25aa 1\ufe0f\u20e31\ufe0f\u20e3<br \/>\nNuestros titulares en Zaragoza.<a href=\"https:\/\/twitter.com\/hashtag\/RealZaragozaRealValladolid?src=hash&amp;ref_src=twsrc%5Etfw\">#RealZaragozaRealValladolid<\/a> <a href=\"https:\/\/twitter.com\/hashtag\/11RV?src=hash&amp;ref_src=twsrc%5Etfw\">#11RV<\/a> <a href=\"https:\/\/t.co\/rq2FXYzbEk\">pic.twitter.com\/rq2FXYzbEk<\/a><\/p>\n<p>\u2014 Real Valladolid C.F. (@realvalladolid) <a href=\"https:\/\/twitter.com\/realvalladolid\/status\/1964346630850683255?ref_src=twsrc%5Etfw\">September 6, 2025<\/a><\/p><\/blockquote>\n<p><script async src=\"https:\/\/platform.twitter.com\/widgets.js\" charset=\"utf-8\"><\/script><\/p>\n","protected":false},"excerpt":{"rendered":"<p>El Real Zaragoza buscar\u00e1 su primera victoria de la temporada frente al Real Valladolid con una alineaci\u00f3n que presenta cuatro novedades con respecto al encuentro de Castell\u00f3n. Pomares se instala de lateral izquierdo, Paulino vuelve al carril derecho, Pau Sans, quien se ocupa del lugar de Bazdar (con su selecci\u00f3n), <a class=\"read-more\" href=\"https:\/\/principesdeparis.es\/principes\/entran-pomares-paulino-y-sans-y-sigue-saidu-de-centrocampista\/\">Sigue leyendo<\/a><\/p>\n","protected":false},"author":2,"featured_media":20179,"comment_status":"open","ping_status":"open","sticky":false,"template":"","format":"standard","meta":{"footnotes":""},"categories":[13,1],"tags":[],"class_list":["post-20177","post","type-post","status-publish","format-standard","has-post-thumbnail","hentry","category-publicidad","category-real-zaragoza"],"_links":{"self":[{"href":"https:\/\/principesdeparis.es\/principes\/wp-json\/wp\/v2\/posts\/20177","targetHints":{"allow":["GET"]}}],"collection":[{"href":"https:\/\/principesdeparis.es\/principes\/wp-json\/wp\/v2\/posts"}],"about":[{"href":"https:\/\/principesdeparis.es\/principes\/wp-json\/wp\/v2\/types\/post"}],"author":[{"embeddable":true,"href":"https:\/\/principesdeparis.es\/principes\/wp-json\/wp\/v2\/users\/2"}],"replies":[{"embeddable":true,"href":"https:\/\/principesdeparis.es\/principes\/wp-json\/wp\/v2\/comments?post=20177"}],"version-history":[{"count":14,"href":"https:\/\/principesdeparis.es\/principes\/wp-json\/wp\/v2\/posts\/20177\/revisions"}],"predecessor-version":[{"id":20193,"href":"https:\/\/principesdeparis.es\/principes\/wp-json\/wp\/v2\/posts\/20177\/revisions\/20193"}],"wp:featuredmedia":[{"embeddable":true,"href":"https:\/\/principesdeparis.es\/principes\/wp-json\/wp\/v2\/media\/20179"}],"wp:attachment":[{"href":"https:\/\/principesdeparis.es\/principes\/wp-json\/wp\/v2\/media?parent=20177"}],"wp:term":[{"taxonomy":"category","embeddable":true,"href":"https:\/\/principesdeparis.es\/principes\/wp-json\/wp\/v2\/categories?post=20177"},{"taxonomy":"post_tag","embeddable":true,"href":"https:\/\/principesdeparis.es\/principes\/wp-json\/wp\/v2\/tags?post=20177"}],"curies":[{"name":"wp","href":"https:\/\/api.w.org\/{rel}","templated":true}]}}