{"id":20261,"date":"2025-09-15T17:35:17","date_gmt":"2025-09-15T17:35:17","guid":{"rendered":"https:\/\/principesdeparis.es\/principes\/?p=20261"},"modified":"2025-09-15T18:05:25","modified_gmt":"2025-09-15T18:05:25","slug":"francho-de-lateral-paul-y-kodro-novedades-ante-el-albacete","status":"publish","type":"post","link":"https:\/\/principesdeparis.es\/principes\/francho-de-lateral-paul-y-kodro-novedades-ante-el-albacete\/","title":{"rendered":"Francho de lateral, Paul y Kodro, novedades ante el Albacete"},"content":{"rendered":"<p dir=\"ltr\" lang=\"es\">Algo ha visto Gabi Fern\u00e1ndez para prescindir de Juan Sebasti\u00e1n y entregar esa posici\u00f3n a Francho Serrano, un centrocampista de nacimiento que frente al Albacete se integrar\u00e1 en la defensa una vez m\u00e1s desde que el t\u00e9cnico madrile\u00f1o le reinvent\u00f3 en ese espacio donde rinde a medias. Es una de las grandes novedades de la alineaci\u00f3n en la b\u00fasqueda de la primera victoria de la temporada. Las otras dos se localizan en la medular, donde Paul Akouokou sigue tras debutar ante el Valladolid con el partido en marcha, y en la delantera, con Kodro tambi\u00e9n en el once para formar pareja de\u00a0 ataque con Dani G\u00f3mez despu\u00e9s de jugar unos minutos ante el Pucela.<\/p>\n<p dir=\"ltr\" lang=\"es\">La zaga mantiene su arquitectura a Saidu. El ghan\u00e9s part\u00eda con muchas opciones de quedarse fuera pese a su notable estado de forma, pero la baja de Radovanovic, quien no ha entrado en la citaci\u00f3n al igual que Tasende y Bakis, le permite continuar al lado de Insua para defender la porter\u00eda de Adri\u00e1n, mientras que Pomares conserva el lateral izquierdo. En la zona de elaboraci\u00f3n, Paul forma pareja con Guti en un t\u00e1ndem de larga vida seg\u00fan los gustos del t\u00e9cnico por ambos futbolistas, mientras que por los costados actuar\u00e1n Sebas Moyano y Paulino.<\/p>\n<p dir=\"ltr\" lang=\"es\">El encuentro pide m\u00e1s ambici\u00f3n o al menos m\u00e1s referencias arriba. No ha tardado Kodro en ganarse la confianza que ya ten\u00eda de antemano de Gabi Fern\u00e1ndez. La intenci\u00f3n es que el delantero aligere carga de trabajo a Dani G\u00f3mez ocup\u00e1ndose de las situaciones inc\u00f3modas, adem\u00e1s de pisar el \u00e1rea , que es la parcela que mejor domina. Si esta dupla funciona, Sober\u00f3n, Bazdar y Pau Sans, como ha ocurrido en esta ocasi\u00f3n, pasar\u00e1n a un plano de revulsivos como mucho, con Cuenca en un papel secundario.<\/p>\n<p dir=\"ltr\" lang=\"es\">El Real Zaragoza necesita los tres puntos para salir de la zona de descenso que ocupa antes de acabar la 5\u00aa jornada, que se cierra en el Ibercaja Estadio. Las urgencias, tambi\u00e9n para el cuadro de Alberto Gonz\u00e1lez, tienen aristas mucho m\u00e1s psicol\u00f3gicas que materiales con la temporada dando a\u00fan sus primeros pasos, pero el conjunto aragon\u00e9s hasta el momento tampoco ha ofrecido f\u00fatbol ni un plan reconocible que no sea el desplazamiento en largo y la caza furtiva de errores ajenos. El Albacete de Jes\u00fas Vallejo, el equipo m\u00e1s goleado del torneo y con la mejor tercera punter\u00eda, se presenta como el rival adecuado para la reacci\u00f3n siempre y cuando el Real Zaragoza tome de una vez el mando con autoridad. Si decide mantenerse a la espera, el partido puede hacerse largo e inc\u00f3modo porque los manchegos saben jugar.<\/p>\n<p>&nbsp;<\/p>\n<blockquote class=\"twitter-tweet\">\n<p dir=\"ltr\" lang=\"es\">\u2694\ufe0f Este es nuestro once 1\ufe0f\u20e31\ufe0f\u20e3 <a href=\"https:\/\/t.co\/XSBcNerMap\">pic.twitter.com\/XSBcNerMap<\/a><\/p>\n<p>\u2014 Real Zaragoza (@RealZaragoza) <a href=\"https:\/\/twitter.com\/RealZaragoza\/status\/1967637262793052613?ref_src=twsrc%5Etfw\">September 15, 2025<\/a><\/p><\/blockquote>\n<p><script async src=\"https:\/\/platform.twitter.com\/widgets.js\" charset=\"utf-8\"><\/script><\/p>\n<p>La alineaci\u00f3n del Albacete<\/p>\n<blockquote class=\"twitter-tweet\">\n<p dir=\"ltr\" lang=\"und\">XI <a href=\"https:\/\/t.co\/bteIdOaLFQ\">pic.twitter.com\/bteIdOaLFQ<\/a><\/p>\n<p>\u2014 Albacete Balompi\u00e9 (@AlbaceteBPSAD) <a href=\"https:\/\/twitter.com\/AlbaceteBPSAD\/status\/1967638033978859904?ref_src=twsrc%5Etfw\">September 15, 2025<\/a><\/p><\/blockquote>\n<p><script async src=\"https:\/\/platform.twitter.com\/widgets.js\" charset=\"utf-8\"><\/script><\/p>\n","protected":false},"excerpt":{"rendered":"<p>Algo ha visto Gabi Fern\u00e1ndez para prescindir de Juan Sebasti\u00e1n y entregar esa posici\u00f3n a Francho Serrano, un centrocampista de nacimiento que frente al Albacete se integrar\u00e1 en la defensa una vez m\u00e1s desde que el t\u00e9cnico madrile\u00f1o le reinvent\u00f3 en ese espacio donde rinde a medias. Es una de <a class=\"read-more\" href=\"https:\/\/principesdeparis.es\/principes\/francho-de-lateral-paul-y-kodro-novedades-ante-el-albacete\/\">Sigue leyendo<\/a><\/p>\n","protected":false},"author":2,"featured_media":20262,"comment_status":"open","ping_status":"open","sticky":false,"template":"","format":"standard","meta":{"footnotes":""},"categories":[13,1],"tags":[],"class_list":["post-20261","post","type-post","status-publish","format-standard","has-post-thumbnail","hentry","category-publicidad","category-real-zaragoza"],"_links":{"self":[{"href":"https:\/\/principesdeparis.es\/principes\/wp-json\/wp\/v2\/posts\/20261","targetHints":{"allow":["GET"]}}],"collection":[{"href":"https:\/\/principesdeparis.es\/principes\/wp-json\/wp\/v2\/posts"}],"about":[{"href":"https:\/\/principesdeparis.es\/principes\/wp-json\/wp\/v2\/types\/post"}],"author":[{"embeddable":true,"href":"https:\/\/principesdeparis.es\/principes\/wp-json\/wp\/v2\/users\/2"}],"replies":[{"embeddable":true,"href":"https:\/\/principesdeparis.es\/principes\/wp-json\/wp\/v2\/comments?post=20261"}],"version-history":[{"count":15,"href":"https:\/\/principesdeparis.es\/principes\/wp-json\/wp\/v2\/posts\/20261\/revisions"}],"predecessor-version":[{"id":20277,"href":"https:\/\/principesdeparis.es\/principes\/wp-json\/wp\/v2\/posts\/20261\/revisions\/20277"}],"wp:featuredmedia":[{"embeddable":true,"href":"https:\/\/principesdeparis.es\/principes\/wp-json\/wp\/v2\/media\/20262"}],"wp:attachment":[{"href":"https:\/\/principesdeparis.es\/principes\/wp-json\/wp\/v2\/media?parent=20261"}],"wp:term":[{"taxonomy":"category","embeddable":true,"href":"https:\/\/principesdeparis.es\/principes\/wp-json\/wp\/v2\/categories?post=20261"},{"taxonomy":"post_tag","embeddable":true,"href":"https:\/\/principesdeparis.es\/principes\/wp-json\/wp\/v2\/tags?post=20261"}],"curies":[{"name":"wp","href":"https:\/\/api.w.org\/{rel}","templated":true}]}}