{"id":20468,"date":"2025-10-09T12:45:40","date_gmt":"2025-10-09T12:45:40","guid":{"rendered":"https:\/\/principesdeparis.es\/principes\/?p=20468"},"modified":"2025-10-09T12:46:02","modified_gmt":"2025-10-09T12:46:02","slug":"gabi-en-el-monte-de-los-olivos","status":"publish","type":"post","link":"https:\/\/principesdeparis.es\/principes\/gabi-en-el-monte-de-los-olivos\/","title":{"rendered":"Gabi en el Monte de los Olivos"},"content":{"rendered":"<p style=\"text-align: center;\"><strong>El entrenador pide perd\u00f3n por su expulsi\u00f3n y su exceso de pasi\u00f3n, dice que no se rinde, que est\u00e1 sufriendo porque siente al Real Zaragoza y que sabe \u00abde qu\u00e9 va este negocio\u00bb<\/strong><\/p>\n<p>Almer\u00eda puede ser la \u00faltima parada de Gabi Fern\u00e1ndez si el Real Zaragoza suma una nueva derrota. El entrenador est\u00e1 en su particular Monte de los Olivos y sabe que un resultado negativo podr\u00eda descabalgarle del banquillo, algo que no le sorprender\u00eda pero a lo que intenta rebajar dramatismo. \u00abS\u00e9 c\u00f3mo funciona este negocio. Cuando los resultados no llegan el entrenador es el responsable y es normal. M\u00e1s all\u00e1 de eso a los jugadores les transmito la tranquilidad que necesitan. Los t\u00e9cnicos no tenemos varitas m\u00e1gicas. Si hubi\u00e9semos ganado al C\u00f3rdoba, que lo merecimos, estar\u00edamos hablando de playoff, de lo buenos que somos. El rival del Real Zaragoza no es Gabi sino el Almer\u00eda\u00bb. El contexto, una victoria en ocho jornadas y cuatro goles a favor que han colocado al equipo pen\u00faltimo, no es el ideal ni en lo deportivo ni en lo personal. \u00abEstoy jodido porque mi sentimiento de pertenencia hacia el club es muy importante. Cuando los resultados no llegan vienen la dudas, pero quiero transmitir tranquilidad a la plantilla\u00bb.<\/p>\n<p>\u00abNo me preocupa mi puesto, ni lo pienso en ello lo m\u00e1s m\u00ednimo. Mi energ\u00eda est\u00e1 centrada en ganar al Almer\u00eda. Luego habr\u00e1 gente que crea que me tienen que echar y otros que no\u00bb. En los juegos del Mediterr\u00e1neo cumplir\u00e1 el primer partido de los dos con los que ha sido sancionado por su expulsi\u00f3n frente al C\u00f3rdoba. \u00abLo pasar\u00e9 mal porque soy una persona pasional e impulsiva y muchas veces me equivoco como ocurri\u00f3 el domingo. Un entrenador no puede comportarse as\u00ed y pido disculpas a la afici\u00f3n como ya hice con los futbolistas\u00bb. Pese a que procure maquillar que todo va bien y env\u00ede el mensaje de el Real Zaragoza mejorar\u00e1, su discurso evidencia el momento que atraviesa. \u00abEstoy mal. Soy una persona que siente por el Real Zaragoza. Estuve cuatro a\u00f1os aqu\u00ed, me hijo es de aqu\u00ed. Estoy poniendo todo lo que tengo y no me rindo ni me voy a rendir\u00bb.<\/p>\n<p>Pomares es duda mientras que Dani G\u00f3mez, que pas\u00f3 por una gastroenteritis y ha sido padre, y Keidi Bare entrar\u00e1n en una citaci\u00f3n en la que son baja Akouokou por sanci\u00f3n, y Bazdar, con su selecci\u00f3n. Para la medular comenta que tiene \u00abalternativas\u00bb sin descubrir a los protagonistas ni aclarar si cambiar\u00e1 de sistema. El gol volver\u00e1 a ser una cuesti\u00f3n vital porque el t\u00e9cnico considera que en defensa todo va sobre ruedas. \u00abLos partidos que hemos disputado lo hemos hecho con un equipo que defiende bien, que es superior el rival. Tenemos un problema importante que es la falta de gol y a ver si en un momento determinado tomamos mejores decisiones en la parte ofensiva\u00bb. La punter\u00eda, eso s\u00ed, viene de f\u00e1brica. \u00abEs una situaci\u00f3n que no se puede mejorar. No se pueden entrenar. Entra la ansiedad del jugador, la calidad, el cansancio. Generamos ocasiones y por eso no me preocupa, como se vio contra el C\u00f3rdoba en un partido perfecto porque adem\u00e1s les quitamos el bal\u00f3n\u00bb. El Almer\u00eda, que flojea atr\u00e1s, s\u00ed tiene artiller\u00eda de la buena. \u00abAl contrario que nosotros, no necesitan tener diez oportunidades para hacerte gol y es verdad que sufren en defensa. La intensidad ser\u00e1 clave, si defendemos y logramos que no est\u00e9n c\u00f3modos en la finalizaci\u00f3n, podemos ganar el partido\u00bb, apunta un Gabi ya con la corona de espinas en la cabeza.<\/p>\n","protected":false},"excerpt":{"rendered":"<p>El entrenador pide perd\u00f3n por su expulsi\u00f3n y su exceso de pasi\u00f3n, dice que no se rinde, que est\u00e1 sufriendo porque siente al Real Zaragoza y que sabe \u00abde qu\u00e9 va este negocio\u00bb Almer\u00eda puede ser la \u00faltima parada de Gabi Fern\u00e1ndez si el Real Zaragoza suma una nueva derrota. <a class=\"read-more\" href=\"https:\/\/principesdeparis.es\/principes\/gabi-en-el-monte-de-los-olivos\/\">Sigue leyendo<\/a><\/p>\n","protected":false},"author":2,"featured_media":20470,"comment_status":"open","ping_status":"open","sticky":false,"template":"","format":"standard","meta":{"footnotes":""},"categories":[13,1],"tags":[],"class_list":["post-20468","post","type-post","status-publish","format-standard","has-post-thumbnail","hentry","category-publicidad","category-real-zaragoza"],"_links":{"self":[{"href":"https:\/\/principesdeparis.es\/principes\/wp-json\/wp\/v2\/posts\/20468","targetHints":{"allow":["GET"]}}],"collection":[{"href":"https:\/\/principesdeparis.es\/principes\/wp-json\/wp\/v2\/posts"}],"about":[{"href":"https:\/\/principesdeparis.es\/principes\/wp-json\/wp\/v2\/types\/post"}],"author":[{"embeddable":true,"href":"https:\/\/principesdeparis.es\/principes\/wp-json\/wp\/v2\/users\/2"}],"replies":[{"embeddable":true,"href":"https:\/\/principesdeparis.es\/principes\/wp-json\/wp\/v2\/comments?post=20468"}],"version-history":[{"count":1,"href":"https:\/\/principesdeparis.es\/principes\/wp-json\/wp\/v2\/posts\/20468\/revisions"}],"predecessor-version":[{"id":20469,"href":"https:\/\/principesdeparis.es\/principes\/wp-json\/wp\/v2\/posts\/20468\/revisions\/20469"}],"wp:featuredmedia":[{"embeddable":true,"href":"https:\/\/principesdeparis.es\/principes\/wp-json\/wp\/v2\/media\/20470"}],"wp:attachment":[{"href":"https:\/\/principesdeparis.es\/principes\/wp-json\/wp\/v2\/media?parent=20468"}],"wp:term":[{"taxonomy":"category","embeddable":true,"href":"https:\/\/principesdeparis.es\/principes\/wp-json\/wp\/v2\/categories?post=20468"},{"taxonomy":"post_tag","embeddable":true,"href":"https:\/\/principesdeparis.es\/principes\/wp-json\/wp\/v2\/tags?post=20468"}],"curies":[{"name":"wp","href":"https:\/\/api.w.org\/{rel}","templated":true}]}}