{"id":20478,"date":"2025-10-11T15:24:45","date_gmt":"2025-10-11T15:24:45","guid":{"rendered":"https:\/\/principesdeparis.es\/principes\/?p=20478"},"modified":"2025-10-11T16:02:15","modified_gmt":"2025-10-11T16:02:15","slug":"keidi-bare-y-moya-novedades-en-la-medular-en-almeria","status":"publish","type":"post","link":"https:\/\/principesdeparis.es\/principes\/keidi-bare-y-moya-novedades-en-la-medular-en-almeria\/","title":{"rendered":"Keidi Bare y Moya, novedades en la medular en Almer\u00eda"},"content":{"rendered":"<p>Dos novedades presenta el Real Zaragoza en el encuentro frente al Almer\u00eda, Y las dos por obligaci\u00f3n, la de <strong>Keidi Bare<\/strong> por la baja\u00a0 por sanci\u00f3n de <strong>Akouokou<\/strong>, y la de <strong>Toni Moya<\/strong> por un virus que ha dejado fuera de la alineaci\u00f3n a<strong> Saidu<\/strong>. El par de cambios redibuja la medular, donde permanece <strong>Guti<\/strong>, pero no el sistema, que vuelve a ser el mismo que en las dos \u00faltimas jornadas con un trivote y un s\u00f3lo delantero, <strong>Dani G\u00f3mez<\/strong>. El conjunto aragon\u00e9s, pen\u00faltimo, afronta el partido m\u00e1s complicado de lo que va de temporada precisamente en su momento m\u00e1s cr\u00edtico. Necesita los tres puntos con urgencia para abandonar una posici\u00f3n que est\u00e1 sembrando serias dudas y para evitar que su entrenador, un <strong>Gabi Fern\u00e1ndez <\/strong>que vera el choque desde la grada por la expulsi\u00f3n que recibi\u00f3 ante el C\u00f3rdoba<strong>, sea destituido o se quede al borde de la \u00faltima oportunidad<\/strong>.<\/p>\n<p>Nada m\u00e1s se mueve en el tablero en el UD Almer\u00eda Stadium, con <strong>Francho<\/strong> repitiendo de lateral derecho y una defensa completada por <strong>Andrada<\/strong> en la porter\u00eda e <strong>Insua, Tachi<\/strong> y <strong>Tasende. <\/strong>Los costados con tendencia a interiorizar las intervenciones corresponde a <strong>Sebas Moyano<\/strong> y un <strong>Cuenca<\/strong> en el que el t\u00e9cnico mantiene su confianza. Sin <strong>Bazdar<\/strong>, con la selecci\u00f3n de Bosnia, Gabi conserva en el banco su legi\u00f3n de delanteros (<strong>Sober\u00f3n, Kodro, Pau Sans y Bakis<\/strong>), decisi\u00f3n que tom\u00f3 frente al Mirand\u00e9s tras renunciar\u00a0 su idea originaria de jugar con dos puntas para dotar al grupo de una solidez descompensada por la escasa productividad ofensiva.<\/p>\n<p>La derrota contra el C\u00f3rdoba despu\u00e9s de sumar la primera victoria del curso en Mendizorroza devolvi\u00f3 al Real Zaragoza a la profundidad de la categor\u00eda y al s\u00f3tano de las incertidumbres, malherido de goles (tan s\u00f3lo cuatro a favor) y sin argumentos futbol\u00edsticos m\u00e1s all\u00e1 de protegerse con una estrategia primitiva. Su rival de esta tarde, un claro aspirante a los primeros puestos de la tabla, se presenta en claro crecimiento despu\u00e9s de un comienzo muy irregular. <strong>Rubi<\/strong> cuenta con una plantilla de considerable potencial que trabaja para ser protagonista aun a riesgo, como ha ocurrido, de tener episodios de vulnerabilidad. Con<strong> Embarba, Melamed, Arribas<\/strong> y <strong>Leo<\/strong> <strong>Baptistao<\/strong>, todos en el once, el Almer\u00eda mira al frente con goles y creatividad, justo lo que a\u00f1ora un Real Zaragoza que busca un milagro esta jornada.<\/p>\n<blockquote class=\"twitter-tweet\">\n<p dir=\"ltr\" lang=\"es\">\u2694\ufe0f Nuestro en Almer\u00eda \u2694\ufe0f <a href=\"https:\/\/t.co\/SpK81aUx72\">pic.twitter.com\/SpK81aUx72<\/a><\/p>\n<p>\u2014 Real Zaragoza (@RealZaragoza) <a href=\"https:\/\/twitter.com\/RealZaragoza\/status\/1977030741063348422?ref_src=twsrc%5Etfw\">October 11, 2025<\/a><\/p><\/blockquote>\n<p><script async src=\"https:\/\/platform.twitter.com\/widgets.js\" charset=\"utf-8\"><\/script><\/p>\n<p>La alineaci\u00f3n del Almer\u00eda<\/p>\n<blockquote class=\"twitter-tweet\">\n<p dir=\"ltr\" lang=\"es\">\u2694\ufe0f\ufe0f \u00a1Estos son los once rojiblancos que saltar\u00e1n de inicio a defender nuestro escudo!<a href=\"https:\/\/twitter.com\/hashtag\/VamosAlmer%C3%ADa?src=hash&amp;ref_src=twsrc%5Etfw\">#VamosAlmer\u00eda<\/a> \u26aa | \u26bd\ufe0f <a href=\"https:\/\/twitter.com\/hashtag\/Almer%C3%ADaRealZaragoza?src=hash&amp;ref_src=twsrc%5Etfw\">#Almer\u00edaRealZaragoza<\/a> | <a href=\"https:\/\/twitter.com\/hashtag\/UDAradio?src=hash&amp;ref_src=twsrc%5Etfw\">#UDAradio<\/a> <a href=\"https:\/\/t.co\/dj0WhjeBbh\">pic.twitter.com\/dj0WhjeBbh<\/a><\/p>\n<p>\u2014 UD Almer\u00eda (@U_D_Almeria) <a href=\"https:\/\/twitter.com\/U_D_Almeria\/status\/1977030570451648660?ref_src=twsrc%5Etfw\">October 11, 2025<\/a><\/p><\/blockquote>\n<p><script async src=\"https:\/\/platform.twitter.com\/widgets.js\" charset=\"utf-8\"><\/script><\/p>\n","protected":false},"excerpt":{"rendered":"<p>Dos novedades presenta el Real Zaragoza en el encuentro frente al Almer\u00eda, Y las dos por obligaci\u00f3n, la de Keidi Bare por la baja\u00a0 por sanci\u00f3n de Akouokou, y la de Toni Moya por un virus que ha dejado fuera de la alineaci\u00f3n a Saidu. El par de cambios redibuja <a class=\"read-more\" href=\"https:\/\/principesdeparis.es\/principes\/keidi-bare-y-moya-novedades-en-la-medular-en-almeria\/\">Sigue leyendo<\/a><\/p>\n","protected":false},"author":2,"featured_media":20481,"comment_status":"open","ping_status":"open","sticky":false,"template":"","format":"standard","meta":{"footnotes":""},"categories":[13,1],"tags":[],"class_list":["post-20478","post","type-post","status-publish","format-standard","has-post-thumbnail","hentry","category-publicidad","category-real-zaragoza"],"_links":{"self":[{"href":"https:\/\/principesdeparis.es\/principes\/wp-json\/wp\/v2\/posts\/20478","targetHints":{"allow":["GET"]}}],"collection":[{"href":"https:\/\/principesdeparis.es\/principes\/wp-json\/wp\/v2\/posts"}],"about":[{"href":"https:\/\/principesdeparis.es\/principes\/wp-json\/wp\/v2\/types\/post"}],"author":[{"embeddable":true,"href":"https:\/\/principesdeparis.es\/principes\/wp-json\/wp\/v2\/users\/2"}],"replies":[{"embeddable":true,"href":"https:\/\/principesdeparis.es\/principes\/wp-json\/wp\/v2\/comments?post=20478"}],"version-history":[{"count":15,"href":"https:\/\/principesdeparis.es\/principes\/wp-json\/wp\/v2\/posts\/20478\/revisions"}],"predecessor-version":[{"id":20495,"href":"https:\/\/principesdeparis.es\/principes\/wp-json\/wp\/v2\/posts\/20478\/revisions\/20495"}],"wp:featuredmedia":[{"embeddable":true,"href":"https:\/\/principesdeparis.es\/principes\/wp-json\/wp\/v2\/media\/20481"}],"wp:attachment":[{"href":"https:\/\/principesdeparis.es\/principes\/wp-json\/wp\/v2\/media?parent=20478"}],"wp:term":[{"taxonomy":"category","embeddable":true,"href":"https:\/\/principesdeparis.es\/principes\/wp-json\/wp\/v2\/categories?post=20478"},{"taxonomy":"post_tag","embeddable":true,"href":"https:\/\/principesdeparis.es\/principes\/wp-json\/wp\/v2\/tags?post=20478"}],"curies":[{"name":"wp","href":"https:\/\/api.w.org\/{rel}","templated":true}]}}