{"id":20511,"date":"2025-10-12T11:44:41","date_gmt":"2025-10-12T11:44:41","guid":{"rendered":"https:\/\/principesdeparis.es\/principes\/?p=20511"},"modified":"2025-10-12T17:33:38","modified_gmt":"2025-10-12T17:33:38","slug":"el-real-zaragoza-destituye-a-gabi-fernandez","status":"publish","type":"post","link":"https:\/\/principesdeparis.es\/principes\/el-real-zaragoza-destituye-a-gabi-fernandez\/","title":{"rendered":"El Real Zaragoza destituye a Gabi Fern\u00e1ndez"},"content":{"rendered":"<p>El Real Zaragoza ha anunciado que el club y Gabi Fern\u00e1ndez han llegado a un acuerdo para la rescisi\u00f3n del contrato del entrenador madrile\u00f1o. La derrota frene al Almer\u00eda (4-2) y el hecho de que el equipo sea colista con tan s\u00f3lo seis puntos y una sola victoria en nueve jornadas, adem\u00e1s de no haber mostrado personalidad alguna en este periodo de la competici\u00f3n, han resultado capitales para que que la entidad haya tomado esta medida dr\u00e1stica que ya se empez\u00f3 a gestar al acabar el partido en el UD Almer\u00eda Stadium. El t\u00e9cnico del filial, Emilio Larraz, Emilio Larraz, se encargar\u00e1 de dirigir los entrenamientos a la espera de saber qui\u00e9n ser\u00e1 el nuevo propietario del banquillo en el pr\u00f3ximo encuentro frente al a del banquillo ante la Cultural Leonesa.<\/p>\n<p>Este es el comunicado del club:<\/p>\n<p>Gabi y el Real Zaragoza finalizan su relaci\u00f3n contractual, despu\u00e9s de la derrota producida en Almer\u00eda este pasado s\u00e1bado. El t\u00e9cnico madrile\u00f1o lleg\u00f3 a La Romareda para liderar al equipo en los once \u00faltimos partidos de la temporada pasada, demostrando valent\u00eda y amor por los colores zaragocistas asumiendo el complejo reto de la permanencia en una situaci\u00f3n delicada para el club. Hecho que consigui\u00f3 en la pen\u00faltima jornada de LaLiga ganado al Deportivo de la Coru\u00f1a en el \u00faltimo partido de La Romareda (1-0).<\/p>\n<p>Hoy pone fin a su etapa como entrenador blanquillo y desde el Real Zaragoza le damos las gracias por la profesionalidad y el compromiso que ha demostrado como nuestro entrenador. A pesar de que los resultados no han sido los esperados en este inicio de temporada, el club y el zaragocismo siempre le estar\u00e1n agradecidos por acudir en una situaci\u00f3n dif\u00edcil para la entidad como la que se vivi\u00f3 el curso pasado.<\/p>\n<p>Gracias, Gabi. \u00c9sta siempre ser\u00e1 tu casa. Te deseamos lo mejor en tus futuros retos profesionales.<\/p>\n<blockquote class=\"twitter-tweet\">\n<p dir=\"ltr\" lang=\"es\">Gabi y el Real Zaragoza finalizan su relaci\u00f3n contractual<\/p>\n<p>Gracias, Gabi. Gracias por tu valent\u00eda y tu desempe\u00f1o fundamental durante la temporada pasada. Gracias por todo tu trabajo, tu pasi\u00f3n y tu dedicaci\u00f3n<\/p>\n<p>Te deseamos lo mejor<\/p>\n<p>Esta siempre ser\u00e1 tu casa<\/p>\n<p>\u2014 Real Zaragoza (@RealZaragoza) <a href=\"https:\/\/twitter.com\/RealZaragoza\/status\/1977337744595775792?ref_src=twsrc%5Etfw\">October 12, 2025<\/a><\/p><\/blockquote>\n<p><script async src=\"https:\/\/platform.twitter.com\/widgets.js\" charset=\"utf-8\"><\/script><\/p>\n<blockquote class=\"twitter-tweet\">\n<p lang=\"es\" dir=\"ltr\">\u2757\ufe0f GABI abandona la Ciudad Deportiva tras su destituci\u00f3n como t\u00e9cnico del <a href=\"https:\/\/twitter.com\/hashtag\/RealZaragoza?src=hash&amp;ref_src=twsrc%5Etfw\">#RealZaragoza<\/a>: &quot;Me voy jodido por la situaci\u00f3n pero tranquilo con el trabajo y sin ning\u00fan reproche a nadie&quot; <a href=\"https:\/\/t.co\/AbPyLg0adS\">pic.twitter.com\/AbPyLg0adS<\/a><\/p>\n<p>&mdash; Radio MARCA Zaragoza (@radiomarcazgz) <a href=\"https:\/\/twitter.com\/radiomarcazgz\/status\/1977339826027549111?ref_src=twsrc%5Etfw\">October 12, 2025<\/a><\/p><\/blockquote>\n<p> <script async src=\"https:\/\/platform.twitter.com\/widgets.js\" charset=\"utf-8\"><\/script><\/p>\n","protected":false},"excerpt":{"rendered":"<p>El Real Zaragoza ha anunciado que el club y Gabi Fern\u00e1ndez han llegado a un acuerdo para la rescisi\u00f3n del contrato del entrenador madrile\u00f1o. La derrota frene al Almer\u00eda (4-2) y el hecho de que el equipo sea colista con tan s\u00f3lo seis puntos y una sola victoria en nueve <a class=\"read-more\" href=\"https:\/\/principesdeparis.es\/principes\/el-real-zaragoza-destituye-a-gabi-fernandez\/\">Sigue leyendo<\/a><\/p>\n","protected":false},"author":2,"featured_media":20512,"comment_status":"open","ping_status":"open","sticky":false,"template":"","format":"standard","meta":{"footnotes":""},"categories":[13,1],"tags":[],"class_list":["post-20511","post","type-post","status-publish","format-standard","has-post-thumbnail","hentry","category-publicidad","category-real-zaragoza"],"_links":{"self":[{"href":"https:\/\/principesdeparis.es\/principes\/wp-json\/wp\/v2\/posts\/20511","targetHints":{"allow":["GET"]}}],"collection":[{"href":"https:\/\/principesdeparis.es\/principes\/wp-json\/wp\/v2\/posts"}],"about":[{"href":"https:\/\/principesdeparis.es\/principes\/wp-json\/wp\/v2\/types\/post"}],"author":[{"embeddable":true,"href":"https:\/\/principesdeparis.es\/principes\/wp-json\/wp\/v2\/users\/2"}],"replies":[{"embeddable":true,"href":"https:\/\/principesdeparis.es\/principes\/wp-json\/wp\/v2\/comments?post=20511"}],"version-history":[{"count":5,"href":"https:\/\/principesdeparis.es\/principes\/wp-json\/wp\/v2\/posts\/20511\/revisions"}],"predecessor-version":[{"id":20521,"href":"https:\/\/principesdeparis.es\/principes\/wp-json\/wp\/v2\/posts\/20511\/revisions\/20521"}],"wp:featuredmedia":[{"embeddable":true,"href":"https:\/\/principesdeparis.es\/principes\/wp-json\/wp\/v2\/media\/20512"}],"wp:attachment":[{"href":"https:\/\/principesdeparis.es\/principes\/wp-json\/wp\/v2\/media?parent=20511"}],"wp:term":[{"taxonomy":"category","embeddable":true,"href":"https:\/\/principesdeparis.es\/principes\/wp-json\/wp\/v2\/categories?post=20511"},{"taxonomy":"post_tag","embeddable":true,"href":"https:\/\/principesdeparis.es\/principes\/wp-json\/wp\/v2\/tags?post=20511"}],"curies":[{"name":"wp","href":"https:\/\/api.w.org\/{rel}","templated":true}]}}