{"id":20518,"date":"2025-10-12T21:02:15","date_gmt":"2025-10-12T21:02:15","guid":{"rendered":"https:\/\/principesdeparis.es\/principes\/?p=20518"},"modified":"2025-10-12T21:31:53","modified_gmt":"2025-10-12T21:31:53","slug":"emilio-larraz-dirigira-al-real-zaragoza-frente-a-la-cultural","status":"publish","type":"post","link":"https:\/\/principesdeparis.es\/principes\/emilio-larraz-dirigira-al-real-zaragoza-frente-a-la-cultural\/","title":{"rendered":"Emilio Larraz dirigir\u00e1 al Real Zaragoza frente a la Cultural"},"content":{"rendered":"<p class=\"ft-title ft-helper-spacer-b-xs ft-helper-fontSize-heading-M\">\u00abNunca he sido acomodado, quiero terminar mi carrera al alza\u00bb, dijo Emilio Larraz, t\u00e9cnico del filial, en una entrevista con motivo de cumplir mil partidos como entrenador. A los 57 a\u00f1os, despu\u00e9s de una carrera de 28 temporadas consecutivas al frente de clubes de Tercera y Segunda B, entre ellos en tres ocasiones el Deportivo Arag\u00f3n, Larraz va a cumplir el sue\u00f1o de su vida, un reto que jam\u00e1s le quit\u00f3 el sue\u00f1o pero cuya llama ha mantenido siempre encendida en su noble coraz\u00f3n zaragocista: dirigir\u00e1 al Real Zaragoza frente a la Cultural Leonesa en el pr\u00f3ximo encuentro del conjunto blanquillo. As\u00ed lo ha comunicado el club con una redacci\u00f3n algo ambigua. \u00abEl Real Zaragoza ha decidido, tras una reuni\u00f3n mantenida esta tarde en las oficinas del club junto a <strong>Emilio Larraz<\/strong>, que el entrenador del Deportivo Arag\u00f3n\u00a0<strong>asuma las riendas del primer equipo<\/strong>. De esta manera, el t\u00e9cnico zaragozano dirigir\u00e1 la sesi\u00f3n de entrenamiento de este lunes 13 de octubre a partir de las 11:00 horas, en la vuelta al trabajo del equipo\u00bb. En esta nota no queda expl\u00edcito que el zaragozano vaya a estar en ese encuentro, pero Pr\u00edncipes de Paris ha podido confirmar que lo har\u00e1 en el que supondr\u00e1 su primer partido oficial con el Real Zaragoza.\u00a0 La posibilidad de que contin\u00fae el resto de la temporada despu\u00e9s de la destituci\u00f3n de Gabi Fern\u00e1ndez ha quedado abierta a que la direcci\u00f3n deportiva encuentra el perfil de profesional que est\u00e1 buscando para sustituir al t\u00e9cnico madrile\u00f1o &#8211;algo que parece improbable despu\u00e9s de varias tentativas sin \u00e9xito por parte de Txema Indias&#8211; y, posiblemente, a c\u00f3mo responda el equipo con Emilio Larraz al volante, que se enfrenta a una situaci\u00f3n delicad\u00edsima como colista de Segunda y un s\u00f3lo triunfo en nueve jornadas.<\/p>\n<p>&nbsp;<\/p>\n<blockquote class=\"twitter-tweet\">\n<p dir=\"ltr\" lang=\"es\">\u2139\ufe0f Emilio Larraz toma las riendas del banquillo del Real Zaragoza<\/p>\n<p>El entrenador del Deportivo Arag\u00f3n dirigir\u00e1 al primer equipo este lunes en la sesi\u00f3n de entrenamiento a partir de las 11:00 horas en la Ciudad Deportiva<\/p>\n<p>\u2014 Real Zaragoza (@RealZaragoza) <a href=\"https:\/\/twitter.com\/RealZaragoza\/status\/1977477981401661890?ref_src=twsrc%5Etfw\">October 12, 2025<\/a><\/p><\/blockquote>\n<p><script async src=\"https:\/\/platform.twitter.com\/widgets.js\" charset=\"utf-8\"><\/script><\/p>\n","protected":false},"excerpt":{"rendered":"<p>\u00abNunca he sido acomodado, quiero terminar mi carrera al alza\u00bb, dijo Emilio Larraz, t\u00e9cnico del filial, en una entrevista con motivo de cumplir mil partidos como entrenador. A los 57 a\u00f1os, despu\u00e9s de una carrera de 28 temporadas consecutivas al frente de clubes de Tercera y Segunda B, entre ellos <a class=\"read-more\" href=\"https:\/\/principesdeparis.es\/principes\/emilio-larraz-dirigira-al-real-zaragoza-frente-a-la-cultural\/\">Sigue leyendo<\/a><\/p>\n","protected":false},"author":2,"featured_media":20519,"comment_status":"open","ping_status":"open","sticky":false,"template":"","format":"standard","meta":{"footnotes":""},"categories":[13,1],"tags":[],"class_list":["post-20518","post","type-post","status-publish","format-standard","has-post-thumbnail","hentry","category-publicidad","category-real-zaragoza"],"_links":{"self":[{"href":"https:\/\/principesdeparis.es\/principes\/wp-json\/wp\/v2\/posts\/20518","targetHints":{"allow":["GET"]}}],"collection":[{"href":"https:\/\/principesdeparis.es\/principes\/wp-json\/wp\/v2\/posts"}],"about":[{"href":"https:\/\/principesdeparis.es\/principes\/wp-json\/wp\/v2\/types\/post"}],"author":[{"embeddable":true,"href":"https:\/\/principesdeparis.es\/principes\/wp-json\/wp\/v2\/users\/2"}],"replies":[{"embeddable":true,"href":"https:\/\/principesdeparis.es\/principes\/wp-json\/wp\/v2\/comments?post=20518"}],"version-history":[{"count":11,"href":"https:\/\/principesdeparis.es\/principes\/wp-json\/wp\/v2\/posts\/20518\/revisions"}],"predecessor-version":[{"id":20531,"href":"https:\/\/principesdeparis.es\/principes\/wp-json\/wp\/v2\/posts\/20518\/revisions\/20531"}],"wp:featuredmedia":[{"embeddable":true,"href":"https:\/\/principesdeparis.es\/principes\/wp-json\/wp\/v2\/media\/20519"}],"wp:attachment":[{"href":"https:\/\/principesdeparis.es\/principes\/wp-json\/wp\/v2\/media?parent=20518"}],"wp:term":[{"taxonomy":"category","embeddable":true,"href":"https:\/\/principesdeparis.es\/principes\/wp-json\/wp\/v2\/categories?post=20518"},{"taxonomy":"post_tag","embeddable":true,"href":"https:\/\/principesdeparis.es\/principes\/wp-json\/wp\/v2\/tags?post=20518"}],"curies":[{"name":"wp","href":"https:\/\/api.w.org\/{rel}","templated":true}]}}