{"id":20539,"date":"2025-10-14T09:35:35","date_gmt":"2025-10-14T09:35:35","guid":{"rendered":"https:\/\/principesdeparis.es\/principes\/?p=20539"},"modified":"2025-10-14T09:47:33","modified_gmt":"2025-10-14T09:47:33","slug":"keidi-bare-sera-operado-hoy-de-apendicitis","status":"publish","type":"post","link":"https:\/\/principesdeparis.es\/principes\/keidi-bare-sera-operado-hoy-de-apendicitis\/","title":{"rendered":"Keidi Bare ser\u00e1 operado hoy de apendicitis"},"content":{"rendered":"<p>Keidi Bare ser\u00e1 sometido esta misma ma\u00f1ana a una operaci\u00f3n de apendicitis. El centrocampista estar\u00e1 de baja al menos cuatro semanas antes de poder regresar a la actividad deportiva, por lo que se perder\u00e1 como m\u00ednimo, pendiente de evoluci\u00f3n, los pr\u00f3ximos encuentros contra la Cultural Leonesa, Sporting, Deportivo y Granada. El jugador alban\u00e9s apenas est\u00e1 teniendo participaci\u00f3n esta temporada en el equipo, con tan s\u00f3lo dos titularidades en nueve jornadas, una con derrota frente al Ceuta y otra este pasado fin de semana en Almer\u00eda, donde el Real Zaragoza tambi\u00e9n perdi\u00f3 en un partido que fue la antesala del despido como entrenador de Gabi Fern\u00e1ndez. Disput\u00f3 44 minutos en el empate sin\u00a0 goles frente al Albacete y 7 en la victoria sobre el Mirand\u00e9s en Mendizorroza.<\/p>\n<p>&nbsp;<\/p>\n<blockquote class=\"twitter-tweet\">\n<p dir=\"ltr\" lang=\"es\">\u2139\ufe0f Keidi Bare ha sido diagnosticado de apendicitis y ser\u00e1 operado a lo largo del d\u00eda de hoy<\/p>\n<p>\u2014 Real Zaragoza (@RealZaragoza) <a href=\"https:\/\/twitter.com\/RealZaragoza\/status\/1978022456192651535?ref_src=twsrc%5Etfw\">October 14, 2025<\/a><\/p><\/blockquote>\n<p><script async src=\"https:\/\/platform.twitter.com\/widgets.js\" charset=\"utf-8\"><\/script><\/p>\n","protected":false},"excerpt":{"rendered":"<p>Keidi Bare ser\u00e1 sometido esta misma ma\u00f1ana a una operaci\u00f3n de apendicitis. El centrocampista estar\u00e1 de baja al menos cuatro semanas antes de poder regresar a la actividad deportiva, por lo que se perder\u00e1 como m\u00ednimo, pendiente de evoluci\u00f3n, los pr\u00f3ximos encuentros contra la Cultural Leonesa, Sporting, Deportivo y Granada. <a class=\"read-more\" href=\"https:\/\/principesdeparis.es\/principes\/keidi-bare-sera-operado-hoy-de-apendicitis\/\">Sigue leyendo<\/a><\/p>\n","protected":false},"author":2,"featured_media":20540,"comment_status":"open","ping_status":"open","sticky":false,"template":"","format":"standard","meta":{"footnotes":""},"categories":[13,1],"tags":[],"class_list":["post-20539","post","type-post","status-publish","format-standard","has-post-thumbnail","hentry","category-publicidad","category-real-zaragoza"],"_links":{"self":[{"href":"https:\/\/principesdeparis.es\/principes\/wp-json\/wp\/v2\/posts\/20539","targetHints":{"allow":["GET"]}}],"collection":[{"href":"https:\/\/principesdeparis.es\/principes\/wp-json\/wp\/v2\/posts"}],"about":[{"href":"https:\/\/principesdeparis.es\/principes\/wp-json\/wp\/v2\/types\/post"}],"author":[{"embeddable":true,"href":"https:\/\/principesdeparis.es\/principes\/wp-json\/wp\/v2\/users\/2"}],"replies":[{"embeddable":true,"href":"https:\/\/principesdeparis.es\/principes\/wp-json\/wp\/v2\/comments?post=20539"}],"version-history":[{"count":4,"href":"https:\/\/principesdeparis.es\/principes\/wp-json\/wp\/v2\/posts\/20539\/revisions"}],"predecessor-version":[{"id":20543,"href":"https:\/\/principesdeparis.es\/principes\/wp-json\/wp\/v2\/posts\/20539\/revisions\/20543"}],"wp:featuredmedia":[{"embeddable":true,"href":"https:\/\/principesdeparis.es\/principes\/wp-json\/wp\/v2\/media\/20540"}],"wp:attachment":[{"href":"https:\/\/principesdeparis.es\/principes\/wp-json\/wp\/v2\/media?parent=20539"}],"wp:term":[{"taxonomy":"category","embeddable":true,"href":"https:\/\/principesdeparis.es\/principes\/wp-json\/wp\/v2\/categories?post=20539"},{"taxonomy":"post_tag","embeddable":true,"href":"https:\/\/principesdeparis.es\/principes\/wp-json\/wp\/v2\/tags?post=20539"}],"curies":[{"name":"wp","href":"https:\/\/api.w.org\/{rel}","templated":true}]}}