{"id":20545,"date":"2025-10-15T12:53:13","date_gmt":"2025-10-15T12:53:13","guid":{"rendered":"https:\/\/principesdeparis.es\/principes\/?p=20545"},"modified":"2025-10-15T13:11:58","modified_gmt":"2025-10-15T13:11:58","slug":"larraz-rima-con-paz-en-un-campo-minado","status":"publish","type":"post","link":"https:\/\/principesdeparis.es\/principes\/larraz-rima-con-paz-en-un-campo-minado\/","title":{"rendered":"Larraz rima con paz en un campo minado"},"content":{"rendered":"<div class=\"css-175oi2r\">\n<div id=\"id__e22e4mlu1y\" class=\"css-146c3p1 r-bcqeeo r-1ttztb7 r-qvutc0 r-37j5jr r-a023e6 r-rjixqe r-16dba41 r-bnwqim\" dir=\"auto\" lang=\"es\" style=\"text-align: center;\" data-testid=\"tweetText\"><strong><span class=\"css-1jxf684 r-bcqeeo r-1ttztb7 r-qvutc0 r-poiln3\">La figura del t\u00e9cnico del Real Zaragoza, cualificado para el cargo a largo plazo, no logra despojarse de la interinidad ni de los supuestos sobre su futuro en un marco nocivo por la inestabilidad del club<\/span><\/strong><\/div>\n<div class=\"css-146c3p1 r-bcqeeo r-1ttztb7 r-qvutc0 r-37j5jr r-a023e6 r-rjixqe r-16dba41 r-bnwqim\" dir=\"auto\" lang=\"es\" style=\"text-align: center;\" data-testid=\"tweetText\"><strong> \u00a0<\/strong><\/div>\n<\/div>\n<div id=\"id__zcbfuipwlin\" class=\"css-175oi2r r-9aw3ui r-1s2bzr4\" aria-labelledby=\"id__bjcsz17j7q id__3cir94ohb5a\">\n<div class=\"css-175oi2r r-9aw3ui\">\n<div class=\"css-175oi2r\">\n<div class=\"css-175oi2r\">\n<div class=\"css-175oi2r r-1adg3ll r-1udh08x\"><\/div>\n<\/div>\n<\/div>\n<\/div>\n<\/div>\n<p>Emilio Larraz ha surcado tres d\u00e9cadas de su vida para encontrarse con la posibilidad del sue\u00f1o que tiene todo entrenador aragon\u00e9s, dirigir al Real Zaragoza. La oportunidad le ha llegado desde dentro de la casa como consecuencia de una crisis deportiva e institucional posiblemente sin parang\u00f3n en la historia del club. La gravedad de la situaci\u00f3n comparte lecho con el surrealismo y la incompetencia de su gesti\u00f3n, dentro de los par\u00e1metros de la pol\u00edtica de actuaci\u00f3n tradicional de una propiedad abandonada a su suerte y a la de mercenarios sin escr\u00fapulos o, como en el caso de Txema Indias, sin capacidad profesional demostrada en esta plaza. El director deportivo ha peinado el mercado de t\u00e9cnicos antes de la destituci\u00f3n de Gabi Fern\u00e1ndez y lo sigue haciendo, recibiendo negativas de sus elegidos y ofertas de personal que no le interesa. Que no tuviera un relevo inmediato para un banquillo que echaba fuego semanas antes del encuentro de Almer\u00eda sit\u00faa al ejecutivo en el marco de la invalidez para un cargo de estas caracter\u00edsticas por muy condicionado que est\u00e9 por los mandatos y restricciones econ\u00f3micas procedentes del Metropolitano.<\/p>\n<p>En este disparate impropio de cualquier empresa m\u00ednimamente seria, se lanz\u00f3 un comunicado para anunciar que Emilio Larraz dirigir\u00eda el entrenamiento del pasado lunes y que cog\u00eda las riendas del equipo. Desde entonces, s\u00f3lo se ha especificado que el entrenador del Deportivo Arag\u00f3n ser\u00e1 el m\u00e1ximo responsable contra la Cultural Leonesa, mientras que el filial ha sido puesto en manos de Ram\u00f3n Lozano y Javi Garc\u00e9s para este fin de semana, lo que confirma el alto grado de negligencia y eventualidad que vive el Real Zaragoza. Se podr\u00eda concluir que esa migraci\u00f3n impuesta del director de la cantera y del responsable del juvenil env\u00eda un mensaje sobre la pronta caducidad de Larraz al frente de la nave nodriza. La suposici\u00f3n cubre todas los grietas informativas y administrativas de esta rep\u00fablica bananera. En caso de victoria esta jornada, el t\u00e9cnico continuar\u00eda hasta la pr\u00f3xima estaci\u00f3n con Indias mendigando entre bastidores otro maquinista&#8230; Ni el Real Zaragoza ni Emilio Larraz merecen semejante mascarada. Lo consecuente, una vez reconocido el fracaso negociador, es que el equipo tuviera la estabilidad que en principio puede ofrecerle este hombre coherente, virtud ausente en el fariseo organigrama directivo del conjunto aragon\u00e9s. La espera de resultados para renovar o no la confianza provoca otra angustia a\u00f1adida en un colista estrangulado de ansiedades, desencuentros y sin l\u00edderes en el vestuario.<\/p>\n<p>Larraz rima con paz, ahora mismo lo m\u00e1s urgente que necesita este Real Zaragoza de guerras internas y soldaditos de plomo. Alguien que desde la humildad, la ambici\u00f3n, el conocimiento del club y de los jugadores a todos los niveles asoma como una soluci\u00f3n en nada interina pese a que la lleve impresa en su pasaporte. Su historia est\u00e1 siendo novelada con una sobredosis de hip\u00e9rboles que en nada le benefician por muy sinceras o impostadas que sean. El expolio que ha sufrido el Real Zaragoza y la orfandad que ha generado son terreno abonado para la b\u00fasqueda de un mes\u00edas, pero Larraz s\u00f3lo (ni m\u00e1s ni menos) es un entrenador que ha aceptado encantado la responsabilidad siendo consciente de que el consenso ficticio que le circunda adquirir\u00e1 categor\u00eda de realidad en el rendimiento de los futbolistas, a quienes debe trasladar su firmeza en el \u00e1nimo y en el campo. En ese calendario de d\u00edas contados o meses ganados, por arrojo, ilusi\u00f3n y compromiso ya est\u00e1 muy por encima de quienes, pr\u00f3fugos de la rectitud, le han dejado solo ante el peligro pero muy bien acompa\u00f1ado por s\u00ed mismo ocurra lo que ocurra.<\/p>\n<p><em>Foto: Sportaragon<\/em><\/p>\n<div class=\"css-175oi2r\" data-testid=\"cellInnerDiv\">\n<div class=\"css-175oi2r r-j5o65s r-qklmqi r-1adg3ll r-1ny4l3l\">\n<div class=\"css-175oi2r\">\n<article class=\"css-175oi2r r-18u37iz r-1udh08x r-1c4vpko r-1c7gwzm r-o7ynqc r-6416eg r-1panhkp r-1ny4l3l r-1loqt21\" tabindex=\"0\" role=\"article\" aria-labelledby=\"id__8usmsoltc5p id__qymop26gx5 id__fkvb7vxa2va id__h74u5gv08cq id__oswcm8na1z id__mfgupb6pkp id__ee28qkrdyp id__6cpk8kpksev id__v7pbr5ff13 id__e2090sbc90m id__yq26vwr7ro id__zwbqdw59mlp id__n1nm8c286la id__ykmbt19e3ai id__onz10l6enmb id__y6f7h4w0pu id__vjtphb7xwc id__3bjuevvbmsl id__rmlrk6k125 id__s2246kj9h1a\" data-testid=\"tweet\">\n<div class=\"css-175oi2r r-eqz5dr r-16y2uox r-1wbh5a2\">\n<div class=\"css-175oi2r r-16y2uox r-1wbh5a2 r-1ny4l3l\">\n<div class=\"css-175oi2r r-18u37iz\">\n<div class=\"css-175oi2r r-18kxxzh r-1wron08 r-onrtq4 r-1awozwy\">\n<div class=\"css-175oi2r\" data-testid=\"Tweet-User-Avatar\">\n<div class=\"css-175oi2r r-18kxxzh r-1wbh5a2 r-13qz1uu\">\n<div class=\"css-175oi2r r-1wbh5a2 r-dnmrzs\">\n<div class=\"css-175oi2r r-bztko3 r-1adg3ll\" data-testid=\"UserAvatar-Container-sportaragon_com\">\n<div class=\"r-1p0dtai r-1pi2tsx r-1d2f490 r-u8s1d r-ipm5af r-13qz1uu\">\n<div class=\"css-175oi2r r-1adg3ll r-1pi2tsx r-13qz1uu r-45ll9u r-u8s1d r-1v2oles r-176fswd r-bztko3\"><\/div>\n<\/div>\n<\/div>\n<\/div>\n<\/div>\n<\/div>\n<\/div>\n<div class=\"css-175oi2r r-1iusvr4 r-16y2uox r-1777fci r-kzbkwu\">\n<div class=\"css-175oi2r\"><\/div>\n<\/div>\n<\/div>\n<\/div>\n<\/div>\n<\/article>\n<\/div>\n<\/div>\n<\/div>\n<p>&nbsp;<\/p>\n","protected":false},"excerpt":{"rendered":"<p>La figura del t\u00e9cnico del Real Zaragoza, cualificado para el cargo a largo plazo, no logra despojarse de la interinidad ni de los supuestos sobre su futuro en un marco nocivo por la inestabilidad del club \u00a0 Emilio Larraz ha surcado tres d\u00e9cadas de su vida para encontrarse con la <a class=\"read-more\" href=\"https:\/\/principesdeparis.es\/principes\/larraz-rima-con-paz-en-un-campo-minado\/\">Sigue leyendo<\/a><\/p>\n","protected":false},"author":2,"featured_media":20546,"comment_status":"open","ping_status":"open","sticky":false,"template":"","format":"standard","meta":{"footnotes":""},"categories":[13,1],"tags":[],"class_list":["post-20545","post","type-post","status-publish","format-standard","has-post-thumbnail","hentry","category-publicidad","category-real-zaragoza"],"_links":{"self":[{"href":"https:\/\/principesdeparis.es\/principes\/wp-json\/wp\/v2\/posts\/20545","targetHints":{"allow":["GET"]}}],"collection":[{"href":"https:\/\/principesdeparis.es\/principes\/wp-json\/wp\/v2\/posts"}],"about":[{"href":"https:\/\/principesdeparis.es\/principes\/wp-json\/wp\/v2\/types\/post"}],"author":[{"embeddable":true,"href":"https:\/\/principesdeparis.es\/principes\/wp-json\/wp\/v2\/users\/2"}],"replies":[{"embeddable":true,"href":"https:\/\/principesdeparis.es\/principes\/wp-json\/wp\/v2\/comments?post=20545"}],"version-history":[{"count":4,"href":"https:\/\/principesdeparis.es\/principes\/wp-json\/wp\/v2\/posts\/20545\/revisions"}],"predecessor-version":[{"id":20550,"href":"https:\/\/principesdeparis.es\/principes\/wp-json\/wp\/v2\/posts\/20545\/revisions\/20550"}],"wp:featuredmedia":[{"embeddable":true,"href":"https:\/\/principesdeparis.es\/principes\/wp-json\/wp\/v2\/media\/20546"}],"wp:attachment":[{"href":"https:\/\/principesdeparis.es\/principes\/wp-json\/wp\/v2\/media?parent=20545"}],"wp:term":[{"taxonomy":"category","embeddable":true,"href":"https:\/\/principesdeparis.es\/principes\/wp-json\/wp\/v2\/categories?post=20545"},{"taxonomy":"post_tag","embeddable":true,"href":"https:\/\/principesdeparis.es\/principes\/wp-json\/wp\/v2\/tags?post=20545"}],"curies":[{"name":"wp","href":"https:\/\/api.w.org\/{rel}","templated":true}]}}