{"id":20553,"date":"2025-10-17T05:56:11","date_gmt":"2025-10-17T05:56:11","guid":{"rendered":"https:\/\/principesdeparis.es\/principes\/?p=20553"},"modified":"2025-10-17T05:56:11","modified_gmt":"2025-10-17T05:56:11","slug":"la-aficion-se-merece-conocer-la-verdad","status":"publish","type":"post","link":"https:\/\/principesdeparis.es\/principes\/la-aficion-se-merece-conocer-la-verdad\/","title":{"rendered":"La afici\u00f3n se merece conocer la verdad"},"content":{"rendered":"<p>Una persona muy cercana sol\u00eda comentarme cuando lo planeado no se hab\u00eda conseguido que, \u00ablo imprevisto es lo mejor\u00bb, aportando optimismo a la adversidad. Nunca estuve de acuerdo porque prefiero no alcanzar un objetivo por imposible, que por no haberlo preparado con inteligencia y compromiso. En el caso del Real Zaragoza la imprevisi\u00f3n llega a un nivel absolutamente incomprensible. Sin la presencia del Txema Indias explicando ante los medios de comunicaci\u00f3n el cese de Gabi, con unas declaraciones de Fernando L\u00f3pez efectuadas en su autom\u00f3vil saliendo de la Ciudad Deportiva, es un desprecio absoluto a la afici\u00f3n el desarrollo de unos acontecimientos que no han podido salir peor. El fracaso es de un calibre extraordinario y da la impresi\u00f3n de que no pasa nada, que todos los problemas del Real Zaragoza se resolver\u00e1n por s\u00ed mismos.<\/p>\n<p>No definir el papel de Emilio Larraz en estos momentos y solamente expresar que es algo temporal, me parece una falta de respeto al profesional que asume una responsabilidad en la que nunca conseguir\u00e1 el \u00e9xito: si gana el s\u00e1bado y el lunes es fichado a bombo y platillo un entrenador de la cuerda del \u00abamiguete\u00bb Indias habr\u00e1 sido un parche; si la evoluci\u00f3n en una, dos o tres jornadas no es positiva, se le cesar\u00e1 abandonando el club sin ser culpable de la continuidad del desastre. En caso de evolucionar positivamente, alguno se colgar\u00e1 las medallas destacando su confianza en los t\u00e9cnicos de los equipos inferiores del club. Y, por supuesto, no ser\u00e1 renovado la temporada siguiente porque ser\u00e1 necesario traer a un t\u00e9cnico que llame la atenci\u00f3n en la prensa nacional y de la cuerda de los atl\u00e9ticos, m\u00e1s cerca de 2027.<\/p>\n<p>Me da la impresi\u00f3n que se puede cerrar un ciclo hist\u00f3rico despu\u00e9s del descenso con Manolo Jim\u00e9nez en el banquillo y Fernando Molinos en la presidencia del club, con el abandono de un Agapito Iglesias que se march\u00f3 asegur\u00e1ndose el descalabro del Real Zaragoza. \u00daltimo clasificado, con solamente nueve victorias y el esc\u00e1ndalo que hasta 2019 persigui\u00f3 al club por el supuesto ama\u00f1o del partido Getafe &#8211; Real Zaragoza en 2011. Unos a\u00f1os terribles y desoladores para una instituci\u00f3n que ha ido a peor con la Fundaci\u00f3n Real Zaragoza 2032 y la conexi\u00f3n de las familias nobles con los nuevos inversores que solamente han hecho bien el contrato por 75 a\u00f1os de la Romareda, levantando el estadio desmontable y derribando el coliseo zaragozano en los plazos previstos.<\/p>\n<p>Creo que la afici\u00f3n se merece conocer la verdad, si realmente les importa a la gente de Madrid y a los de aqu\u00ed, algo m\u00e1s que los negocios urban\u00edsticos. O solamente es un negocio al margen del zaragocismo que deber\u00e1 expresarse, como ha hecho ya otras veces, en las gradas y en la calle.<\/p>\n","protected":false},"excerpt":{"rendered":"<p>Una persona muy cercana sol\u00eda comentarme cuando lo planeado no se hab\u00eda conseguido que, \u00ablo imprevisto es lo mejor\u00bb, aportando optimismo a la adversidad. Nunca estuve de acuerdo porque prefiero no alcanzar un objetivo por imposible, que por no haberlo preparado con inteligencia y compromiso. En el caso del Real <a class=\"read-more\" href=\"https:\/\/principesdeparis.es\/principes\/la-aficion-se-merece-conocer-la-verdad\/\">Sigue leyendo<\/a><\/p>\n","protected":false},"author":3,"featured_media":20552,"comment_status":"open","ping_status":"open","sticky":false,"template":"","format":"standard","meta":{"footnotes":""},"categories":[16,13],"tags":[],"class_list":["post-20553","post","type-post","status-publish","format-standard","has-post-thumbnail","hentry","category-el10","category-publicidad"],"_links":{"self":[{"href":"https:\/\/principesdeparis.es\/principes\/wp-json\/wp\/v2\/posts\/20553","targetHints":{"allow":["GET"]}}],"collection":[{"href":"https:\/\/principesdeparis.es\/principes\/wp-json\/wp\/v2\/posts"}],"about":[{"href":"https:\/\/principesdeparis.es\/principes\/wp-json\/wp\/v2\/types\/post"}],"author":[{"embeddable":true,"href":"https:\/\/principesdeparis.es\/principes\/wp-json\/wp\/v2\/users\/3"}],"replies":[{"embeddable":true,"href":"https:\/\/principesdeparis.es\/principes\/wp-json\/wp\/v2\/comments?post=20553"}],"version-history":[{"count":1,"href":"https:\/\/principesdeparis.es\/principes\/wp-json\/wp\/v2\/posts\/20553\/revisions"}],"predecessor-version":[{"id":20554,"href":"https:\/\/principesdeparis.es\/principes\/wp-json\/wp\/v2\/posts\/20553\/revisions\/20554"}],"wp:featuredmedia":[{"embeddable":true,"href":"https:\/\/principesdeparis.es\/principes\/wp-json\/wp\/v2\/media\/20552"}],"wp:attachment":[{"href":"https:\/\/principesdeparis.es\/principes\/wp-json\/wp\/v2\/media?parent=20553"}],"wp:term":[{"taxonomy":"category","embeddable":true,"href":"https:\/\/principesdeparis.es\/principes\/wp-json\/wp\/v2\/categories?post=20553"},{"taxonomy":"post_tag","embeddable":true,"href":"https:\/\/principesdeparis.es\/principes\/wp-json\/wp\/v2\/tags?post=20553"}],"curies":[{"name":"wp","href":"https:\/\/api.w.org\/{rel}","templated":true}]}}