{"id":20556,"date":"2025-10-17T11:26:12","date_gmt":"2025-10-17T11:26:12","guid":{"rendered":"https:\/\/principesdeparis.es\/principes\/?p=20556"},"modified":"2025-10-17T11:26:12","modified_gmt":"2025-10-17T11:26:12","slug":"larraz-ojala-siga-cinco-anos-porque-eso-significara-que-el-real-zaragoza-esta-en-su-sitio","status":"publish","type":"post","link":"https:\/\/principesdeparis.es\/principes\/larraz-ojala-siga-cinco-anos-porque-eso-significara-que-el-real-zaragoza-esta-en-su-sitio\/","title":{"rendered":"Larraz: \u00abOjal\u00e1 siga cinco a\u00f1os porque eso significar\u00e1 que el Real Zaragoza est\u00e1 en su sitio\u00bb"},"content":{"rendered":"<p><strong>C\u00f3mo est\u00e1 viviendo todo:<\/strong> \u00abPara m\u00ed es un reconocimiento y un gesto de confianza para dirigir un equipo profesional como consecuencia de una una trayectoria, un trabajo y muchos a\u00f1os de desarrollar esta profesi\u00f3n. Me llena de satisfacci\u00f3n a nivel profesional y personal saber que todos estos a\u00f1os me han valido para construirme como buen entrenador\u00bb. \u00abMe piden que me haga cargo del equipo porque creen en mi capacidad y eso se lo han comunicado a los jugadores delante de m\u00ed. Por eso me han dado las riendas del Real Zaragoza\u00bb.<\/p>\n<p><strong>El proceso:<\/strong> \u00abEl domingo se habla con Gabi y en el momento en que hay declaraciones de Fernando es que todav\u00eda no hab\u00edan hablado conmigo y no quer\u00eda la prensa lo supiera antes que yo. A la tarde se me llama. Txema y Fernando me muestran su confianza,\u00a0 y creen que me siento capacitado. Les digo que puedo ayudar y que adelante\u00bb.<\/p>\n<p><strong>C\u00f3mo jugar\u00e1:<\/strong> \u00b7\u00bbTodos los equipos han de ser equilibrados. Tratar\u00e9 de conseguir un equipo estable. Atacar por dentro y por fuera. El equipo viene con un concepto que no es bueno ni malo pero no ha salido, Los jugadores necesitan cosas sencillas para lograr esa estabilidad. Lo que se necesita es tiempo\u00bb.<\/p>\n<p><strong>Jugadores con capacidad:<\/strong> \u00abEl equipo debe estar conectado en funci\u00f3n de los futbolistas. Tenemos una plantilla amplia y variada para jugar con diferentes futbolistas. Lo importante es que todos los jugadores est\u00e1n sobradamente preparados para la categor\u00eda por su historial. Debemos recuperar an\u00edmicamente . Si lo logramos, el equipo ir\u00e1 saliendo seguro con todos dando su mejor versi\u00f3n\u00bb.<\/p>\n<p><strong>Su futuro:<\/strong> \u00abEl entrenador del Real Zaragoza soy yo porque la direcci\u00f3n deportiva me ha transmitido su confianza y saben lo que puede hacer. No s\u00e9 cu\u00e1nto tiempo estar\u00e9. Ojal\u00e1 sean cinco a\u00f1os porque significar\u00e1 que el Real Zaragoza est\u00e1 en su sitio\u00bb.<\/p>\n<p><strong>Peligro real:<\/strong> \u00abLo que he visto esta semana es un grupo excelente con jugadores que quieren hacer algo importante y que les duele mucho que las cosas no est\u00e9n saliendo bien. A nivel futbol\u00edstico, tengo la absoluta\u00a0 seguridad de que con tiempo y trabajo es para hacer algo chulo en la categor\u00eda. Les he dicho que est\u00e9n tranquilos, que todo va a salir bien seguro\u00bb.<\/p>\n<p><strong>Interinidad:<\/strong> \u00abLos entrenadores nos examinarnos todos los domingos. No me lo tomo como un examen. 30 a\u00f1os en esta profesi\u00f3n a\u00f1os\u00a0 me da una seguridad. He asumido el trabajo desde el lunes como siempre, trabajar en la mejora de la plantilla y que tenga una ideas claras. A partir del primer partido iremos viendo qu\u00e9 conceptos nuevos introducir\u00bb.<\/p>\n<p><strong>An\u00e1lisis de la plantilla:<\/strong> \u00abSoy partidario de no defender una idea tuya sino trabajar las potencialidades de los jugadores y las herramientas con las que cuentas. La plantilla es muy amplia y rica en perfiles. Hay que ir encontrando esos equilibrios, pero podemos desarrollar cualquier idea\u00bb.<\/p>\n<p><strong>El vestuario:<\/strong> \u00abLes he felicitado por el valor humano que existe en cuanto a compromiso.\u00a0 Es cierto que cuando no salen las cosas te surgen\u00a0 dudas y necesitas ganar, tener experiencias de \u00e9xito, y a eso hay que ayudarles. Tratar de normalizar la situaci\u00f3n, lo que no es sencillo.\u00a0 Ese estado emocional actual hay que elevarlo y se lograr\u00e1 con las primeras victorias\u00bb.<\/p>\n<p><strong>\u00daltimos:<\/strong> \u00abNo hay que ponerse vendas, pero para afrontar esa realidad hay que ser optimista. No vendo humo. Veo a la plantilla y a a las del resto de los equipos y no veo grandes diferencias. Hay que calmarse en ese proceso\u00bb.<\/p>\n<p><strong>Victoria en casa:<\/strong> \u00abLa victoria ayudar\u00e1 a acelerar, a cambiar la mentalidad y a que los jugadores pueden desarrollar sus capacidades. Hay urgencias, pero si empezamos a actuar con esas urgencias nos equivocaremos. Hay que empezar como si fuera el primer d\u00eda\u00bb.<\/p>\n<p><strong>Kodro:<\/strong> \u00abEs un ejemplo de compromiso. Ha entrenado toda la semana con cuidado y esta ma\u00f1ana no cont\u00e1bamos con \u00e9l pero ha dicho que quer\u00eda aprobarse. Ha completado el ensayo y me ha dicho que contemos con \u00e9l. As\u00ed se demuestra que nadie se tira del barco\u00bb.<\/p>\n<p><strong>Juan Sebasti\u00e1n y Francho<\/strong>: \u00abPara m\u00ed Francho es centrocampista. Juan Sebasti\u00e1n lo conozco bien y tiene unas capacidades f\u00edsicas y t\u00e9cnicas de futbolista profesional de muy buen nivel. Hoy es un jugador muy fiable a nivel defensivo y a nivel ofensivo puede ser brillante. Tiene un futuro extraordinario aunque debe mentalizarse de que deber ser \u00e9l quien d\u00e9 el paso adelante\u00bb.<\/p>\n<p><strong>La falta de gol:<\/strong> \u00abEsta es de las plantillas m\u00e1s ricas en n\u00famero de delanteros y con caracter\u00edsticas muy distintas. Hay capacidad para hacer muchos goles y trabajaremos en esa producci\u00f3n. Si a los delanteros les llegan balones, van a meter goles seguro\u00bb.<\/p>\n<p><strong>La afici\u00f3n:<\/strong> \u00abSoy uno m\u00e1s de ellos. He sufrido con ellos y he disfrutado con ellos. En este momento les dir\u00eda que tiene que ser conscientes de que son nuestros chicos con mucha m\u00e1s capacidad de la que demuestran por la falta de confianza por los malos resultados. Hay que echarles una mano, no echarles la bronca. El domingo todos debemos ir al campo a ayudar a ganar el partido\u00bb.<\/p>\n<p><strong>El partido contra la Cultu:<\/strong> \u00abLa afici\u00f3n estar\u00e1 con el equipo seguro. La Cultural es un equipo muy de Cuco Ziganda. Ordenado, con una disposici\u00f3n muy clara en el que prima jugar con equilibrios y aprovechar sus momentos. Va a costar, pero estamos mentalizados para hacer que a a la Cultural se le haga el partido largo\u00bb.<\/p>\n<p>&nbsp;<\/p>\n","protected":false},"excerpt":{"rendered":"<p>C\u00f3mo est\u00e1 viviendo todo: \u00abPara m\u00ed es un reconocimiento y un gesto de confianza para dirigir un equipo profesional como consecuencia de una una trayectoria, un trabajo y muchos a\u00f1os de desarrollar esta profesi\u00f3n. Me llena de satisfacci\u00f3n a nivel profesional y personal saber que todos estos a\u00f1os me han <a class=\"read-more\" href=\"https:\/\/principesdeparis.es\/principes\/larraz-ojala-siga-cinco-anos-porque-eso-significara-que-el-real-zaragoza-esta-en-su-sitio\/\">Sigue leyendo<\/a><\/p>\n","protected":false},"author":2,"featured_media":20558,"comment_status":"open","ping_status":"open","sticky":false,"template":"","format":"standard","meta":{"footnotes":""},"categories":[13,1],"tags":[],"class_list":["post-20556","post","type-post","status-publish","format-standard","has-post-thumbnail","hentry","category-publicidad","category-real-zaragoza"],"_links":{"self":[{"href":"https:\/\/principesdeparis.es\/principes\/wp-json\/wp\/v2\/posts\/20556","targetHints":{"allow":["GET"]}}],"collection":[{"href":"https:\/\/principesdeparis.es\/principes\/wp-json\/wp\/v2\/posts"}],"about":[{"href":"https:\/\/principesdeparis.es\/principes\/wp-json\/wp\/v2\/types\/post"}],"author":[{"embeddable":true,"href":"https:\/\/principesdeparis.es\/principes\/wp-json\/wp\/v2\/users\/2"}],"replies":[{"embeddable":true,"href":"https:\/\/principesdeparis.es\/principes\/wp-json\/wp\/v2\/comments?post=20556"}],"version-history":[{"count":2,"href":"https:\/\/principesdeparis.es\/principes\/wp-json\/wp\/v2\/posts\/20556\/revisions"}],"predecessor-version":[{"id":20559,"href":"https:\/\/principesdeparis.es\/principes\/wp-json\/wp\/v2\/posts\/20556\/revisions\/20559"}],"wp:featuredmedia":[{"embeddable":true,"href":"https:\/\/principesdeparis.es\/principes\/wp-json\/wp\/v2\/media\/20558"}],"wp:attachment":[{"href":"https:\/\/principesdeparis.es\/principes\/wp-json\/wp\/v2\/media?parent=20556"}],"wp:term":[{"taxonomy":"category","embeddable":true,"href":"https:\/\/principesdeparis.es\/principes\/wp-json\/wp\/v2\/categories?post=20556"},{"taxonomy":"post_tag","embeddable":true,"href":"https:\/\/principesdeparis.es\/principes\/wp-json\/wp\/v2\/tags?post=20556"}],"curies":[{"name":"wp","href":"https:\/\/api.w.org\/{rel}","templated":true}]}}