{"id":20565,"date":"2025-10-18T15:24:16","date_gmt":"2025-10-18T15:24:16","guid":{"rendered":"https:\/\/principesdeparis.es\/principes\/?p=20565"},"modified":"2025-10-18T15:58:46","modified_gmt":"2025-10-18T15:58:46","slug":"larraz-sale-con-cinco-cambios-y-bazdar-junto-a-dani-gomez-en-ataque","status":"publish","type":"post","link":"https:\/\/principesdeparis.es\/principes\/larraz-sale-con-cinco-cambios-y-bazdar-junto-a-dani-gomez-en-ataque\/","title":{"rendered":"Larraz sale con cinco cambios y Bazdar junto a Dani G\u00f3mez en ataque"},"content":{"rendered":"<p>Emilio Larraz agita la alineaci\u00f3n y el sistema en su debut como entrenador profesional para conseguir la primera victoria en el Ibercaja Estadio frente a la Cultural Leonesa y abandonar el \u00faltimo puesto de Segunda. El t\u00e9cnico, salvo en la porter\u00eda donde repite Andrada, deja su sello en todas las l\u00edneas, con variaciones tan significativas como los regreso de Juan Sebasti\u00e1n y Pomares a los laterales pero sobre todo la vuelta a la titularidad de Radovanovic en lugar de Tachi para cerrar el eje defensivo con Insua. En la medular tambi\u00e9n hace retoques: vuelve Akoukou tras su partido de sanci\u00f3n para formar pareja con Guti, mientras que los costados corresponden a Francho y Sebas Moyano en un sistema de vuelta a los dos atacantes, un espacio donde destaca la presencia de Bazdar, que saldr\u00e1 en el once por segunda vez este curso tras jugar en Castell\u00f3n. El bosnio acompa\u00f1ar\u00e1 a Dani G\u00f3mez.<\/p>\n<p>La ola de simpat\u00edas hacia la figura de Larraz, cuyo tiempo de continuidad en el cargo es todo un dilema y pasa, en teor\u00eda, por vencer esta tarde en su estreno, protagoniza esta cita por la supervivencia tanto para los locales como para los leoneses. Por el momento, el entrenador ha tomado decisiones personales que pueden dar otra dimensi\u00f3n al equipo si por fin tiene un mayor contacto con el bal\u00f3n y un grado m\u00e1s alto de elaboraci\u00f3n, cuestiones que con el destituido Gabi Fern\u00e1ndez nunca se lograron. Otro de los asuntos por resolver es la eficacia a la hora de convertir las ocasiones en goles. La inclusi\u00f3n de Bazdar busca en principio crear un nexo de uni\u00f3n entre la creatividad del jugador y la llegada al \u00e1rea rival por caminos m\u00e1s acad\u00e9micos que el pelotazo.<\/p>\n<p>El partido no va a ser c\u00f3modo. La Cultu se presenta tambi\u00e9n con necesidades y la presencia de los exzaragocistas Bad\u00eda e Iv\u00e1n Calero en el equipo que entrena el Cuco Ziganda, un conjunto reci\u00e9n ascendido que busca a\u00fan su lugar en la categor\u00eda pero que con el t\u00e9cnico navarro ha ganado en seguridad &#8211;s\u00f3lo ha recibido un gol en las tres \u00faltimas jornadas&#8211; y en competir hasta el \u00faltimo suspiro. Chac\u00f3n, cedido por el Deportivo, es su futbolista diferencial en un bloque muy junto que se despliega con cierto descaro tras robo y que est\u00e1 m\u00e1s c\u00f3modo fuera de casa, donde ha sumado seis de los ocho puntos que figuran en su casillero.<\/p>\n<p>&nbsp;<\/p>\n<blockquote class=\"twitter-tweet\">\n<p dir=\"ltr\" lang=\"es\">1\ufe0f\u20e31\ufe0f\u20e3 Aqu\u00ed est\u00e1 nuestro \u2694\ufe0f <a href=\"https:\/\/t.co\/imI3Tb5Szv\">pic.twitter.com\/imI3Tb5Szv<\/a><\/p>\n<p>\u2014 Real Zaragoza (@RealZaragoza) <a href=\"https:\/\/twitter.com\/RealZaragoza\/status\/1979566982266507450?ref_src=twsrc%5Etfw\">October 18, 2025<\/a><\/p><\/blockquote>\n<p><script async src=\"https:\/\/platform.twitter.com\/widgets.js\" charset=\"utf-8\"><\/script><\/p>\n<p>La alineaci\u00f3n de la Cultural Leonesa<\/p>\n<blockquote class=\"twitter-tweet\">\n<p dir=\"ltr\" lang=\"es\">\u0301 <a href=\"https:\/\/twitter.com\/hashtag\/RealZaragozaCultural?src=hash&amp;ref_src=twsrc%5Etfw\">#RealZaragozaCultural<\/a> <a href=\"https:\/\/t.co\/xfb9HpY4eF\">pic.twitter.com\/xfb9HpY4eF<\/a><\/p>\n<p>\u2014 Cultural y Deportiva Leonesa (@CyDLeonesa) <a href=\"https:\/\/twitter.com\/CyDLeonesa\/status\/1979571228051706036?ref_src=twsrc%5Etfw\">October 18, 2025<\/a><\/p><\/blockquote>\n<p><script async src=\"https:\/\/platform.twitter.com\/widgets.js\" charset=\"utf-8\"><\/script><\/p>\n","protected":false},"excerpt":{"rendered":"<p>Emilio Larraz agita la alineaci\u00f3n y el sistema en su debut como entrenador profesional para conseguir la primera victoria en el Ibercaja Estadio frente a la Cultural Leonesa y abandonar el \u00faltimo puesto de Segunda. El t\u00e9cnico, salvo en la porter\u00eda donde repite Andrada, deja su sello en todas las <a class=\"read-more\" href=\"https:\/\/principesdeparis.es\/principes\/larraz-sale-con-cinco-cambios-y-bazdar-junto-a-dani-gomez-en-ataque\/\">Sigue leyendo<\/a><\/p>\n","protected":false},"author":2,"featured_media":20567,"comment_status":"open","ping_status":"open","sticky":false,"template":"","format":"standard","meta":{"footnotes":""},"categories":[1],"tags":[],"class_list":["post-20565","post","type-post","status-publish","format-standard","has-post-thumbnail","hentry","category-real-zaragoza"],"_links":{"self":[{"href":"https:\/\/principesdeparis.es\/principes\/wp-json\/wp\/v2\/posts\/20565","targetHints":{"allow":["GET"]}}],"collection":[{"href":"https:\/\/principesdeparis.es\/principes\/wp-json\/wp\/v2\/posts"}],"about":[{"href":"https:\/\/principesdeparis.es\/principes\/wp-json\/wp\/v2\/types\/post"}],"author":[{"embeddable":true,"href":"https:\/\/principesdeparis.es\/principes\/wp-json\/wp\/v2\/users\/2"}],"replies":[{"embeddable":true,"href":"https:\/\/principesdeparis.es\/principes\/wp-json\/wp\/v2\/comments?post=20565"}],"version-history":[{"count":10,"href":"https:\/\/principesdeparis.es\/principes\/wp-json\/wp\/v2\/posts\/20565\/revisions"}],"predecessor-version":[{"id":20576,"href":"https:\/\/principesdeparis.es\/principes\/wp-json\/wp\/v2\/posts\/20565\/revisions\/20576"}],"wp:featuredmedia":[{"embeddable":true,"href":"https:\/\/principesdeparis.es\/principes\/wp-json\/wp\/v2\/media\/20567"}],"wp:attachment":[{"href":"https:\/\/principesdeparis.es\/principes\/wp-json\/wp\/v2\/media?parent=20565"}],"wp:term":[{"taxonomy":"category","embeddable":true,"href":"https:\/\/principesdeparis.es\/principes\/wp-json\/wp\/v2\/categories?post=20565"},{"taxonomy":"post_tag","embeddable":true,"href":"https:\/\/principesdeparis.es\/principes\/wp-json\/wp\/v2\/tags?post=20565"}],"curies":[{"name":"wp","href":"https:\/\/api.w.org\/{rel}","templated":true}]}}