{"id":20882,"date":"2025-11-16T18:54:47","date_gmt":"2025-11-16T18:54:47","guid":{"rendered":"https:\/\/principesdeparis.es\/principes\/?p=20882"},"modified":"2025-11-16T19:28:09","modified_gmt":"2025-11-16T19:28:09","slug":"andrada-regresa-a-una-alineacion-con-cinco-cambios-y-dos-delanteros","status":"publish","type":"post","link":"https:\/\/principesdeparis.es\/principes\/andrada-regresa-a-una-alineacion-con-cinco-cambios-y-dos-delanteros\/","title":{"rendered":"Andrada regresa a una alineaci\u00f3n con cinco cambios y dos delanteros"},"content":{"rendered":"<p>Cinco cambios introduce el Real Zaragoza, dos ellos especialmente sorprendentes como\u00a0 las presencias de <strong>Andrada<\/strong> en la porter\u00eda y la de <strong>Keidi Bare<\/strong> al centro del campo, donde formar\u00e1 con Francho, Guti y <strong>Valery<\/strong>, tambi\u00e9n de vuelta al once. <strong>Radovanovi<\/strong>c formar\u00e1 junto a Insua en el eje defensivo y la otra variante, que afecta a nombre y estrategia, es la de <strong>Kodro<\/strong> en ataque para asociarse con Sober\u00f3n en un 1-4-4-2 que busca la primera victoria de la temporada en el Ibercaja Estadio. Rub\u00e9n Sell\u00e9s le da otra vuelta al equipo, que quema sus \u00faltimos cartuchos en su agonizante lucha por la permanencia, un ejercicio de ingente dificultad y que obliga a comenzar a ganar desde esta misma noche en el choque de rivalidad con la SD Huesca, otro en apuros que necesita puntuar para salir de la zona de descenso. En contra de lo habitual, tres futbolistas reci\u00e9n salidos de la enfermer\u00eda asumen papel de titulares, algo que podr\u00eda suponer un alto riesgo.<\/p>\n<p>El conjunto oscense estrena entrenador en la figura de Jon P\u00e9rez Bolo, relevo de Sergi Guill\u00f3, y el Real Zaragoza, que ha cambiado ya en tres ocasiones de propietario del banquillo,\u00a0 podr\u00eda ir camino del cuarto si vuelve a caer en su estadio.\u00a0 Las urgencias y las tensiones presiden este encuentro, mucho m\u00e1s acentuadas para los locales, que suman seis derrotas consecutivas y ocupan la cola de la clasificaci\u00f3n a nueve puntos del Granada, equipo que marca a estas horas la l\u00ednea de la salvaci\u00f3n. Se re\u00fanen las dos dos peores escuadras en las \u00faltimas diez jornadas (el Huesca lleva sin ganar cinco) y tambi\u00e9n, junto al Ceuta, las menos acertadas en ataque. Siete goles llevan los blanquillos y una docena los azulgrana, un d\u00e9ficit que indica por d\u00f3nde puede ir el partido, pendiente de los errores m\u00e1s que de los aciertos y del bal\u00f3n parado, suerte en la que el Huesca, el cuarto m\u00e1s preciso de cabeza en Segunda,\u00a0 es un especialista.<\/p>\n<p>Ni el presidente del Gobierno, Jorge Azc\u00f3n, ni la alcaldesa, Natalia Chueca, acudir\u00e1n a esta cita, ausencias que se interpretan como maniobras relacionadas con la tensi\u00f3n que mantienen en estos momentos con la propiedad, pendiente del pago de 10 millones de euros en la sociedad mixta Nueva Romareda, y por una hipot\u00e9tica atm\u00f3sfera hostil que se pueden encontrar por ser part\u00edcipes de la alfombra roja que tendieron a unos due\u00f1os que no est\u00e1n cumpliendo con casi ninguna de sus promesas iniciales y de las que podr\u00edan tener que responsabilizarse las instituciones en solitario. F\u00fatbol fr\u00edo de domingo con las puertas de varios infiernos abiertas de par en par.<\/p>\n<blockquote class=\"twitter-tweet\">\n<p dir=\"ltr\" lang=\"en\">\u2694\ufe0f Nuestro once \u2694\ufe0f <a href=\"https:\/\/t.co\/4Fj5I2JCJ9\">pic.twitter.com\/4Fj5I2JCJ9<\/a><\/p>\n<p>\u2014 Real Zaragoza (@RealZaragoza) <a href=\"https:\/\/twitter.com\/RealZaragoza\/status\/1990128965655146946?ref_src=twsrc%5Etfw\">November 16, 2025<\/a><\/p><\/blockquote>\n<p><script async src=\"https:\/\/platform.twitter.com\/widgets.js\" charset=\"utf-8\"><\/script><\/p>\n<p>La alineaci\u00f3n de la SD Huesca<\/p>\n<blockquote class=\"twitter-tweet\">\n<p dir=\"ltr\" lang=\"es\">ALINEACI\u00d3N | .<\/p>\n<p>\u2694\ufe0f As\u00ed sale el equipo en el derbi aragon\u00e9s.<br \/>\n<a href=\"https:\/\/twitter.com\/hashtag\/LaLigaHypermotion?src=hash&amp;ref_src=twsrc%5Etfw\">#LaLigaHypermotion<\/a> | <a href=\"https:\/\/twitter.com\/hashtag\/RealZaragozaHuesca?src=hash&amp;ref_src=twsrc%5Etfw\">#RealZaragozaHuesca<\/a> <a href=\"https:\/\/t.co\/gAe6DpsOmd\">pic.twitter.com\/gAe6DpsOmd<\/a><\/p>\n<p>\u2014 SD Huesca (@SDHuesca) <a href=\"https:\/\/twitter.com\/SDHuesca\/status\/1990129048576471076?ref_src=twsrc%5Etfw\">November 16, 2025<\/a><\/p><\/blockquote>\n<p><script async src=\"https:\/\/platform.twitter.com\/widgets.js\" charset=\"utf-8\"><\/script><\/p>\n","protected":false},"excerpt":{"rendered":"<p>Cinco cambios introduce el Real Zaragoza, dos ellos especialmente sorprendentes como\u00a0 las presencias de Andrada en la porter\u00eda y la de Keidi Bare al centro del campo, donde formar\u00e1 con Francho, Guti y Valery, tambi\u00e9n de vuelta al once. Radovanovic formar\u00e1 junto a Insua en el eje defensivo y la <a class=\"read-more\" href=\"https:\/\/principesdeparis.es\/principes\/andrada-regresa-a-una-alineacion-con-cinco-cambios-y-dos-delanteros\/\">Sigue leyendo<\/a><\/p>\n","protected":false},"author":2,"featured_media":20883,"comment_status":"open","ping_status":"open","sticky":false,"template":"","format":"standard","meta":{"footnotes":""},"categories":[13,1],"tags":[],"class_list":["post-20882","post","type-post","status-publish","format-standard","has-post-thumbnail","hentry","category-publicidad","category-real-zaragoza"],"_links":{"self":[{"href":"https:\/\/principesdeparis.es\/principes\/wp-json\/wp\/v2\/posts\/20882","targetHints":{"allow":["GET"]}}],"collection":[{"href":"https:\/\/principesdeparis.es\/principes\/wp-json\/wp\/v2\/posts"}],"about":[{"href":"https:\/\/principesdeparis.es\/principes\/wp-json\/wp\/v2\/types\/post"}],"author":[{"embeddable":true,"href":"https:\/\/principesdeparis.es\/principes\/wp-json\/wp\/v2\/users\/2"}],"replies":[{"embeddable":true,"href":"https:\/\/principesdeparis.es\/principes\/wp-json\/wp\/v2\/comments?post=20882"}],"version-history":[{"count":12,"href":"https:\/\/principesdeparis.es\/principes\/wp-json\/wp\/v2\/posts\/20882\/revisions"}],"predecessor-version":[{"id":20895,"href":"https:\/\/principesdeparis.es\/principes\/wp-json\/wp\/v2\/posts\/20882\/revisions\/20895"}],"wp:featuredmedia":[{"embeddable":true,"href":"https:\/\/principesdeparis.es\/principes\/wp-json\/wp\/v2\/media\/20883"}],"wp:attachment":[{"href":"https:\/\/principesdeparis.es\/principes\/wp-json\/wp\/v2\/media?parent=20882"}],"wp:term":[{"taxonomy":"category","embeddable":true,"href":"https:\/\/principesdeparis.es\/principes\/wp-json\/wp\/v2\/categories?post=20882"},{"taxonomy":"post_tag","embeddable":true,"href":"https:\/\/principesdeparis.es\/principes\/wp-json\/wp\/v2\/tags?post=20882"}],"curies":[{"name":"wp","href":"https:\/\/api.w.org\/{rel}","templated":true}]}}