{"id":20938,"date":"2025-11-22T16:26:37","date_gmt":"2025-11-22T16:26:37","guid":{"rendered":"https:\/\/principesdeparis.es\/principes\/?p=20938"},"modified":"2025-11-22T16:54:53","modified_gmt":"2025-11-22T16:54:53","slug":"saidu-unica-novedad-en-ipurua","status":"publish","type":"post","link":"https:\/\/principesdeparis.es\/principes\/saidu-unica-novedad-en-ipurua\/","title":{"rendered":"Saidu, \u00fanica novedad en Ipurua"},"content":{"rendered":"<p>Como estaba previsto, Rub\u00e9n Sell\u00e9s s\u00f3lo introduce una variante en la alineaci\u00f3n para visitar al Eibar. La ausencia de Radovanovic, expulsado por doble amarilla contra el Huesca, ser\u00e1 cubierta por Saidu. El t\u00e9cnico insiste en el resto del once con los jugadores que le dieron\u00a0 la victoria en el duelo regional frente al Huesca, con Andrada de nuevo en la agitada porter\u00eda del conjunto aragon\u00e9s y Keidi Bare en la sala de m\u00e1quinas junto a Guti para que Francho flote entre el interior derecho y el juego por dentro para intentar sorprender a la espalda de la defensa guipuzcoana.<\/p>\n<p>Ipurua y sus especiales dimensiones es el aula donde el Real Zaragoza se presenta a otro complicado examen despu\u00e9s del triunfo ante el equipo de Jon P\u00e9rez Bolo, el primero en el Ibercaja Estadio. El Eibar no ha perdido todav\u00eda en su feudo, con un rendimiento mucho m\u00e1s pobre en los desplazamientos, lo que habla de un bloque muy fiable y dif\u00edcil de batir como local. S\u00f3lo le han hecho cuatro goles ante su afici\u00f3n, la cifra m\u00e1s baja de la categor\u00eda, otro reto para el equipo con menos pegada del campeonato.<\/p>\n<p>La necesidad de puntos para ir restando diferencias con sus antecesores, a seis puntos los m\u00e1s pr\u00f3ximos que marcan la salvaci\u00f3n, y abandonar cuanto antes la cola de clasificaci\u00f3n fuerzan a la escuadra de Sell\u00e9s a ser lo m\u00e1s ambiciosa posible en cada jornada. El entrenador, que estreno pareja de atacantes con el Huesca, vuelve a repetir arriba con Sober\u00f3n y Kodro, m\u00e1s un Valery que va creciendo poco a poco pero que sigue acusando, como el resto de sus compa\u00f1eros, una condici\u00f3n f\u00edsica no apta para los 90 minutos.<\/p>\n<blockquote class=\"twitter-tweet\">\n<p dir=\"ltr\" lang=\"es\">Nuestro equipo. Nuestro once 1\ufe0f\u20e31\ufe0f\u20e3\u2694\ufe0f <a href=\"https:\/\/t.co\/qWPBWL4ZHx\">pic.twitter.com\/qWPBWL4ZHx<\/a><\/p>\n<p>\u2014 Real Zaragoza (@RealZaragoza) <a href=\"https:\/\/twitter.com\/RealZaragoza\/status\/1992265904462389647?ref_src=twsrc%5Etfw\">November 22, 2025<\/a><\/p><\/blockquote>\n<p><script async src=\"https:\/\/platform.twitter.com\/widgets.js\" charset=\"utf-8\"><\/script><\/p>\n<p>&nbsp;<\/p>\n<p><img loading=\"lazy\" decoding=\"async\" class=\"aligncenter wp-image-20948 size-full\" src=\"https:\/\/principesdeparis.es\/principes\/wp-content\/uploads\/2025\/11\/13.png\" alt=\"\" width=\"720\" height=\"685\" srcset=\"https:\/\/principesdeparis.es\/principes\/wp-content\/uploads\/2025\/11\/13.png 720w, https:\/\/principesdeparis.es\/principes\/wp-content\/uploads\/2025\/11\/13-300x285.png 300w, https:\/\/principesdeparis.es\/principes\/wp-content\/uploads\/2025\/11\/13-610x580.png 610w, https:\/\/principesdeparis.es\/principes\/wp-content\/uploads\/2025\/11\/13-400x381.png 400w\" sizes=\"auto, (max-width: 720px) 100vw, 720px\" \/><\/p>\n<p>La comparativa de ambos equipos, seg\u00fan la IA de BeSoccer<\/p>\n<p>La alineaci\u00f3n de la SD Eibar, que s\u00f3lo realiza un cambio con respecto a su empate en El Molin\u00f3n: Nolaskoain entra por Arambarri.<\/p>\n<blockquote class=\"twitter-tweet\">\n<p dir=\"ltr\" lang=\"eu\">ZUEKIN EDONORA! !<\/p>\n<p><a href=\"https:\/\/twitter.com\/RealZaragoza?ref_src=twsrc%5Etfw\">@RealZaragoza<\/a> <a href=\"https:\/\/twitter.com\/hashtag\/EibarRealZaragoza?src=hash&amp;ref_src=twsrc%5Etfw\">#EibarRealZaragoza<\/a> | <a href=\"https:\/\/twitter.com\/hashtag\/BetiArmaginak?src=hash&amp;ref_src=twsrc%5Etfw\">#BetiArmaginak<\/a>\u2694\ufe0f <a href=\"https:\/\/t.co\/jIImY0LTvh\">pic.twitter.com\/jIImY0LTvh<\/a><\/p>\n<p>\u2014 SD Eibar (@SDEibar) <a href=\"https:\/\/twitter.com\/SDEibar\/status\/1992265738846085276?ref_src=twsrc%5Etfw\">November 22, 2025<\/a><\/p><\/blockquote>\n<p><script async src=\"https:\/\/platform.twitter.com\/widgets.js\" charset=\"utf-8\"><\/script><\/p>\n","protected":false},"excerpt":{"rendered":"<p>Como estaba previsto, Rub\u00e9n Sell\u00e9s s\u00f3lo introduce una variante en la alineaci\u00f3n para visitar al Eibar. La ausencia de Radovanovic, expulsado por doble amarilla contra el Huesca, ser\u00e1 cubierta por Saidu. El t\u00e9cnico insiste en el resto del once con los jugadores que le dieron\u00a0 la victoria en el duelo <a class=\"read-more\" href=\"https:\/\/principesdeparis.es\/principes\/saidu-unica-novedad-en-ipurua\/\">Sigue leyendo<\/a><\/p>\n","protected":false},"author":2,"featured_media":20939,"comment_status":"open","ping_status":"open","sticky":false,"template":"","format":"standard","meta":{"footnotes":""},"categories":[13,1],"tags":[],"class_list":["post-20938","post","type-post","status-publish","format-standard","has-post-thumbnail","hentry","category-publicidad","category-real-zaragoza"],"_links":{"self":[{"href":"https:\/\/principesdeparis.es\/principes\/wp-json\/wp\/v2\/posts\/20938","targetHints":{"allow":["GET"]}}],"collection":[{"href":"https:\/\/principesdeparis.es\/principes\/wp-json\/wp\/v2\/posts"}],"about":[{"href":"https:\/\/principesdeparis.es\/principes\/wp-json\/wp\/v2\/types\/post"}],"author":[{"embeddable":true,"href":"https:\/\/principesdeparis.es\/principes\/wp-json\/wp\/v2\/users\/2"}],"replies":[{"embeddable":true,"href":"https:\/\/principesdeparis.es\/principes\/wp-json\/wp\/v2\/comments?post=20938"}],"version-history":[{"count":11,"href":"https:\/\/principesdeparis.es\/principes\/wp-json\/wp\/v2\/posts\/20938\/revisions"}],"predecessor-version":[{"id":20951,"href":"https:\/\/principesdeparis.es\/principes\/wp-json\/wp\/v2\/posts\/20938\/revisions\/20951"}],"wp:featuredmedia":[{"embeddable":true,"href":"https:\/\/principesdeparis.es\/principes\/wp-json\/wp\/v2\/media\/20939"}],"wp:attachment":[{"href":"https:\/\/principesdeparis.es\/principes\/wp-json\/wp\/v2\/media?parent=20938"}],"wp:term":[{"taxonomy":"category","embeddable":true,"href":"https:\/\/principesdeparis.es\/principes\/wp-json\/wp\/v2\/categories?post=20938"},{"taxonomy":"post_tag","embeddable":true,"href":"https:\/\/principesdeparis.es\/principes\/wp-json\/wp\/v2\/tags?post=20938"}],"curies":[{"name":"wp","href":"https:\/\/api.w.org\/{rel}","templated":true}]}}