{"id":21010,"date":"2025-11-30T11:51:06","date_gmt":"2025-11-30T11:51:06","guid":{"rendered":"https:\/\/principesdeparis.es\/principes\/?p=21010"},"modified":"2025-11-30T12:26:53","modified_gmt":"2025-11-30T12:26:53","slug":"radovanovic-vuelve-al-once-de-selles","status":"publish","type":"post","link":"https:\/\/principesdeparis.es\/principes\/radovanovic-vuelve-al-once-de-selles\/","title":{"rendered":"Radovanovic vuelve al once de Sell\u00e9s"},"content":{"rendered":"<p>Rub\u00e9n Sell\u00e9s recupera en la figura de Radovanovic, sancionado la pasada semana por su expulsi\u00f3n contra el Huesca, para la alineaci\u00f3n que el t\u00e9cnico valenciano ha hecho suya precisamente desde la cita ante los altoaragoneses. Le ha ayudado que las molestias que sufri\u00f3 Pablo Insua en Ipurua y que le obligaron al cambio en la primera mitad se hayan quedado en un susto, lo que permite casi repetir por tercera semana consecutiva\u00a0 la alineaci\u00f3n que m\u00e1s convence en estos momentos al entrenador. El equipo de Sell\u00e9s, del que han desaparecido incluso de la citaci\u00f3n Bazdar y Dani G\u00f3mez,\u00a0 de los que el club quiere prescindir en el mercado de invierno, persigue un triple salto vital despu\u00e9s de dos triunfos consecutivos. Y lo hace contra el Legan\u00e9s en el Ibercaja Estadio en su lucha sin cuartel por aproximarse lo m\u00e1ximo posible a los puestos de salvaci\u00f3n, que en caso de nuevo triunfo podr\u00edan quedarse a tres o cuatro puntos de distancia.<\/p>\n<p>Un once de carrerilla para una carrera de mucho fondo. Andrada, Aguirregabiria, Insua, Radovanovic, Keidi Bare, Guti, Francho, Valery, Sober\u00f3n y Kodro Un sistema sostenido por tres centrocampistas y dos delanteros que tambi\u00e9n ha venido para quedarse. El Real Zaragoza, tras sumar seis de seis en dos jornadas en las que ha hecho de su competitividad y resistencia su sello de identidad, busca sobre todas las cosas ganar, el verbo que debe conjugar por obligaci\u00f3n, pero tambi\u00e9n a\u00f1adir a su f\u00fatbol de trincheras algo m\u00e1s de aportaci\u00f3n individual, de construcci\u00f3n porque no siempre la herramienta t\u00e1ctica y el sacrificio van a acudir al rescate. En este sentido sus limitaciones son muchas, m\u00e1s que nada cuando el objetivo es aproximarse y pisar el \u00e1rea rival, algo que calca un Legan\u00e9s en apuros, con poco gol y asistencia en un proyecto fallido hasta el momento de volver lo antes posible a la \u00e9lite.<\/p>\n<p>La haza\u00f1a de Ipurua, donde el Real Zaragoza se impuso con diez por expulsi\u00f3n de Saidu, ha encendido la luz de la esperanza, a\u00fan tenue como Sell\u00e9s se ha encargado de recordar. Este encuentro, adem\u00e1s de forzar al mejor resultado posible, confirmar\u00e1 si la evoluci\u00f3n corporativa del vestuario da para m\u00e1s que un par de fogonazos, si se suaviza la autopista hacia la permanencia o regresan los baches.\u00a0 Es lo que tiene arrancar cada fin de semana desde la \u00faltima plaza con una plantilla que habr\u00e1 que corregir en el ventana invernal siempre que se alcance ese punto con el suficiente aliento. El Legan\u00e9s, uno de los mejores visitantes pese a su delicada situaci\u00f3n, viene a cortar la respiraci\u00f3n del Ibercaja Estadio porque tambi\u00e9n necesita ox\u00edgeno. El partido, en principio, pertenece al espect\u00e1culo de la angustia, una intranquilidad que el Real Zaragoza tratar\u00e1 de controlar, como ya ha hecho de salida en su racha victoriosa, tomando el control desde el pitido inicial en campo contrario frente a un adversario que lejos de Butarque cierra su porter\u00eda a cal y canto. Un gol puede ser oro en pa\u00f1o.<\/p>\n<blockquote class=\"twitter-tweet\">\n<p dir=\"ltr\" lang=\"es\">1\ufe0f\u20e31\ufe0f\u20e3 Aqu\u00ed est\u00e1 nuestro once \u2b1c\ufe0f <a href=\"https:\/\/t.co\/QmyzfX6ZwK\">pic.twitter.com\/QmyzfX6ZwK<\/a><\/p>\n<p>\u2014 Real Zaragoza (@RealZaragoza) <a href=\"https:\/\/twitter.com\/RealZaragoza\/status\/1995095341604200728?ref_src=twsrc%5Etfw\">November 30, 2025<\/a><\/p><\/blockquote>\n<p><script async src=\"https:\/\/platform.twitter.com\/widgets.js\" charset=\"utf-8\"><\/script><\/p>\n<p>La alineaci\u00f3n del Legan\u00e9s<\/p>\n<blockquote class=\"twitter-tweet\">\n<p dir=\"ltr\" lang=\"ca\">El XI del <a href=\"https:\/\/twitter.com\/RealZaragoza?ref_src=twsrc%5Etfw\">@RealZaragoza<\/a> <a href=\"https:\/\/twitter.com\/hashtag\/RealZaragozaLegan%C3%A9s?src=hash&amp;ref_src=twsrc%5Etfw\">#RealZaragozaLegan\u00e9s<\/a> <a href=\"https:\/\/twitter.com\/hashtag\/VamosLega?src=hash&amp;ref_src=twsrc%5Etfw\">#VamosLega<\/a> \u25bd <a href=\"https:\/\/t.co\/AJPmiUs8Vc\">pic.twitter.com\/AJPmiUs8Vc<\/a><\/p>\n<p>\u2014 C.D. Legan\u00e9s (@CDLeganes) <a href=\"https:\/\/twitter.com\/CDLeganes\/status\/1995100472848621830?ref_src=twsrc%5Etfw\">November 30, 2025<\/a><\/p><\/blockquote>\n<p><script async src=\"https:\/\/platform.twitter.com\/widgets.js\" charset=\"utf-8\"><\/script><\/p>\n","protected":false},"excerpt":{"rendered":"<p>Rub\u00e9n Sell\u00e9s recupera en la figura de Radovanovic, sancionado la pasada semana por su expulsi\u00f3n contra el Huesca, para la alineaci\u00f3n que el t\u00e9cnico valenciano ha hecho suya precisamente desde la cita ante los altoaragoneses. Le ha ayudado que las molestias que sufri\u00f3 Pablo Insua en Ipurua y que le <a class=\"read-more\" href=\"https:\/\/principesdeparis.es\/principes\/radovanovic-vuelve-al-once-de-selles\/\">Sigue leyendo<\/a><\/p>\n","protected":false},"author":2,"featured_media":21025,"comment_status":"open","ping_status":"open","sticky":false,"template":"","format":"standard","meta":{"footnotes":""},"categories":[13,1],"tags":[],"class_list":["post-21010","post","type-post","status-publish","format-standard","has-post-thumbnail","hentry","category-publicidad","category-real-zaragoza"],"_links":{"self":[{"href":"https:\/\/principesdeparis.es\/principes\/wp-json\/wp\/v2\/posts\/21010","targetHints":{"allow":["GET"]}}],"collection":[{"href":"https:\/\/principesdeparis.es\/principes\/wp-json\/wp\/v2\/posts"}],"about":[{"href":"https:\/\/principesdeparis.es\/principes\/wp-json\/wp\/v2\/types\/post"}],"author":[{"embeddable":true,"href":"https:\/\/principesdeparis.es\/principes\/wp-json\/wp\/v2\/users\/2"}],"replies":[{"embeddable":true,"href":"https:\/\/principesdeparis.es\/principes\/wp-json\/wp\/v2\/comments?post=21010"}],"version-history":[{"count":12,"href":"https:\/\/principesdeparis.es\/principes\/wp-json\/wp\/v2\/posts\/21010\/revisions"}],"predecessor-version":[{"id":21023,"href":"https:\/\/principesdeparis.es\/principes\/wp-json\/wp\/v2\/posts\/21010\/revisions\/21023"}],"wp:featuredmedia":[{"embeddable":true,"href":"https:\/\/principesdeparis.es\/principes\/wp-json\/wp\/v2\/media\/21025"}],"wp:attachment":[{"href":"https:\/\/principesdeparis.es\/principes\/wp-json\/wp\/v2\/media?parent=21010"}],"wp:term":[{"taxonomy":"category","embeddable":true,"href":"https:\/\/principesdeparis.es\/principes\/wp-json\/wp\/v2\/categories?post=21010"},{"taxonomy":"post_tag","embeddable":true,"href":"https:\/\/principesdeparis.es\/principes\/wp-json\/wp\/v2\/tags?post=21010"}],"curies":[{"name":"wp","href":"https:\/\/api.w.org\/{rel}","templated":true}]}}