{"id":21048,"date":"2025-12-02T13:34:25","date_gmt":"2025-12-02T13:34:25","guid":{"rendered":"https:\/\/principesdeparis.es\/principes\/?p=21048"},"modified":"2025-12-02T13:34:40","modified_gmt":"2025-12-02T13:34:40","slug":"dr-sellestein","status":"publish","type":"post","link":"https:\/\/principesdeparis.es\/principes\/dr-sellestein\/","title":{"rendered":"Dr. Sellestein"},"content":{"rendered":"<p>En psicolog\u00eda hablamos del s\u00edndrome de Frankenstein para referirnos al temor que sentimos los humanos ante creaciones que desarrollamos, y que tememos se vuelvan en nuestra contra. No hablamos de una enfermedad o patolog\u00eda concreta, sino m\u00e1s bien de un comportamiento ante situaciones cotidianas de cada d\u00eda. Por supuesto, la denominaci\u00f3n proviene de la maravillosa obra literaria que nos dej\u00f3 la escritora inglesa Mary Shelley. Fue concebida en un extra\u00f1o verano de 1816 en el que la erupci\u00f3n de un volc\u00e1n provoc\u00f3 un est\u00edo con temperaturas fr\u00edas y mucha lluvia. Un encuentro de amigos en Suiza, en torno a Lord Byron, desemboc\u00f3 en un reto en el que los asistentes deb\u00edan escribir una historia de terror que les ayudara a salir de la monoton\u00eda a la que el exceso de precipitaciones les obligaba. Este pr\u00f3ximo y ya cercano 2026 se cumplir\u00e1n 210 a\u00f1os de la creaci\u00f3n de la \u201cCriatura\u201d (hay muchas personas que siguen confundiendo al creador con lo creado e intercambian los nombres). Hace poco se ha presentado la pel\u00edcula de Guillermo del Toro con una nueva versi\u00f3n de este monstruo (lo que me sirve para aludir tanto al director cinematogr\u00e1fico como al engendro terror\u00edfico que imagin\u00f3 la escritora).<\/p>\n<p>Los cambios nos suelen dar pavor. Los que nos imponen los dem\u00e1s, nos inquietan. Pero los que de verdad nos aterrorizan son los que acometemos nosotros mismos. Siempre podemos echar a la culpa a otros de las transformaciones obligadas. Pero lo que nos agobia y crea ansiedad es equivocarnos sobre cambios que decidimos bajo nuestra \u00fanica responsabilidad. Las frases vac\u00edas y bonitas de la falsa autoayuda psicol\u00f3gica nos animan a salir de nuestra zona de confort \u00a1como si estar bien fuera un delito! Pero esta sociedad de cobardes anima a los valientes para que se estampen contra una realidad mentirosa. Disfrutar de un modesto bienestar es toda una aventura llena de riesgos que no necesita de retos insalvables para destacar. No caigan en esa trampa de las frases bonitas que s\u00f3lo conducen a la melancol\u00eda y si\u00e9ntanse c\u00f3modos en su \u00e1rea de confort, sea una simple silla de tijera o un buen sof\u00e1 en el que saborear la pereza consentida. Si necesitan salir a respirar algo de vida es porque est\u00e1n atrapados por una atm\u00f3sfera t\u00f3xica que no tiene nada de confortable. Entonces, el cambio es una cuesti\u00f3n de supervivencia.<\/p>\n<p>El Real Zaragoza se hab\u00eda acostumbrado a respirar gases de sulfuro futbol\u00edstico en el pozo de su categor\u00eda. Una vez que adaptas tus pulmones a la nueva mezcla, puedes llegar a convivir con el s\u00f3tano del infierno balomp\u00e9dico. La criatura que surgi\u00f3 del verano lleg\u00f3 descompuesta al oto\u00f1o y con todos los indicadores de vida en negativo. Un grupo jugadores, con \u00f3rganos y tejidos inertes, necesitaban a todo un Frankenstein para que les hiciera revivir el sentido de pasarse un bal\u00f3n y meter goles en la porter\u00eda contraria. Hay que reconocer que el adefesio de plantilla que alumbr\u00f3 Txema Indias lo consagr\u00f3 Gabi como un espantajo de equipo. El resultado es que no ha cuajado lo colectivo y no se ha desarrollado lo individual. Pero la clave era saber si cada retazo deportivo era capaz de cobrar vida, en compa\u00f1\u00eda de otros retales, con alguien que les diera la chispa de energ\u00eda necesaria para que comenzara a caminar la Criatura. Rub\u00e9n Sell\u00e9s, un m\u00e9dico sin historia, con escasa trayectoria sanadora en la sala de autopsias del f\u00fatbol ingl\u00e9s, lleg\u00f3 para experimentar la existencia de vida en la nada zaragocista. Con varias descargas de sentido com\u00fan ha dado pulso a zonas futbol\u00edsticas que parec\u00edan condenadas a la necropsia. El equipo (cada vez m\u00e1s colectivo y menos bandolero) ha conseguido tres victorias seguidas para seguir \u00faltimo. Pero, tambi\u00e9n, para ser an\u00edmica y deportivamente el primero de los \u00faltimos. O al que m\u00e1s van a temer los de la cola, mientras miran por el retrovisor de la clasificaci\u00f3n.<\/p>\n<p>Los aficionados preferimos ver competir a nuestro equipo, aunque sea un poco \u201cfinstro diodenal\u201d como dir\u00eda Chiquito de la Calzada, antes que soportar a un guaperas sin cerebro en sus botas ir de barra en barra las noches de liga buscando planes y cosechando calabazas. Esa es la tarea de Rub\u00e9n y los logros de Sell\u00e9s, que est\u00e1n convirtiendo un rastrillo de jugadores en un conjunto de profesionales. Un m\u00edster que se ha doctorado con una mezcla de habilidad en el manejo de los tiempos, en modo Albert Einstein, y una parte ingeniosa y estrafalaria de Fronkonstin, tal y como la interpret\u00f3 Gene Wilder (El jovencito Frankenstein, 1974). Dicen las malas lenguas que si tras las victorias del Real Zaragoza se menta al anterior entrenador blanquiazul, Frau Gabi Bl\u00fccher, se escuchan cerca del Ebro terribles relinchos.<\/p>\n<p>Comenzamos a ver f\u00fatbol y nos estamos acostumbrando a disfrutar de combinaciones y agilidad con bal\u00f3n. Llegamos animados al campo con nuestras ganas diciendo una cosa y el est\u00f3mago la contraria. Nos encomendamos a una nueva victoria en el trayecto y no \u00e9ramos los \u00fanicos. Tremendo l\u00edo en el tranv\u00eda que colaps\u00f3 por una interrupci\u00f3n de la circulaci\u00f3n. Yo miraba la agenda y no me cuadraba el desprop\u00f3sito paralizador. En mi calendario de manifestaciones ya hab\u00edan pasado las protestas por los recortes en educaci\u00f3n y en sanidad. Pod\u00eda ser que la supresi\u00f3n de las urgencias m\u00e9dicas de tarde en Zaragoza hubiese provocado una queja adelantada. Por otra parte, la alcaldesa Chueca ya hab\u00eda sacado el s\u00e1bado su atril para el encendido de las luces festivas y hab\u00eda estado, el d\u00eda de antes, repartiendo mascarillas para evitar contagios de la gripe. Lo que no nos dijo es que en la inauguraci\u00f3n del alumbrado navide\u00f1o iba a congregar una multitud de luci\u00e9rnagas humanas para facilitar al virus un contagio efectivo. A lo que iba, resulta que nos cortaron el camino del tranv\u00eda al estadio debido a una procesi\u00f3n de cofrades junto a Escolapios. Todo cobraba sentido. La Semana Santa y Navidad juntas, en noviembre, mientras yo iba al f\u00fatbol para ver un partido que comenzaba a las dos de la tarde. Debemos reconocer que si la procesi\u00f3n era una rogativa divina, consigui\u00f3 su objetivo. Comenz\u00f3 a llover y seguimos ganando. Nada que objetar.<\/p>\n<p>La luz del domingo enga\u00f1\u00f3 a las v\u00edsceras y la emoci\u00f3n a la cabeza. Llegamos mosqueados, con el cielo encapotado, pero el f\u00fatbol nos dio un respiro de animaci\u00f3n. Da la impresi\u00f3n de que el asiento se ha agrandado y los gl\u00fateos encuentran algo m\u00e1s de sitio para su expansi\u00f3n. Hace unas pocas semanas nos hubi\u00e9ramos quedado viendo el campeonato de petanca, que se celebraba junto a la entrada del modular, buscando emociones fuertes. Ahora entramos con m\u00e1s \u00e1nimo. \u00bfSer\u00eda la m\u00fasica \u201cflama\u00f1enca\u201d de los Poetas D\u00b4Calle que actuaron en la previa en directo? De hecho, los n\u00fameros tornaron a un r\u00e9cord de asistencia. El encuentro comenz\u00f3 con un intercambio de cromos que han mercantilizado hasta el trueque rom\u00e1ntico de banderines. Por lo dem\u00e1s, el partido nos dej\u00f3 un buen sabor de boca, aunque estuviera vac\u00eda. Los nuestros supieron ganar a un equipo que se qued\u00f3 con uno menos. Algo que hasta ahora nos costaba digerir. Un avance. Pero la mano de Marvel parec\u00eda la de Hulk en sus c\u00f3mics y se extend\u00eda m\u00e1s all\u00e1 de su resorte natural. Parece una acci\u00f3n m\u00e1s antideportiva que violenta, que nos hubiera enfadado a los aficionados si castigan con el mismo rigor a uno de los nuestros. Un d\u00eda te quitan y otro d\u00eda no te dan. \u00bfEra algo as\u00ed?<\/p>\n<p>La victoria fue merecida contra once y justa contra diez, aunque la celebr\u00e1ramos ante nueve. Los dos entrenadores adoptaron en la vestimenta el estilo de capit\u00e1n de submarino, con un negro muy oscuro. M\u00e1s t\u00e9trico el de Paco L\u00f3pez que sali\u00f3 con la mala cara de pilotar un sumergible hundido. Mientras, Rub\u00e9n se hab\u00eda graduado con tres tocados y tres hundidos en su \u00faltima traves\u00eda. Tan enfadado acab\u00f3 el m\u00edster for\u00e1neo que le gast\u00f3 una jugarreta a nuestro entrenador y le desconect\u00f3 el micr\u00f3fono. La tangana final segu\u00eda en la rueda de prensa. Menos mal que no se cruzaron de golpe, porque el choque de dos valencianos pod\u00eda terminar de traca. Sell\u00e9s se mantiene p\u00e9treo en la mirada, aunque se va soltando en los gestos. Descorch\u00f3 la botella de agua en un gesto de alocada alegr\u00eda, teniendo en cuenta su impasibilidad. \u00a0Las cejas y su frente van tan coordinadas como los movimientos de Kodro. La cabeza tiene vida propia y no sabemos si sale de su cuello o desde detr\u00e1s de la sala, preparando su actuaci\u00f3n de teatro negro. Estuvo m\u00e1s afinado con los cambios y sigue la lenta reinserci\u00f3n de Bakis al que mima como si le respondiera con cari\u00f1o. Puede que le muestre m\u00e1s ternura que los desconvocados Bazdar y Dani, o un Paul que tira a sanselo, como decimos por esta tierra. Parece que se acercan las rebajas de enero.<\/p>\n<p>Mientras preparamos el viaje a M\u00e1laga, no estar\u00eda de m\u00e1s consolidar la recuperaci\u00f3n con una nueva ronda de copa. El \u00e1nimo tambi\u00e9n se entrena. No hay mejor zona de confort que seguir disfrutando de la satisfacci\u00f3n actual. Quiz\u00e1s Rub\u00e9n pueda doctorarse experimentando nuevas oportunidades de convertir un monstruo en un artista reconocible. Recobrada la vida del cad\u00e1ver, conviene que vaya pensando la forma de integrarlo a la sociedad de f\u00fatbol. Los aficionados estamos cansados de tanta pel\u00edcula de terror con pinta de sainete. Entre Frankenstein y Fronkonstin, nos quedamos con el Dr. Sellestein.<\/p>\n","protected":false},"excerpt":{"rendered":"<p>En psicolog\u00eda hablamos del s\u00edndrome de Frankenstein para referirnos al temor que sentimos los humanos ante creaciones que desarrollamos, y que tememos se vuelvan en nuestra contra. No hablamos de una enfermedad o patolog\u00eda concreta, sino m\u00e1s bien de un comportamiento ante situaciones cotidianas de cada d\u00eda. Por supuesto, la <a class=\"read-more\" href=\"https:\/\/principesdeparis.es\/principes\/dr-sellestein\/\">Sigue leyendo<\/a><\/p>\n","protected":false},"author":5,"featured_media":20913,"comment_status":"open","ping_status":"open","sticky":false,"template":"","format":"standard","meta":{"footnotes":""},"categories":[19,13],"tags":[],"class_list":["post-21048","post","type-post","status-publish","format-standard","has-post-thumbnail","hentry","category-el-divan","category-publicidad"],"_links":{"self":[{"href":"https:\/\/principesdeparis.es\/principes\/wp-json\/wp\/v2\/posts\/21048","targetHints":{"allow":["GET"]}}],"collection":[{"href":"https:\/\/principesdeparis.es\/principes\/wp-json\/wp\/v2\/posts"}],"about":[{"href":"https:\/\/principesdeparis.es\/principes\/wp-json\/wp\/v2\/types\/post"}],"author":[{"embeddable":true,"href":"https:\/\/principesdeparis.es\/principes\/wp-json\/wp\/v2\/users\/5"}],"replies":[{"embeddable":true,"href":"https:\/\/principesdeparis.es\/principes\/wp-json\/wp\/v2\/comments?post=21048"}],"version-history":[{"count":1,"href":"https:\/\/principesdeparis.es\/principes\/wp-json\/wp\/v2\/posts\/21048\/revisions"}],"predecessor-version":[{"id":21049,"href":"https:\/\/principesdeparis.es\/principes\/wp-json\/wp\/v2\/posts\/21048\/revisions\/21049"}],"wp:featuredmedia":[{"embeddable":true,"href":"https:\/\/principesdeparis.es\/principes\/wp-json\/wp\/v2\/media\/20913"}],"wp:attachment":[{"href":"https:\/\/principesdeparis.es\/principes\/wp-json\/wp\/v2\/media?parent=21048"}],"wp:term":[{"taxonomy":"category","embeddable":true,"href":"https:\/\/principesdeparis.es\/principes\/wp-json\/wp\/v2\/categories?post=21048"},{"taxonomy":"post_tag","embeddable":true,"href":"https:\/\/principesdeparis.es\/principes\/wp-json\/wp\/v2\/tags?post=21048"}],"curies":[{"name":"wp","href":"https:\/\/api.w.org\/{rel}","templated":true}]}}