{"id":21051,"date":"2025-12-03T12:54:45","date_gmt":"2025-12-03T12:54:45","guid":{"rendered":"https:\/\/principesdeparis.es\/principes\/?p=21051"},"modified":"2025-12-03T13:04:16","modified_gmt":"2025-12-03T13:04:16","slug":"selles-hemos-abandonado-el-discurso-perdedor","status":"publish","type":"post","link":"https:\/\/principesdeparis.es\/principes\/selles-hemos-abandonado-el-discurso-perdedor\/","title":{"rendered":"Sell\u00e9s: \u00abHemos abandonado el discurso perdedor\u00bb"},"content":{"rendered":"<p><strong>Centrados en la Copa:<\/strong> \u00abLa Copa no molesta. Gusta en este club por historia\u00a0 y nos permitir\u00e1 ver a jugadores que seguramente se lo merecen y no est\u00e1n interviniendo. Lo afrontamos contra un rival de nuestra categor\u00eda y es bonito\u00bb.<\/p>\n<p><strong>Cambios:<\/strong> \u00abHaremos cambios. Es el momento de que algunos den ese paso adelante\u00bb.<\/p>\n<p><strong>Momento del equipo:<\/strong> \u00abTodav\u00eda hay bastante margen de mejora. Estamos en una versi\u00f3n muy reconocible de lo que queremos ser pero con mejoras\u00bb.<\/p>\n<p><strong>La victoria sobre el Legan\u00e9s:<\/strong> \u00abEn once contra once, a nivel ofensivamente empecemos a generar con tres ocasiones muy claras, pero nos falt\u00f3 contundencia defensiva en su primer gol que no podemos permitir. Ese gol nos da un menos. Aun as\u00ed quiero destacar la reacci\u00f3n de jugadores y p\u00fablico. Eso es un paso adelante de todos como Real Zaragoza. A partir de ah\u00ed, contra diez supimos jugar a lo que quer\u00edamos salvo en los \u00faltimos minutos\u00bb.<\/p>\n<p><strong>Dani G\u00f3mez, Bazdar y Akouokou:<\/strong> \u00abCuentos con todos porque est\u00e1n en plantilla, Son tan seleccionables como cualquier otro. Lo veremos ma\u00f1ana.<\/p>\n<p><strong>Descartes:<\/strong> \u00abLa situaci\u00f3n de Sebas Moyano, con una gastroenteritis, la vamos a evaluar.\u00a0 Al resto se lo comunicar\u00e9 ma\u00f1ana\u00bb.<\/p>\n<p><strong>El calendario que viene:<\/strong> \u00bb Nos centramos en lo inmediato. De momento ante un rival muy dif\u00edcil como el Burgos. Valoraremos la victoria si la conseguimos. Se trata de repetir patrones para competir contra cualquiera\u00bb.<\/p>\n<p><strong>Mercado de invierno:<\/strong> \u00abLa reuni\u00f3n con Txema se har\u00e1 en los pr\u00f3ximos d\u00edas. Hemos tenidos conversaciones. Txema Indias tiene su propio proceso con independencia de donde estemos en la clasificaci\u00f3n. Durante los pr\u00f3ximos d\u00edas lo abordaremos\u00bb.<\/p>\n<p><strong>Sociedades entre jugadores: <\/strong>\u00abEl f\u00fatbol se basa en esas sociedades. Algunas salen espont\u00e1neas. Mart\u00edn y Francho tienen una manera diferente al otro perfil izquierdo\u00bb.<\/p>\n<p><strong>Equilibrio:<\/strong> \u00abHemos abandonado el discurso de perdedores.\u00a0 Si estamos todos juntos es complicado ganarnos. Todav\u00eda es pronto para definirnos como ganadores. No podemos dar el salto de ser v\u00edctimas a ser ganadores. De momento somos competitivos\u00bb.<\/p>\n<p>&nbsp;<\/p>\n<p>&nbsp;<\/p>\n","protected":false},"excerpt":{"rendered":"<p>Centrados en la Copa: \u00abLa Copa no molesta. Gusta en este club por historia\u00a0 y nos permitir\u00e1 ver a jugadores que seguramente se lo merecen y no est\u00e1n interviniendo. Lo afrontamos contra un rival de nuestra categor\u00eda y es bonito\u00bb. Cambios: \u00abHaremos cambios. Es el momento de que algunos den <a class=\"read-more\" href=\"https:\/\/principesdeparis.es\/principes\/selles-hemos-abandonado-el-discurso-perdedor\/\">Sigue leyendo<\/a><\/p>\n","protected":false},"author":2,"featured_media":21052,"comment_status":"open","ping_status":"open","sticky":false,"template":"","format":"standard","meta":{"footnotes":""},"categories":[13,1],"tags":[],"class_list":["post-21051","post","type-post","status-publish","format-standard","has-post-thumbnail","hentry","category-publicidad","category-real-zaragoza"],"_links":{"self":[{"href":"https:\/\/principesdeparis.es\/principes\/wp-json\/wp\/v2\/posts\/21051","targetHints":{"allow":["GET"]}}],"collection":[{"href":"https:\/\/principesdeparis.es\/principes\/wp-json\/wp\/v2\/posts"}],"about":[{"href":"https:\/\/principesdeparis.es\/principes\/wp-json\/wp\/v2\/types\/post"}],"author":[{"embeddable":true,"href":"https:\/\/principesdeparis.es\/principes\/wp-json\/wp\/v2\/users\/2"}],"replies":[{"embeddable":true,"href":"https:\/\/principesdeparis.es\/principes\/wp-json\/wp\/v2\/comments?post=21051"}],"version-history":[{"count":4,"href":"https:\/\/principesdeparis.es\/principes\/wp-json\/wp\/v2\/posts\/21051\/revisions"}],"predecessor-version":[{"id":21056,"href":"https:\/\/principesdeparis.es\/principes\/wp-json\/wp\/v2\/posts\/21051\/revisions\/21056"}],"wp:featuredmedia":[{"embeddable":true,"href":"https:\/\/principesdeparis.es\/principes\/wp-json\/wp\/v2\/media\/21052"}],"wp:attachment":[{"href":"https:\/\/principesdeparis.es\/principes\/wp-json\/wp\/v2\/media?parent=21051"}],"wp:term":[{"taxonomy":"category","embeddable":true,"href":"https:\/\/principesdeparis.es\/principes\/wp-json\/wp\/v2\/categories?post=21051"},{"taxonomy":"post_tag","embeddable":true,"href":"https:\/\/principesdeparis.es\/principes\/wp-json\/wp\/v2\/tags?post=21051"}],"curies":[{"name":"wp","href":"https:\/\/api.w.org\/{rel}","templated":true}]}}