{"id":21057,"date":"2025-12-04T09:16:39","date_gmt":"2025-12-04T09:16:39","guid":{"rendered":"https:\/\/principesdeparis.es\/principes\/?p=21057"},"modified":"2025-12-04T09:19:44","modified_gmt":"2025-12-04T09:19:44","slug":"el-real-zaragoza-y-lo-insoportable-del-periodismo-libre","status":"publish","type":"post","link":"https:\/\/principesdeparis.es\/principes\/el-real-zaragoza-y-lo-insoportable-del-periodismo-libre\/","title":{"rendered":"El Real Zaragoza y la esclavitud del periodismo libre"},"content":{"rendered":"<p>El impacto permanente de la creaci\u00f3n de nuevas formas de comunicar, las dudas que nos plantea la Inteligencia Artificial para creer lo que vemos y escuchamos, estar envueltos en guerras que cambian los escenarios pol\u00edticos, sociales y econ\u00f3micos en el mundo, nos hacen vivir con un exceso de basura informativa que nos ha colapsado la inteligencia. Yo fui en mi juventud un seguidor impenitente de Oriana Fallaci, periodista italiana que fue la primera mujer corresponsal de guerra y que represent\u00f3 a quienes defend\u00edan el periodismo por encima de los propios medios de comunicaci\u00f3n. Seg\u00fan ella, fallecida en Florencia en 2006, \u00abel periodismo es la \u00fanica profesi\u00f3n que permite interpelar, en vivo y en directo, a los hombres y mujeres que detentan el poder. Eso le otorga a los periodistas un honor, pero tambi\u00e9n un desaf\u00edo. Amo el periodismo por eso y tambi\u00e9n por eso le temo. El periodismo es un privilegio extraordinario y terrible. No es raro, ante un encuentro importante, que sienta angustia, el miedo de no tener bastantes ojos y o\u00eddos y suficiente cerebro para ver, o\u00edr y comprender\u00bb.<\/p>\n<p>Desconozco si alguno de mis compa\u00f1eros habr\u00e1n le\u00eddo a esta mujer rebelde acostumbrada a vivir guerras y a entrevistar con descaro a personajes como Ghandi, Yasir Arafat, Golda Meir, Jomeini, Kissinger, Bob Kennedy, Martin Scorsese o Frank Sinatra. Desde hace tiempo se la ha soslayado porque ese tipo de periodismo profesional y libre ya no es soportado por los propietarios de los medios, por los pol\u00edticos y los propios compa\u00f1eros de profesi\u00f3n. La paga asegurada, no entrar en problemas por salirse aunque sea un poco de la l\u00ednea editorial, trabajar lo menos posible y si eres encargado, jefecillo o persona de confianza, disfrutar dando \u00f3rdenes verificando los contenidos antes de su publicaci\u00f3n. Supongo que no habr\u00e1n le\u00eddo a mi admirada Fallaci, ni a Hemingway, ni a Garc\u00eda M\u00e1rquez, ni a Wolf, ni a Kapuscinski\u2026 \u00bfA qu\u00e9 personaje han podido entrevistar? \u00bfSon supervivientes de la Copa ganada al Barcelona en el Calder\u00f3n en 1986? \u00bfQu\u00e9 conocen realmente de los entresijos de la Recopa de Europa de diez a\u00f1os despu\u00e9s? \u00bfAcaso saben por qu\u00e9 Sol\u00e1ns pact\u00f3 con Marcelino Iglesias para que Agapito se hiciera cargo de la propiedad? \u00bfO las discrepancias de la Fundaci\u00f3n entre los mismos miembros hasta que decidieron buscar inversores para conseguir capacidad econ\u00f3mica de cara a la construcci\u00f3n de la Nueva Romareda despu\u00e9s de los cuatro a\u00f1os del gobierno de Santisteve? Seguro que algunos conocer\u00e1n suficientes o muchos de esos datos pero no interesa expresarlos en estos momentos de duda, donde ha quedado claro que lo \u00fanico importante es la edificaci\u00f3n del coliseo zaragocista y a lo que se pueda desarrollar en torno a los negocios de todo tipo alrededor del Ibercaja Estadio.<\/p>\n<p>Mientras tanto un entrenador desconocido pero emergente y una plantilla que se repone de sus heridas morales y f\u00edsicas parece que lucha por evitar un desastre asumido incluso por los dirigentes actuales; eso s\u00ed, acompa\u00f1ados de la fidelidad de un p\u00fablico que prefiere estirar la historia a interrumpirla en una sociedad abierta a la invasi\u00f3n y a la esclavitud aunque las cadenas sean invisibles.<\/p>\n","protected":false},"excerpt":{"rendered":"<p>El impacto permanente de la creaci\u00f3n de nuevas formas de comunicar, las dudas que nos plantea la Inteligencia Artificial para creer lo que vemos y escuchamos, estar envueltos en guerras que cambian los escenarios pol\u00edticos, sociales y econ\u00f3micos en el mundo, nos hacen vivir con un exceso de basura informativa <a class=\"read-more\" href=\"https:\/\/principesdeparis.es\/principes\/el-real-zaragoza-y-lo-insoportable-del-periodismo-libre\/\">Sigue leyendo<\/a><\/p>\n","protected":false},"author":3,"featured_media":20979,"comment_status":"open","ping_status":"open","sticky":false,"template":"","format":"standard","meta":{"footnotes":""},"categories":[16,13],"tags":[],"class_list":["post-21057","post","type-post","status-publish","format-standard","has-post-thumbnail","hentry","category-el10","category-publicidad"],"_links":{"self":[{"href":"https:\/\/principesdeparis.es\/principes\/wp-json\/wp\/v2\/posts\/21057","targetHints":{"allow":["GET"]}}],"collection":[{"href":"https:\/\/principesdeparis.es\/principes\/wp-json\/wp\/v2\/posts"}],"about":[{"href":"https:\/\/principesdeparis.es\/principes\/wp-json\/wp\/v2\/types\/post"}],"author":[{"embeddable":true,"href":"https:\/\/principesdeparis.es\/principes\/wp-json\/wp\/v2\/users\/3"}],"replies":[{"embeddable":true,"href":"https:\/\/principesdeparis.es\/principes\/wp-json\/wp\/v2\/comments?post=21057"}],"version-history":[{"count":5,"href":"https:\/\/principesdeparis.es\/principes\/wp-json\/wp\/v2\/posts\/21057\/revisions"}],"predecessor-version":[{"id":21062,"href":"https:\/\/principesdeparis.es\/principes\/wp-json\/wp\/v2\/posts\/21057\/revisions\/21062"}],"wp:featuredmedia":[{"embeddable":true,"href":"https:\/\/principesdeparis.es\/principes\/wp-json\/wp\/v2\/media\/20979"}],"wp:attachment":[{"href":"https:\/\/principesdeparis.es\/principes\/wp-json\/wp\/v2\/media?parent=21057"}],"wp:term":[{"taxonomy":"category","embeddable":true,"href":"https:\/\/principesdeparis.es\/principes\/wp-json\/wp\/v2\/categories?post=21057"},{"taxonomy":"post_tag","embeddable":true,"href":"https:\/\/principesdeparis.es\/principes\/wp-json\/wp\/v2\/tags?post=21057"}],"curies":[{"name":"wp","href":"https:\/\/api.w.org\/{rel}","templated":true}]}}