{"id":21063,"date":"2025-12-04T19:19:58","date_gmt":"2025-12-04T19:19:58","guid":{"rendered":"https:\/\/principesdeparis.es\/principes\/?p=21063"},"modified":"2025-12-04T19:50:56","modified_gmt":"2025-12-04T19:50:56","slug":"19-meses-y-una-cesion-despues-bakis-vuelve-a-la-titularidad-por-delante-de-gomez-y-bazdar","status":"publish","type":"post","link":"https:\/\/principesdeparis.es\/principes\/19-meses-y-una-cesion-despues-bakis-vuelve-a-la-titularidad-por-delante-de-gomez-y-bazdar\/","title":{"rendered":"19 meses y una cesi\u00f3n despu\u00e9s, Bakis vuelve a la titularidad por delante de G\u00f3mez y Bazdar"},"content":{"rendered":"<p>Sinan Bakis es la gran novedad de la alineaci\u00f3n contra el Burgos en la segunda eliminatoria de la Copa por el significado de su regreso. El turco, que ya hab\u00eda contado para Rub\u00e9n Sell\u00e9s en las cuatro \u00faltimas jornadas de Liga en el papel de relevo, vuelve a un once del conjunto aragon\u00e9s despu\u00e9s de 19 meses &#8211;fue de la partida el 14 de abril de 2024 frente al Elche&#8211; y una cesi\u00f3n al G\u00f3rnik Zabrze polaco.\u00a0 De buscarle una nueva salida el pasado mes de septiembre hacia el Vanspor FC de la Segunda divisi\u00f3n turca, operaci\u00f3n que se frustr\u00f3 al no superar el futbolista el examen m\u00e9dico, a adquirir un relevancia en los planes del entrenador valenciano por delante de Samed Bazdar y Dani G\u00f3mez, que se sientan en el banquillo en otro mensaje n\u00edtido de que el club y el t\u00e9cnico no cuentan con ellos ni para la formaci\u00f3n de una segunda unidad. Ambos se quedaron fuera de la citaci\u00f3n ante el Legan\u00e9s en lo que supon\u00eda el primer aviso serio de cu\u00e1l ser\u00e1 su futuro en el pr\u00f3ximo mercado de invierno.<\/p>\n<p>En ese giro completo, destaca tambi\u00e9n la presencia de Akoukou, que se estrena con Sell\u00e9s al mando despu\u00e9s de que el marfile\u00f1o estuviera cuatro partidos sancionados por reventar el VAR ante la Cultural Leonesa\u00a0 y lesionarse el abductor izquierdo en un entrenamiento, y la de Tasende, in\u00e9dito de inicio en un partido con el valenciano. Adri\u00e1n, Sebasti\u00e1n, Tachi, Gomes, Moya, Pinilla, Cuenca y Pau Sans completan un equipo que intentar\u00e1 pasara a la siguiente ronda tras dejar en la cuneta en la primera al Mutilvera. En la suplencia est\u00e1n Calavia, Berrar, Aguirregabiria, Radovanovic, Insua,\u00a0 Saidu, Valery, Terrer, Bazdar, Dani G\u00f3mez y Sober\u00f3n. Ramis, por su parte, tambi\u00e9n recurre a los menos habituales para esta cita del torneo del KO que se celebra en el Ibercaja Estadio, donde el Real Zaragoza buscara un cuarto triunfo consecutivo despu\u00e9s de sumar nueve de nueve en las tres \u00faltimas jornadas de la competici\u00f3n dom\u00e9stica.<\/p>\n<p>&nbsp;<\/p>\n<blockquote class=\"twitter-tweet\">\n<p dir=\"ltr\" lang=\"es\">El de Copa del Rey <a href=\"https:\/\/t.co\/0v7h1TksUe\">pic.twitter.com\/0v7h1TksUe<\/a><\/p>\n<p>\u2014 Real Zaragoza (@RealZaragoza) <a href=\"https:\/\/twitter.com\/RealZaragoza\/status\/1996657725711773850?ref_src=twsrc%5Etfw\">December 4, 2025<\/a><\/p><\/blockquote>\n<p><script async src=\"https:\/\/platform.twitter.com\/widgets.js\" charset=\"utf-8\"><\/script><\/p>\n<p>La alineaci\u00f3n del Burgos<\/p>\n<blockquote class=\"twitter-tweet\">\n<p dir=\"ltr\" lang=\"es\">\u26aa\u26ab \u00a1Este es el para medirnos al <a href=\"https:\/\/twitter.com\/RealZaragoza?ref_src=twsrc%5Etfw\">@RealZaragoza<\/a>! 1\ufe0f\u20e31\ufe0f\u20e3<\/p>\n<p>\u00a1Vamos, BCF! <a href=\"https:\/\/twitter.com\/hashtag\/CopaDelReyMAPFRE?src=hash&amp;ref_src=twsrc%5Etfw\">#CopaDelReyMAPFRE<\/a> <a href=\"https:\/\/twitter.com\/hashtag\/RealZaragozaBurgosCF?src=hash&amp;ref_src=twsrc%5Etfw\">#RealZaragozaBurgosCF<\/a><a href=\"https:\/\/twitter.com\/hashtag\/BurgosCF?src=hash&amp;ref_src=twsrc%5Etfw\">#BurgosCF<\/a> <a href=\"https:\/\/t.co\/mKHF7wcIsA\">pic.twitter.com\/mKHF7wcIsA<\/a><\/p>\n<p>\u2014 Burgos Club de F\u00fatbol (@Burgos_CF) <a href=\"https:\/\/twitter.com\/Burgos_CF\/status\/1996655783786995947?ref_src=twsrc%5Etfw\">December 4, 2025<\/a><\/p><\/blockquote>\n<p><script async src=\"https:\/\/platform.twitter.com\/widgets.js\" charset=\"utf-8\"><\/script><\/p>\n<p>nencia.<\/p>\n","protected":false},"excerpt":{"rendered":"<p>Sinan Bakis es la gran novedad de la alineaci\u00f3n contra el Burgos en la segunda eliminatoria de la Copa por el significado de su regreso. El turco, que ya hab\u00eda contado para Rub\u00e9n Sell\u00e9s en las cuatro \u00faltimas jornadas de Liga en el papel de relevo, vuelve a un once <a class=\"read-more\" href=\"https:\/\/principesdeparis.es\/principes\/19-meses-y-una-cesion-despues-bakis-vuelve-a-la-titularidad-por-delante-de-gomez-y-bazdar\/\">Sigue leyendo<\/a><\/p>\n","protected":false},"author":2,"featured_media":21072,"comment_status":"open","ping_status":"open","sticky":false,"template":"","format":"standard","meta":{"footnotes":""},"categories":[13,1],"tags":[],"class_list":["post-21063","post","type-post","status-publish","format-standard","has-post-thumbnail","hentry","category-publicidad","category-real-zaragoza"],"_links":{"self":[{"href":"https:\/\/principesdeparis.es\/principes\/wp-json\/wp\/v2\/posts\/21063","targetHints":{"allow":["GET"]}}],"collection":[{"href":"https:\/\/principesdeparis.es\/principes\/wp-json\/wp\/v2\/posts"}],"about":[{"href":"https:\/\/principesdeparis.es\/principes\/wp-json\/wp\/v2\/types\/post"}],"author":[{"embeddable":true,"href":"https:\/\/principesdeparis.es\/principes\/wp-json\/wp\/v2\/users\/2"}],"replies":[{"embeddable":true,"href":"https:\/\/principesdeparis.es\/principes\/wp-json\/wp\/v2\/comments?post=21063"}],"version-history":[{"count":19,"href":"https:\/\/principesdeparis.es\/principes\/wp-json\/wp\/v2\/posts\/21063\/revisions"}],"predecessor-version":[{"id":21085,"href":"https:\/\/principesdeparis.es\/principes\/wp-json\/wp\/v2\/posts\/21063\/revisions\/21085"}],"wp:featuredmedia":[{"embeddable":true,"href":"https:\/\/principesdeparis.es\/principes\/wp-json\/wp\/v2\/media\/21072"}],"wp:attachment":[{"href":"https:\/\/principesdeparis.es\/principes\/wp-json\/wp\/v2\/media?parent=21063"}],"wp:term":[{"taxonomy":"category","embeddable":true,"href":"https:\/\/principesdeparis.es\/principes\/wp-json\/wp\/v2\/categories?post=21063"},{"taxonomy":"post_tag","embeddable":true,"href":"https:\/\/principesdeparis.es\/principes\/wp-json\/wp\/v2\/tags?post=21063"}],"curies":[{"name":"wp","href":"https:\/\/api.w.org\/{rel}","templated":true}]}}