{"id":21104,"date":"2025-12-06T20:10:29","date_gmt":"2025-12-06T20:10:29","guid":{"rendered":"https:\/\/principesdeparis.es\/principes\/?p=21104"},"modified":"2025-12-06T23:39:13","modified_gmt":"2025-12-06T23:39:13","slug":"el-recuerdo-indestructible-del-padre","status":"publish","type":"post","link":"https:\/\/principesdeparis.es\/principes\/el-recuerdo-indestructible-del-padre\/","title":{"rendered":"El recuerdo indestructible del padre"},"content":{"rendered":"<p style=\"text-align: center;\"><strong>El Real Zaragoza pierde pero no olvida a Manolo Villanova, una de las m\u00e1s emblem\u00e1ticas y honestas figuras de su historia<\/strong><\/p>\n<p>Manolo Villanova se ha ido a los 83 a\u00f1os sin la mayor\u00eda de sus recuerdos. La enfermedad de Alzheimer que sufr\u00eda fue robando poco a poco la memoria de un hombre que hab\u00eda dedicado la mayor parte de su vida al Real Zaragoza. Primero como portero. Despu\u00e9s como entrenador del filial y del primer equipo. Tambi\u00e9n como director t\u00e9cnico. Ya retirado, consagrando su tiempo a propagar su amor por el club sin traicionar uno de sus grandes valores, esa honestidad que le distingu\u00eda en el elogio y en la cr\u00edtica de la que fue y es su casa. Con \u00e9l parte una de las figuras m\u00e1s emblem\u00e1ticas de la instituci\u00f3n, un infatigable trabajador que cedi\u00f3 su sabidur\u00eda innata y su fuerte car\u00e1cter cuando fue requerido para los diferentes cargos que ocup\u00f3 y dignific\u00f3. En ese adi\u00f3s que la naturaleza pretende torpemente que sea en blanco, la efigie paternal y aut\u00e9ntica de Manolo se eleva indestructible bajo el arco\u00edris de las porter\u00edas que defendi\u00f3 como jugador y junto a los banquillos de La Romareda donde permanece su huella de t\u00e9cnico servicial y en\u00e9rgico.<\/p>\n<p>All\u00ed residir\u00e1 para siempre, en el \u00e1ngulo inmortal del reconocimiento, este zaragozano a quien se le sal\u00eda el coraz\u00f3n del pecho para fustigar cuando lo requer\u00eda el gui\u00f3n de este deporte no apto para pusil\u00e1nimes y para ofrecerlo como c\u00e1lido hogar de todo aquel que se acercaba a escuchar la inmensidad de su latido humano. Ol\u00eda a linimento, a hierba, a vestuario, a cuero&#8230; a verdad. A personaje hecho a s\u00ed mismo, con profundas cicatrices que jam\u00e1s exhibi\u00f3 en p\u00fablico. Hablaba de f\u00fatbol y respiraba por \u00e9l sin tecnicismos, con un lenguaje cuya riqueza resid\u00eda en la simplicidad. No se bes\u00f3 el escudo; posiblemente jam\u00e1s cant\u00f3 el himno ni onde\u00f3 la bandera, pero a Manolo Villanova lo encontrabas en primera l\u00ednea del frente. En todas las batallas donde el Real Zaragoza estuviera en apuros o en peligro, como un padre, sin reproches. Hoy pasea con todos sus recuerdos intactos, inalcanzables para el viento del olvido.<\/p>\n","protected":false},"excerpt":{"rendered":"<p>El Real Zaragoza pierde pero no olvida a Manolo Villanova, una de las m\u00e1s emblem\u00e1ticas y honestas figuras de su historia Manolo Villanova se ha ido a los 83 a\u00f1os sin la mayor\u00eda de sus recuerdos. La enfermedad de Alzheimer que sufr\u00eda fue robando poco a poco la memoria de <a class=\"read-more\" href=\"https:\/\/principesdeparis.es\/principes\/el-recuerdo-indestructible-del-padre\/\">Sigue leyendo<\/a><\/p>\n","protected":false},"author":2,"featured_media":21105,"comment_status":"open","ping_status":"open","sticky":false,"template":"","format":"standard","meta":{"footnotes":""},"categories":[13,1],"tags":[],"class_list":["post-21104","post","type-post","status-publish","format-standard","has-post-thumbnail","hentry","category-publicidad","category-real-zaragoza"],"_links":{"self":[{"href":"https:\/\/principesdeparis.es\/principes\/wp-json\/wp\/v2\/posts\/21104","targetHints":{"allow":["GET"]}}],"collection":[{"href":"https:\/\/principesdeparis.es\/principes\/wp-json\/wp\/v2\/posts"}],"about":[{"href":"https:\/\/principesdeparis.es\/principes\/wp-json\/wp\/v2\/types\/post"}],"author":[{"embeddable":true,"href":"https:\/\/principesdeparis.es\/principes\/wp-json\/wp\/v2\/users\/2"}],"replies":[{"embeddable":true,"href":"https:\/\/principesdeparis.es\/principes\/wp-json\/wp\/v2\/comments?post=21104"}],"version-history":[{"count":2,"href":"https:\/\/principesdeparis.es\/principes\/wp-json\/wp\/v2\/posts\/21104\/revisions"}],"predecessor-version":[{"id":21107,"href":"https:\/\/principesdeparis.es\/principes\/wp-json\/wp\/v2\/posts\/21104\/revisions\/21107"}],"wp:featuredmedia":[{"embeddable":true,"href":"https:\/\/principesdeparis.es\/principes\/wp-json\/wp\/v2\/media\/21105"}],"wp:attachment":[{"href":"https:\/\/principesdeparis.es\/principes\/wp-json\/wp\/v2\/media?parent=21104"}],"wp:term":[{"taxonomy":"category","embeddable":true,"href":"https:\/\/principesdeparis.es\/principes\/wp-json\/wp\/v2\/categories?post=21104"},{"taxonomy":"post_tag","embeddable":true,"href":"https:\/\/principesdeparis.es\/principes\/wp-json\/wp\/v2\/tags?post=21104"}],"curies":[{"name":"wp","href":"https:\/\/api.w.org\/{rel}","templated":true}]}}