{"id":21113,"date":"2025-12-08T18:20:21","date_gmt":"2025-12-08T18:20:21","guid":{"rendered":"https:\/\/principesdeparis.es\/principes\/?p=21113"},"modified":"2025-12-08T18:51:51","modified_gmt":"2025-12-08T18:51:51","slug":"ruben-selles-repite-su-alineacion-clasica-en-malaga","status":"publish","type":"post","link":"https:\/\/principesdeparis.es\/principes\/ruben-selles-repite-su-alineacion-clasica-en-malaga\/","title":{"rendered":"Rub\u00e9n Sell\u00e9s repite su alineaci\u00f3n cl\u00e1sica en M\u00e1laga"},"content":{"rendered":"<p><strong>Andrada, Aguirregabiria, Insua, Radovanovic, Pomares, Keidi Bare, Guti, Francho, Valery,<\/strong> <strong>Sober\u00f3n y Kodro.<\/strong> <strong>Rub\u00e9n Sell\u00e9s<\/strong> repite alineaci\u00f3n por tercera vez esta temporada, Comenz\u00f3 con este once en su primera victoria contra el Huesca, incidi\u00f3 el fin de semana anterior ante el Legan\u00e9s y hoy apuesta por estos mismos jugadores que<strong> le han dado la respuesta competitiva que tanto buscaba<\/strong>.\u00a0 Lo ha hecho con un buen pu\u00f1ado de futbolistas que apenas contaban antes de esa eclosi\u00f3n de buenos resultados,<strong> tres victorias consecutivas<\/strong> que no han sacado al Real Zaragoza de la \u00faltima plaza pero que han impulsado que lo pueda lograr si gana por cuarta vez en La Rosaleda. Dejar ese puesto maldito tendr\u00eda un significado simb\u00f3lico porque a\u00fan seguir\u00eda en zona de descenso, pero supondr\u00eda la reconfirmaci\u00f3n de que su lucha por la permanencia ha pasado del imposible a algo cercano y real, un logro que sin duda lleva el sello de un entrenador que ha hallado soluciones t\u00e1cticas sencillas pero eficaces, que ha convertido una plantilla con evidentes lagunas estructurales en un bloque apto para discutir los partidos.<\/p>\n<p>Desde la quinta jornada lleva el conjunto aragon\u00e9s entre los cuatro \u00faltimos, y desde la novena como farolillo rojo, una traves\u00eda muy dura que por momentos anunciaba un hundimiento irremediable. Pese a su mejora incluso futbol\u00edstica,\u00a0 todav\u00eda contin\u00faa si ya no anclado si en mitad de un mar el hielo, y necesita el triunfo como un est\u00edmulo cuantitativo y cualitativo y como elemento de aproximaci\u00f3n a otros clubes a los que amenazar\u00eda seriamente. El encuentro, como todos los que va superando y los que le esperan, va suponer<strong> un ejercicio may\u00fasculo de esfuerzo, compromiso, disciplina y concentraci\u00f3n, calidades naturales a las que ha recurrido Sell\u00e9s ante la falta de un talento individual determinant<\/strong>e. Tambi\u00e9n ha dotado de ambici\u00f3n el t\u00e9cnico a este grupo en absoluto sobrado de fuerzas,<strong> siempre pendiente de una imprevisible respuesta f\u00edsica<\/strong>. Adri\u00e1n, <strong>Juan Sebastian, Tasende, Tachi, Ale Gomes, Toni Moya, Paul Akouokou, Hugo Pinilla, Sebas Moyano, Cuenca, Dani G\u00f3mez y Sinan Bakis<\/strong> est\u00e1n en el banquillo para la ronda de cambios, cada d\u00eda m\u00e1s trascendente en el f\u00fatbol actual y en un Real Zaragoza que acude a ellos muchas veces con emergencia.<\/p>\n<p><strong>El M\u00e1laga<\/strong>, que tambi\u00e9n cambio de entrenador para corregir su rumbo, lo ha conseguido en parte con <strong>Funes, relevo de Pellicer<\/strong>. Ha sumado cuatro puntos de seis posibles en sus dos \u00faltimos partidos y fundamenta esta estabilidad de media tabla como lo hac\u00eda antes, en<strong> su fortaleza en cas<\/strong>a. S\u00f3lo ha perdido contra el C\u00e1diz en La Rosaleda, donde destaca por su <strong>capacidad goleadora,<\/strong> la tercera mejor como local con 16 tantos, y una estimable conducta defensiva. Aun as\u00ed, a ese aparente equilibrio, su mala respuesta de visitante le tiene muy cerca del peligro, tanto que de perder este lunes el Real Zaragoza se le pondr\u00eda a un punto de distancia dentro de un nutrido pelot\u00f3n de equipos en problemas.<\/p>\n<blockquote class=\"twitter-tweet\">\n<p dir=\"ltr\" lang=\"es\">El de nuestro Real Zaragoza 1\ufe0f\u20e31\ufe0f\u20e3 <a href=\"https:\/\/t.co\/cxcjYO3LtX\">pic.twitter.com\/cxcjYO3LtX<\/a><\/p>\n<p>\u2014 Real Zaragoza (@RealZaragoza) <a href=\"https:\/\/twitter.com\/RealZaragoza\/status\/1998095031832342931?ref_src=twsrc%5Etfw\">December 8, 2025<\/a><\/p><\/blockquote>\n<p><script async src=\"https:\/\/platform.twitter.com\/widgets.js\" charset=\"utf-8\"><\/script><\/p>\n<p>La alineaci\u00f3n del M\u00e1laga<\/p>\n<blockquote class=\"twitter-tweet\">\n<p dir=\"ltr\" lang=\"es\">|| <a href=\"https:\/\/twitter.com\/hashtag\/M%C3%A1lagaRealZaragoza?src=hash&amp;ref_src=twsrc%5Etfw\">#M\u00e1lagaRealZaragoza<\/a> <a href=\"https:\/\/t.co\/SVu2rfAY1z\">pic.twitter.com\/SVu2rfAY1z<\/a><\/p>\n<p>\u2014 M\u00e1laga CF (@MalagaCF) <a href=\"https:\/\/twitter.com\/MalagaCF\/status\/1998096878152638521?ref_src=twsrc%5Etfw\">December 8, 2025<\/a><\/p><\/blockquote>\n<p><script async src=\"https:\/\/platform.twitter.com\/widgets.js\" charset=\"utf-8\"><\/script><\/p>\n","protected":false},"excerpt":{"rendered":"<p>Andrada, Aguirregabiria, Insua, Radovanovic, Pomares, Keidi Bare, Guti, Francho, Valery, Sober\u00f3n y Kodro. Rub\u00e9n Sell\u00e9s repite alineaci\u00f3n por tercera vez esta temporada, Comenz\u00f3 con este once en su primera victoria contra el Huesca, incidi\u00f3 el fin de semana anterior ante el Legan\u00e9s y hoy apuesta por estos mismos jugadores que <a class=\"read-more\" href=\"https:\/\/principesdeparis.es\/principes\/ruben-selles-repite-su-alineacion-clasica-en-malaga\/\">Sigue leyendo<\/a><\/p>\n","protected":false},"author":2,"featured_media":21114,"comment_status":"open","ping_status":"open","sticky":false,"template":"","format":"standard","meta":{"footnotes":""},"categories":[13,1],"tags":[],"class_list":["post-21113","post","type-post","status-publish","format-standard","has-post-thumbnail","hentry","category-publicidad","category-real-zaragoza"],"_links":{"self":[{"href":"https:\/\/principesdeparis.es\/principes\/wp-json\/wp\/v2\/posts\/21113","targetHints":{"allow":["GET"]}}],"collection":[{"href":"https:\/\/principesdeparis.es\/principes\/wp-json\/wp\/v2\/posts"}],"about":[{"href":"https:\/\/principesdeparis.es\/principes\/wp-json\/wp\/v2\/types\/post"}],"author":[{"embeddable":true,"href":"https:\/\/principesdeparis.es\/principes\/wp-json\/wp\/v2\/users\/2"}],"replies":[{"embeddable":true,"href":"https:\/\/principesdeparis.es\/principes\/wp-json\/wp\/v2\/comments?post=21113"}],"version-history":[{"count":10,"href":"https:\/\/principesdeparis.es\/principes\/wp-json\/wp\/v2\/posts\/21113\/revisions"}],"predecessor-version":[{"id":21124,"href":"https:\/\/principesdeparis.es\/principes\/wp-json\/wp\/v2\/posts\/21113\/revisions\/21124"}],"wp:featuredmedia":[{"embeddable":true,"href":"https:\/\/principesdeparis.es\/principes\/wp-json\/wp\/v2\/media\/21114"}],"wp:attachment":[{"href":"https:\/\/principesdeparis.es\/principes\/wp-json\/wp\/v2\/media?parent=21113"}],"wp:term":[{"taxonomy":"category","embeddable":true,"href":"https:\/\/principesdeparis.es\/principes\/wp-json\/wp\/v2\/categories?post=21113"},{"taxonomy":"post_tag","embeddable":true,"href":"https:\/\/principesdeparis.es\/principes\/wp-json\/wp\/v2\/tags?post=21113"}],"curies":[{"name":"wp","href":"https:\/\/api.w.org\/{rel}","templated":true}]}}