{"id":22181,"date":"2026-03-11T11:25:36","date_gmt":"2026-03-11T11:25:36","guid":{"rendered":"https:\/\/principesdeparis.es\/principes\/?p=22181"},"modified":"2026-03-11T11:28:24","modified_gmt":"2026-03-11T11:28:24","slug":"ahorar-a-muerte-con-hugo-pinilla","status":"publish","type":"post","link":"https:\/\/principesdeparis.es\/principes\/ahorar-a-muerte-con-hugo-pinilla\/","title":{"rendered":"Ahora, a muerte con Hugo Pinilla"},"content":{"rendered":"<p style=\"text-align: center;\"><strong>La hoja de ruta establecida por David Navarro implica que el canterano, por cuestiones deportivas y emocionales, debe continuar en la alineaci\u00f3n por lo que resta de temporada<\/strong><\/p>\n<p>\u00bfHugo Pinilla y diez m\u00e1s? Por supuesto. David Navarro, con excelente criterio, hizo debutar en Liga al canterano en un encuentro de m\u00e1ximo riesgo para el que solicit\u00f3, sobre todas las cosas, coraz\u00f3n, y tom\u00f3 el del joven futbolista como faro de una etapa que, seg\u00fan su criterio, ha de ser el camino que conduzca a la permanencia. La respuesta de Pinilla frente a la tragedia de perder a su madre conmovi\u00f3 al t\u00e9cnico y a la afici\u00f3n. Se evalu\u00f3 su capacidad para ser tan productivo o m\u00e1s que compa\u00f1eros como Cumic, Cuenca u otras alternativas y se tuvo en alta consideraci\u00f3n que esas circunstancias tan especiales pudiesen contagiar de compromiso al resto de la plantilla, lo que funcion\u00f3 en C\u00e1diz con un equipo inseparable de sus m\u00faltiples limitaciones pero propulsado por el combustible del corporativismo y la empat\u00eda; tambi\u00e9n con algunas pinceladas estrat\u00e9gicas como regresar a los delanteros y aparcar los experimentos por el mensaje m\u00e1s natural posible. El chico respondi\u00f3 sin pavor alguno con el bal\u00f3n, un detalle nada balad\u00ed en una comunidad aterrorizada cuando hay que maniobrar con la pelota, y su concentraci\u00f3n en el juego fue total. La l\u00f3gica erosi\u00f3n de esos inclementes d\u00edas para todo ser humano le pasaron factura f\u00edsica y fue relevado poco despu\u00e9s de comenzar la segunda parte.<\/p>\n<p>La duda ofende, y no deber\u00eda plantearse bajo ning\u00fan concepto dejar a Pinilla fuera del encuentro de este s\u00e1bado en el Ibercaja Estadio frente al Almer\u00eda. En realidad, tendr\u00eda que ser, salvo circunstancias muy concretas, titular por lo que resta de temporada, 13 jornadas durante las que el Real Zaragoza elevar\u00e1 un altar a dioses que no van a escuchar sus s\u00faplicas. Si quiere un milagro, tendr\u00e1 que gan\u00e1rselo con el sudor de su frente y la sangre que puedan derramar sus rivales m\u00e1s directos. As\u00ed, Navarro no tendr\u00e1 excusa alguna para confirmar su m\u00e1xima confianza en este futbolista de gen\u00e9tica ofensiva, intr\u00e9pido y con el arrojo y la alegr\u00eda que caracteriza a los chicos que suben al primer equipo, un deportista a\u00fan en proyecci\u00f3n pero con los registros suficientes como para ser \u00fatil desde el principio de los partidos. Lo contrario, devolverle al banquillo, supondr\u00eda una contradicci\u00f3n con los valores que quieren implementar el entrenador y sus ayudantes, adem\u00e1s de un gesto que har\u00eda florecer la doble moral en el aprovechamiento de una circunstancia tan delicada para un momento concreto. Habr\u00e1 que estar a la expectativa, pero no hay ninguna raz\u00f3n objetiva para que Pinilla desaparezca de la alineaci\u00f3n. De ocurrir, estar\u00edamos ante una mala decisi\u00f3n t\u00e9cnica y, lo m\u00e1s grave, frente a una aberraci\u00f3n que llevar\u00eda a pensar que su terrible vivencia result\u00f3 material t\u00e1ctico desechable.<\/p>\n<p>El Real Zaragoza tiene en Hugo Pinilla un futbolista sin hacer pero despojado de complejos, lo que le otorga una madurez que no sobra en este equipo doliente y hura\u00f1o. En otros tiempos muy distintos a los actuales &#8211;ni que decir tiene que en Primera&#8211;, su periodo en la escuela hubiese sido bastante prologando, e incluso, como ha ocurrido con otros canteranos, cabe la posibilidad de que tendr\u00eda que haber emigrado en busca de fortuna. Sin embargo, en este contexto donde elegidos para su zona de acci\u00f3n en diferentes mercados como Valery, Paulino, Sebas Moyano, Cumic o Agada han resultado fiascos de \u00f3rdago y el equipo necesita frescura y valent\u00eda para asomar la cabeza de la trinchera que comparte con los aspirantes a Primera RFEF, este zaragozano de 19 a\u00f1os y una t\u00e9cnica muy superior a la media es actor principal. La vida le ha asestado uno de los golpes m\u00e1s duros y lo ha gestionado con entereza, como otros muchos j\u00f3venes de su edad que hallan en esa misma vida la motivaci\u00f3n para superar obst\u00e1culos emocionales de este cruel tonelaje. Y lo ha hecho avalado por la buena lectura humana y profesional de David Navarro y su gente. Entonces, a muerte con \u00e9l que es pura vitalidad.<\/p>\n","protected":false},"excerpt":{"rendered":"<p>La hoja de ruta establecida por David Navarro implica que el canterano, por cuestiones deportivas y emocionales, debe continuar en la alineaci\u00f3n por lo que resta de temporada \u00bfHugo Pinilla y diez m\u00e1s? Por supuesto. David Navarro, con excelente criterio, hizo debutar en Liga al canterano en un encuentro de <a class=\"read-more\" href=\"https:\/\/principesdeparis.es\/principes\/ahorar-a-muerte-con-hugo-pinilla\/\">Sigue leyendo<\/a><\/p>\n","protected":false},"author":2,"featured_media":22182,"comment_status":"open","ping_status":"open","sticky":false,"template":"","format":"standard","meta":{"footnotes":""},"categories":[13,1],"tags":[],"class_list":["post-22181","post","type-post","status-publish","format-standard","has-post-thumbnail","hentry","category-publicidad","category-real-zaragoza"],"_links":{"self":[{"href":"https:\/\/principesdeparis.es\/principes\/wp-json\/wp\/v2\/posts\/22181","targetHints":{"allow":["GET"]}}],"collection":[{"href":"https:\/\/principesdeparis.es\/principes\/wp-json\/wp\/v2\/posts"}],"about":[{"href":"https:\/\/principesdeparis.es\/principes\/wp-json\/wp\/v2\/types\/post"}],"author":[{"embeddable":true,"href":"https:\/\/principesdeparis.es\/principes\/wp-json\/wp\/v2\/users\/2"}],"replies":[{"embeddable":true,"href":"https:\/\/principesdeparis.es\/principes\/wp-json\/wp\/v2\/comments?post=22181"}],"version-history":[{"count":2,"href":"https:\/\/principesdeparis.es\/principes\/wp-json\/wp\/v2\/posts\/22181\/revisions"}],"predecessor-version":[{"id":22184,"href":"https:\/\/principesdeparis.es\/principes\/wp-json\/wp\/v2\/posts\/22181\/revisions\/22184"}],"wp:featuredmedia":[{"embeddable":true,"href":"https:\/\/principesdeparis.es\/principes\/wp-json\/wp\/v2\/media\/22182"}],"wp:attachment":[{"href":"https:\/\/principesdeparis.es\/principes\/wp-json\/wp\/v2\/media?parent=22181"}],"wp:term":[{"taxonomy":"category","embeddable":true,"href":"https:\/\/principesdeparis.es\/principes\/wp-json\/wp\/v2\/categories?post=22181"},{"taxonomy":"post_tag","embeddable":true,"href":"https:\/\/principesdeparis.es\/principes\/wp-json\/wp\/v2\/tags?post=22181"}],"curies":[{"name":"wp","href":"https:\/\/api.w.org\/{rel}","templated":true}]}}