{"id":22185,"date":"2026-03-12T09:01:04","date_gmt":"2026-03-12T09:01:04","guid":{"rendered":"https:\/\/principesdeparis.es\/principes\/?p=22185"},"modified":"2026-03-12T09:01:04","modified_gmt":"2026-03-12T09:01:04","slug":"el-zaragocismo-no-se-dejara-enganar-de-nuevo","status":"publish","type":"post","link":"https:\/\/principesdeparis.es\/principes\/el-zaragocismo-no-se-dejara-enganar-de-nuevo\/","title":{"rendered":"El zaragocismo no se dejar\u00e1 enga\u00f1ar de nuevo"},"content":{"rendered":"<p>La necesidad se define como la carencia o escasez de elementos indispensables para la subsistencia de un ser o un grupo. En el aspecto psicol\u00f3gico o social significa tambi\u00e9n falta de autoestima, afecto y seguridad. Pero en la afici\u00f3n del Real Zaragoza ese sentimiento significa un vac\u00edo existencial, una desesperanza absoluta y seguramente un miedo intenso a lo desconocido. Cualquier posibilidad de cambio es celebrada como aferrarse a una rama cuando est\u00e1s cayendo de una monta\u00f1a, lo que no te va a salvar si ya no tienes fuerzas o se rompe el tallo de ese arbusto.<\/p>\n<p>La continuidad de David Navarro hasta el final de la temporada era la \u00fanica decisi\u00f3n que se pod\u00eda haber tomado. Seg\u00fan tengo entendido ning\u00fan entrenador habr\u00eda querido asumir un riesgo tan alto porque su nombre quedar\u00eda vinculado a la mayor desgracia del equipo aragon\u00e9s en toda su historia, las condiciones econ\u00f3micas eran insuficientes o el contrato deber\u00eda ampliarse hasta la pr\u00f3xima temporada. El t\u00e9cnico zaragozano conoce el club, la situaci\u00f3n dram\u00e1tica de la entidad y adem\u00e1s, la afici\u00f3n tambi\u00e9n ha valorado con gratitud volver a ganar con \u00e9l despu\u00e9s de tanto tiempo. Tambi\u00e9n su expresi\u00f3n honesta y valiente en torno a la dificultad de la permanencia y su actitud de empat\u00eda con Hugo Pinilla, que la recibi\u00f3 el futbolista con seguridad y supo estar a la altura de las circunstancias en el Ram\u00f3n de Carranza.<\/p>\n<p>Siento la lesi\u00f3n de Valery por el dolor que produce una luxaci\u00f3n en el hombro y tener que desplazarse en ambulancia hasta el hospital. Tambi\u00e9n que la confianza depositada en El Yamiq terminase en una serie de lesiones que perjudicaron finalmente al b\u00edceps femoral de su pierna izquierda. Sober\u00f3n sufre unas molestias musculares seguramente influidas por su estado de \u00e1nimo que le ha borrado a lo largo de la temporada de una continuidad en el once titular y a un par de miembros de la plantilla da la impresi\u00f3n que les apetece volver a jugar; otra cosa es lo que decida David Navarro que, desde luego, no se chupa el dedo.<\/p>\n<p>La seguridad defensiva mostrada en C\u00e1diz, salir con dos delanteros, realizar los cambios cuando se necesitaban en vez de esperar siempre a la estad\u00edstica y no tener la sensaci\u00f3n de angustia en los \u00faltimos minutos del partido, han prendido la chispa de la ilusi\u00f3n en muchos aficionados blanquillos. Y eso est\u00e1 bien para motivar a los jugadores para tener m\u00e1s confianza en ellos mismos. Tambi\u00e9n que Sell\u00e9s haya tomado las de Villadiego sin despedirse de una afici\u00f3n a la que critic\u00f3 por una supuesta falta de intensidad en las gradas y, por supuesto, la salida de rodillas a escondidas de Txema Indias, el peor director deportivo del Real Zaragoza con un rendimiento rid\u00edculo y de verg\u00fcenza que nunca podremos olvidar.<\/p>\n<p>Fernando L\u00f3pez queda como el rostro de un Real Zaragoza que ahora se debate en tomar decisiones con urgencia para lavar su imagen pero que est\u00e1 escondido a la busca y captura de nuevos elementos para mejorar su credibilidad ante la afici\u00f3n. Ha admitido la posibilidad del descenso aunque la propiedad asegura que va a luchar para regresar a Segunda Divisi\u00f3n. As\u00ed las cosas, la victoria del s\u00e1bado es tan importante como la de C\u00e1diz y la del pr\u00f3ximo 21 de marzo en La Coru\u00f1a. Y a\u00fan ganando los tres partidos la salvaci\u00f3n no estar\u00eda asegurada.<\/p>\n<p>Competir no es suficiente, hay que ganar. Y el enemigo no es el pr\u00f3ximo adversario sino un conjunto de situaciones que han dejado al club en la UCI; el fracaso de los \u00faltimos proyectos, el desastre de la llegada de Txema Indias; la oscuridad de la propiedad; la distancia entre la afici\u00f3n y sus dirigentes, la p\u00e9sima construcci\u00f3n de la plantilla y la sensaci\u00f3n de que lo \u00fanico importante para ellos era la construcci\u00f3n de la Nueva Romareda. En el fondo son los mismos personajes que se estrellaron con la Fundaci\u00f3n Real Zaragoza 2032 y buscaron a Jorge Mas para que les ayudase a buscar inversionistas y cambiar su imagen. Pero \u00abEl algod\u00f3n no enga\u00f1a\u00bb como dec\u00eda el mayordomo de la empresa de limpieza Tenn entre 1984 y 1996 en un anuncio de televisi\u00f3n. Es decir, si hay suciedad en alg\u00fan sitio quedar\u00e1 enganchada al algod\u00f3n cuando se pase por cualquier superficie aunque parezca limpia. Y estoy seguro que el zaragocismo no se dejar\u00e1 enga\u00f1ar de nuevo.<\/p>\n","protected":false},"excerpt":{"rendered":"<p>La necesidad se define como la carencia o escasez de elementos indispensables para la subsistencia de un ser o un grupo. En el aspecto psicol\u00f3gico o social significa tambi\u00e9n falta de autoestima, afecto y seguridad. Pero en la afici\u00f3n del Real Zaragoza ese sentimiento significa un vac\u00edo existencial, una desesperanza <a class=\"read-more\" href=\"https:\/\/principesdeparis.es\/principes\/el-zaragocismo-no-se-dejara-enganar-de-nuevo\/\">Sigue leyendo<\/a><\/p>\n","protected":false},"author":3,"featured_media":22186,"comment_status":"open","ping_status":"open","sticky":false,"template":"","format":"standard","meta":{"footnotes":""},"categories":[16,13],"tags":[],"class_list":["post-22185","post","type-post","status-publish","format-standard","has-post-thumbnail","hentry","category-el10","category-publicidad"],"_links":{"self":[{"href":"https:\/\/principesdeparis.es\/principes\/wp-json\/wp\/v2\/posts\/22185","targetHints":{"allow":["GET"]}}],"collection":[{"href":"https:\/\/principesdeparis.es\/principes\/wp-json\/wp\/v2\/posts"}],"about":[{"href":"https:\/\/principesdeparis.es\/principes\/wp-json\/wp\/v2\/types\/post"}],"author":[{"embeddable":true,"href":"https:\/\/principesdeparis.es\/principes\/wp-json\/wp\/v2\/users\/3"}],"replies":[{"embeddable":true,"href":"https:\/\/principesdeparis.es\/principes\/wp-json\/wp\/v2\/comments?post=22185"}],"version-history":[{"count":1,"href":"https:\/\/principesdeparis.es\/principes\/wp-json\/wp\/v2\/posts\/22185\/revisions"}],"predecessor-version":[{"id":22187,"href":"https:\/\/principesdeparis.es\/principes\/wp-json\/wp\/v2\/posts\/22185\/revisions\/22187"}],"wp:featuredmedia":[{"embeddable":true,"href":"https:\/\/principesdeparis.es\/principes\/wp-json\/wp\/v2\/media\/22186"}],"wp:attachment":[{"href":"https:\/\/principesdeparis.es\/principes\/wp-json\/wp\/v2\/media?parent=22185"}],"wp:term":[{"taxonomy":"category","embeddable":true,"href":"https:\/\/principesdeparis.es\/principes\/wp-json\/wp\/v2\/categories?post=22185"},{"taxonomy":"post_tag","embeddable":true,"href":"https:\/\/principesdeparis.es\/principes\/wp-json\/wp\/v2\/tags?post=22185"}],"curies":[{"name":"wp","href":"https:\/\/api.w.org\/{rel}","templated":true}]}}