{"id":22188,"date":"2026-03-12T13:20:01","date_gmt":"2026-03-12T13:20:01","guid":{"rendered":"https:\/\/principesdeparis.es\/principes\/?p=22188"},"modified":"2026-03-12T13:46:58","modified_gmt":"2026-03-12T13:46:58","slug":"hugo-pinilla-firma-hasta-el-2030","status":"publish","type":"post","link":"https:\/\/principesdeparis.es\/principes\/hugo-pinilla-firma-hasta-el-2030\/","title":{"rendered":"Hugo Pinilla firma hasta 2030"},"content":{"rendered":"<p>Hugo Pinilla ha prolongado su contrato con el Real Zaragoza dos temporadas m\u00e1s, hasta el a\u00f1o 2030. La vida del joven futbolista de 19 a\u00f1os ha dado un vuelco en todos los sentidos en apenas dos semanas. El pasado viernes debut\u00f3 como titular en Liga de la mano de David Navarro, seis d\u00edas despu\u00e9s de que perdiera prematuramente a su madre, impacto que el jugador intent\u00f3 amortiguar en lo posible\u00a0 aferr\u00e1ndose a su continuidad en los entrenamientos. Ese gesto fue recibido como un ejemplo de superaci\u00f3n y compromiso por el t\u00e9cnico, quien ante una situaci\u00f3n dur\u00edsima del equipo en el plano deportivo, eligi\u00f3 a Pinilla como bandera emocional para obrar un milagro en el campeonato, la permanencia en Segunda.\u00a0 Particip\u00f3 en la victoria en el Carranza y la nueva direcci\u00f3n deportiva, con Lalo Arantegui a la cabeza, afront\u00f3 de inmediato una pr\u00f3rroga de su contrato que se ha confirmado hoy, una apuesta de futuro por un jugador de gran proyecci\u00f3n que seguir\u00e1 ligado como pieza b\u00e1sica a la primera plantilla en esta complicada recta final. El jugador, confirmada la r\u00fabrica, subi\u00f3 un emotivo v\u00eddeo: \u00abLa vida es para los valientes\u00bb, una frase que pronunci\u00f3 al final del encuentro en C\u00e1diz y que ha calado en el coraz\u00f3n del zaragocismo, tan necesitado de referentes de todo tipo. Tambi\u00e9n el de un chico que sabe sufrir en la liga m\u00e1s dif\u00edcil para todo ser humano, la de los golpes para los que nadie est\u00e1 preparado.<\/p>\n<p><iframe loading=\"lazy\" title=\"YouTube video player\" src=\"https:\/\/www.youtube.com\/embed\/siDvKqEjd1M?si=JeHLEWXxyqL2VETJ\" width=\"560\" height=\"315\" frameborder=\"0\" allowfullscreen=\"allowfullscreen\"><\/iframe><\/p>\n<h3><strong>Texto redactado por el club<\/strong><\/h3>\n<p>El <strong>Real Zaragoza<\/strong>\u00a0y el atacante\u00a0<a title=\"Hugo Pinilla Ruiz\" href=\"https:\/\/www.realzaragoza.com\/jugadores\/hugo-pinilla\" target=\"_blank\" rel=\"noopener\"><strong>Hugo Pinilla Ruiz<\/strong><\/a>\u00a0han llegado a un acuerdo para la renovaci\u00f3n del canterano hasta 2030.<\/p>\n<p><strong>En la entidad desde alevines<\/strong><\/p>\n<p>Hugo Pinilla [Zaragoza, 28\/04\/2006] aterriz\u00f3 en la entidad blanquilla en la\u00a0<strong>categor\u00eda de Alev\u00edn<\/strong>, donde ha quemado etapas hasta alcanzar el primer equipo, con el que entr\u00f3 en la din\u00e1mica de los entrenamientos desde finales de la campa\u00f1a anterior e inicios de la presente 2025\/26.<\/p>\n<p>Ya en etapa juvenil, su\u00a0<strong>el\u00e9ctrico\u00a0<\/strong><strong>desborde y olfato de gol<\/strong>\u00a0desde las bandas ofensivas le convirtieron en un asiduo de los planes de Javier Garc\u00e9s en Divisi\u00f3n de Honor, disputando 30 partidos en la 2023\/24. Su buen nivel le permiti\u00f3 debutar en el Deportivo Arag\u00f3n en mayo de 2024 ante el Calahorra, participando con 18 a\u00f1os reci\u00e9n cumplidos en la\u00a0<strong>expedici\u00f3n a Pontevedra en la vuelta del playoff de ascenso a 1\u00aa RFEF<\/strong>\u00a0del equipo de Emilio Larraz.<\/p>\n<p><strong>Llegada al primer equipo\u00a0<\/strong><\/p>\n<p>La oportunidad profesional de Hugo con el primer equipo del Real Zaragoza le vino con el cierre de la temporada 2024\/25 el<strong>\u00a030 de mayo de 2025 en Castell\u00f3n<\/strong>, cuando salt\u00f3 al c\u00e9sped en el minuto 75. En la presente temporada, Pinilla ha contado con minutos en Copa del Rey ante UD Mutilvera y Burgos CF, as\u00ed como en LaLiga Hypermotion ante Real Valladolid, Almer\u00eda y la\u00a0<a title=\"victoria de la pasada semana pasada en C\u00e1diz\" href=\"https:\/\/www.realzaragoza.com\/noticias\/el-real-zaragoza-amarra-la-victoria-en-cadiz\" target=\"_blank\" rel=\"noopener\">victoria de la semana pasada en C\u00e1diz<\/a>, esta \u00faltima\u00a0<strong>jugando desde el inicio<\/strong>\u00a0por primera vez en la competici\u00f3n.<\/p>\n<p>Con esta renovaci\u00f3n, el Real Zaragoza refuerza su compromiso con la cantera, apostando por un\u00a0<strong>talento zaragocista<\/strong>\u00a0gigante como el de Pinilla de cara a los objetivos del Club.<\/p>\n<p><strong>\u00a1Enhorabuena y a por todas, Hugo!<\/strong><\/p>\n<p>&nbsp;<\/p>\n<blockquote class=\"twitter-tweet\">\n<p dir=\"ltr\" lang=\"es\">La vida es para los valientes<\/p>\n<p>Por eso eres del Real Zaragoza, Hugo<\/p>\n<p>2\ufe0f\u20e30\ufe0f\u20e33\ufe0f\u20e30\ufe0f\u20e3 <a href=\"https:\/\/t.co\/b3p0eMSZ1E\">pic.twitter.com\/b3p0eMSZ1E<\/a><\/p>\n<p>\u2014 Real Zaragoza (@RealZaragoza) <a href=\"https:\/\/twitter.com\/RealZaragoza\/status\/2032081169441796228?ref_src=twsrc%5Etfw\">March 12, 2026<\/a><\/p><\/blockquote>\n<p><script async src=\"https:\/\/platform.twitter.com\/widgets.js\" charset=\"utf-8\"><\/script><\/p>\n","protected":false},"excerpt":{"rendered":"<p>Hugo Pinilla ha prolongado su contrato con el Real Zaragoza dos temporadas m\u00e1s, hasta el a\u00f1o 2030. La vida del joven futbolista de 19 a\u00f1os ha dado un vuelco en todos los sentidos en apenas dos semanas. El pasado viernes debut\u00f3 como titular en Liga de la mano de David <a class=\"read-more\" href=\"https:\/\/principesdeparis.es\/principes\/hugo-pinilla-firma-hasta-el-2030\/\">Sigue leyendo<\/a><\/p>\n","protected":false},"author":2,"featured_media":22199,"comment_status":"open","ping_status":"open","sticky":false,"template":"","format":"standard","meta":{"footnotes":""},"categories":[13,1],"tags":[],"class_list":["post-22188","post","type-post","status-publish","format-standard","has-post-thumbnail","hentry","category-publicidad","category-real-zaragoza"],"_links":{"self":[{"href":"https:\/\/principesdeparis.es\/principes\/wp-json\/wp\/v2\/posts\/22188","targetHints":{"allow":["GET"]}}],"collection":[{"href":"https:\/\/principesdeparis.es\/principes\/wp-json\/wp\/v2\/posts"}],"about":[{"href":"https:\/\/principesdeparis.es\/principes\/wp-json\/wp\/v2\/types\/post"}],"author":[{"embeddable":true,"href":"https:\/\/principesdeparis.es\/principes\/wp-json\/wp\/v2\/users\/2"}],"replies":[{"embeddable":true,"href":"https:\/\/principesdeparis.es\/principes\/wp-json\/wp\/v2\/comments?post=22188"}],"version-history":[{"count":11,"href":"https:\/\/principesdeparis.es\/principes\/wp-json\/wp\/v2\/posts\/22188\/revisions"}],"predecessor-version":[{"id":22201,"href":"https:\/\/principesdeparis.es\/principes\/wp-json\/wp\/v2\/posts\/22188\/revisions\/22201"}],"wp:featuredmedia":[{"embeddable":true,"href":"https:\/\/principesdeparis.es\/principes\/wp-json\/wp\/v2\/media\/22199"}],"wp:attachment":[{"href":"https:\/\/principesdeparis.es\/principes\/wp-json\/wp\/v2\/media?parent=22188"}],"wp:term":[{"taxonomy":"category","embeddable":true,"href":"https:\/\/principesdeparis.es\/principes\/wp-json\/wp\/v2\/categories?post=22188"},{"taxonomy":"post_tag","embeddable":true,"href":"https:\/\/principesdeparis.es\/principes\/wp-json\/wp\/v2\/tags?post=22188"}],"curies":[{"name":"wp","href":"https:\/\/api.w.org\/{rel}","templated":true}]}}