{"id":22671,"date":"2026-04-26T15:23:10","date_gmt":"2026-04-26T15:23:10","guid":{"rendered":"https:\/\/principesdeparis.es\/principes\/?p=22671"},"modified":"2026-04-26T15:57:50","modified_gmt":"2026-04-26T15:57:50","slug":"mawuli-y-cuenca-novedades-frente-al-huesca","status":"publish","type":"post","link":"https:\/\/principesdeparis.es\/principes\/mawuli-y-cuenca-novedades-frente-al-huesca\/","title":{"rendered":"Mawuli y Cuenca, novedades frente al Huesca"},"content":{"rendered":"<p>El Real Zaragoza presentan tan s\u00f3lo un par de novedades en el once para el encuentro de esta tarde en El Alcoraz y otra en la citaci\u00f3n, la de un Ra\u00fal Guti que regresa despu\u00e9s de tres meses de baja. Mawuli entra en el centro del campo por el lesionado Keidi Bare y Cuenca ocupa la posici\u00f3n de Pinilla en el carril izquierdo ofensivo. El resto del once es el mismo que igual\u00f3 frente al Ceuta, de nuevo con un solo punta, Dani G\u00f3mez. El partido, en el que no habr\u00e1 afici\u00f3n zaragocista al negar la entidad altoaragonesa la venta de entradas a la hinchada blanquilla, despide azufre por lo que hay en juego para ambos conjuntos, que necesitan el triunfo para seguir creyendo en la salvaci\u00f3n. Los seguidores del Real Zaragoza, pese a los obst\u00e1culos, han acudido al campo para recibir y animar a su equipo.<\/p>\n<blockquote class=\"twitter-tweet\">\n<p dir=\"ltr\" lang=\"es\">Muy buen ambiente en la quedada del zaragocismo en Huesca. Cerca de 300 personas se congregan en el bar casting de Huesca en la quedada organizada por gol de pie <a href=\"https:\/\/t.co\/5o6KPFuI5C\">pic.twitter.com\/5o6KPFuI5C<\/a><\/p>\n<p>\u2014 El Peri\u00f3dico de Arag\u00f3n (@periodicoaragon) <a href=\"https:\/\/twitter.com\/periodicoaragon\/status\/2048415505707372602?ref_src=twsrc%5Etfw\">April 26, 2026<\/a><\/p><\/blockquote>\n<p><script async src=\"https:\/\/platform.twitter.com\/widgets.js\" charset=\"utf-8\"><\/script><\/p>\n<blockquote class=\"twitter-tweet\">\n<p dir=\"ltr\" lang=\"es\">Porque te quiero<\/p>\n<p>Te vengo a ver  <a href=\"https:\/\/t.co\/QyJCtOzYvN\">pic.twitter.com\/QyJCtOzYvN<\/a><\/p>\n<p>\u2014 Real Zaragoza (@RealZaragoza) <a href=\"https:\/\/twitter.com\/RealZaragoza\/status\/2048426646839930922?ref_src=twsrc%5Etfw\">April 26, 2026<\/a><\/p><\/blockquote>\n<p><script async src=\"https:\/\/platform.twitter.com\/widgets.js\" charset=\"utf-8\"><\/script><\/p>\n<p>El equipo de David Navarro lleva cuatro jornadas sin sumar de tres y los azulgrana,\u00a0 los seis de Jos\u00e9 Luis Oltra y los cinco anteriores con Bolo antes de ser destituido. A falta de seis jornadas para el t\u00e9rmino del campeonato, el Real Zaragoza podr\u00eda salir de los puestos de descenso si vence y el C\u00e1diz pierde en el Carranza ma\u00f1ana contra el Las Palmas, lo que producir\u00eda un empate a 38 puntos favorable a los de Navarro por coeficiente goleador general. El Huesca hace las mismas cuentas con los gaditanos y su macrocrisis en el punto de mira, pero su situaci\u00f3n es a\u00fan m\u00e1s delicada porque esta puede ser su \u00faltima oportunidad en el caso de no ganar en el duelo regional. Oltra introduce cuatro cambios como mucha sustancia en la alineaci\u00f3n. Pulido, Sielva y Enrich regresan al once titular.<\/p>\n<blockquote class=\"twitter-tweet\">\n<p lang=\"es\" dir=\"ltr\">Este es nuestro  en Huesca &#x2694;&#xfe0f; <a href=\"https:\/\/t.co\/QVK66S5Yfz\">pic.twitter.com\/QVK66S5Yfz<\/a><\/p>\n<p>&mdash; Real Zaragoza (@RealZaragoza) <a href=\"https:\/\/twitter.com\/RealZaragoza\/status\/2048421382468329766?ref_src=twsrc%5Etfw\">April 26, 2026<\/a><\/p><\/blockquote>\n<p> <script async src=\"https:\/\/platform.twitter.com\/widgets.js\" charset=\"utf-8\"><\/script><\/p>\n<p><strong>La alineaci\u00f3n de la SD Huesca<\/strong><\/p>\n<blockquote class=\"twitter-tweet\">\n<p dir=\"ltr\" lang=\"es\">ALINEACI\u00d3N | .<\/p>\n<p>&#x2694;&#xfe0f; As\u00ed sale el equipo en El Alcoraz.<br \/>\n<a href=\"https:\/\/twitter.com\/hashtag\/LaLigaHypermotion?src=hash&amp;ref_src=twsrc%5Etfw\">#LaLigaHypermotion<\/a> | <a href=\"https:\/\/twitter.com\/hashtag\/HuescaRealZaragoza?src=hash&amp;ref_src=twsrc%5Etfw\">#HuescaRealZaragoza<\/a> <a href=\"https:\/\/t.co\/f4iMHKwTCp\">pic.twitter.com\/f4iMHKwTCp<\/a><\/p>\n<p>\u2014 SD Huesca (@SDHuesca) <a href=\"https:\/\/twitter.com\/SDHuesca\/status\/2048420586246877241?ref_src=twsrc%5Etfw\">April 26, 2026<\/a><\/p><\/blockquote>\n<p><script async src=\"https:\/\/platform.twitter.com\/widgets.js\" charset=\"utf-8\"><\/script><\/p>\n<blockquote class=\"twitter-tweet\">\n<p dir=\"ltr\" lang=\"es\">Siempre a tu lado, Real Zaragoza <a href=\"https:\/\/t.co\/RKDb2cRnFy\">pic.twitter.com\/RKDb2cRnFy<\/a><\/p>\n<p>\u2014 Real Zaragoza (@RealZaragoza) <a href=\"https:\/\/twitter.com\/RealZaragoza\/status\/2048421139316089131?ref_src=twsrc%5Etfw\">April 26, 2026<\/a><\/p><\/blockquote>\n<p><script async src=\"https:\/\/platform.twitter.com\/widgets.js\" charset=\"utf-8\"><\/script><\/p>\n<blockquote class=\"twitter-tweet\">\n<p lang=\"es\" dir=\"ltr\">\u00bfQu\u00e9 te parece lo de Fernando L\u00f3pez y Mariano Aguilar en el palco de El Alcoraz mientras la afici\u00f3n del Real Zaragoza queda excluida del partido?<\/p>\n<p>&mdash; Alfonso Hernandez (@alfonherndez) <a href=\"https:\/\/twitter.com\/alfonherndez\/status\/2048114903244779974?ref_src=twsrc%5Etfw\">April 25, 2026<\/a><\/p><\/blockquote>\n<p> <script async src=\"https:\/\/platform.twitter.com\/widgets.js\" charset=\"utf-8\"><\/script><\/p>\n","protected":false},"excerpt":{"rendered":"<p>El Real Zaragoza presentan tan s\u00f3lo un par de novedades en el once para el encuentro de esta tarde en El Alcoraz y otra en la citaci\u00f3n, la de un Ra\u00fal Guti que regresa despu\u00e9s de tres meses de baja. Mawuli entra en el centro del campo por el lesionado <a class=\"read-more\" href=\"https:\/\/principesdeparis.es\/principes\/mawuli-y-cuenca-novedades-frente-al-huesca\/\">Sigue leyendo<\/a><\/p>\n","protected":false},"author":2,"featured_media":22673,"comment_status":"open","ping_status":"open","sticky":false,"template":"","format":"standard","meta":{"footnotes":""},"categories":[13,1],"tags":[],"class_list":["post-22671","post","type-post","status-publish","format-standard","has-post-thumbnail","hentry","category-publicidad","category-real-zaragoza"],"_links":{"self":[{"href":"https:\/\/principesdeparis.es\/principes\/wp-json\/wp\/v2\/posts\/22671","targetHints":{"allow":["GET"]}}],"collection":[{"href":"https:\/\/principesdeparis.es\/principes\/wp-json\/wp\/v2\/posts"}],"about":[{"href":"https:\/\/principesdeparis.es\/principes\/wp-json\/wp\/v2\/types\/post"}],"author":[{"embeddable":true,"href":"https:\/\/principesdeparis.es\/principes\/wp-json\/wp\/v2\/users\/2"}],"replies":[{"embeddable":true,"href":"https:\/\/principesdeparis.es\/principes\/wp-json\/wp\/v2\/comments?post=22671"}],"version-history":[{"count":15,"href":"https:\/\/principesdeparis.es\/principes\/wp-json\/wp\/v2\/posts\/22671\/revisions"}],"predecessor-version":[{"id":22687,"href":"https:\/\/principesdeparis.es\/principes\/wp-json\/wp\/v2\/posts\/22671\/revisions\/22687"}],"wp:featuredmedia":[{"embeddable":true,"href":"https:\/\/principesdeparis.es\/principes\/wp-json\/wp\/v2\/media\/22673"}],"wp:attachment":[{"href":"https:\/\/principesdeparis.es\/principes\/wp-json\/wp\/v2\/media?parent=22671"}],"wp:term":[{"taxonomy":"category","embeddable":true,"href":"https:\/\/principesdeparis.es\/principes\/wp-json\/wp\/v2\/categories?post=22671"},{"taxonomy":"post_tag","embeddable":true,"href":"https:\/\/principesdeparis.es\/principes\/wp-json\/wp\/v2\/tags?post=22671"}],"curies":[{"name":"wp","href":"https:\/\/api.w.org\/{rel}","templated":true}]}}